{"id":129,"date":"2022-02-07T10:37:29","date_gmt":"2022-02-07T09:37:29","guid":{"rendered":"http:\/\/agora.xtec.cat\/cfgselgalliner\/?p=129"},"modified":"2022-02-11T13:04:42","modified_gmt":"2022-02-11T12:04:42","slug":"primeraproduccioexalumna","status":"publish","type":"post","link":"https:\/\/agora.xtec.cat\/cfgselgalliner\/portada\/primeraproduccioexalumna\/","title":{"rendered":"Primera producci\u00f3 d&#8217;una exalumna"},"content":{"rendered":"<div>\r\n\t<div class=\"slideshow_container slideshow_container_style-light\" style=\"height: 500px; \" data-slideshow-id=\"576\" data-style-name=\"style-light\" data-style-version=\"2.3.1\" >\r\n\r\n\t\t\t\t\t<div class=\"slideshow_loading_icon\"><\/div>\r\n\t\t\r\n\t\t<div class=\"slideshow_content\" style=\"display: none;\">\r\n\r\n\t\t\t<div class=\"slideshow_view\">\r\n\t\t\t\t<div class=\"slideshow_slide slideshow_slide_image\">\r\n\t\t\t\t\t\t\t\t\t\t\t<img src=\"https:\/\/agora.xtec.cat\/cfgselgalliner\/wp-content\/uploads\/usu2282\/2022\/02\/Silvia-Poch-2-WEB-scaled.jpg\" alt=\"Fotografia: S\u00edlvia Poch\" width=\"2560\" height=\"1707\" \/>\r\n\t\t\t\t\t\t\t\t\t\t<div class=\"slideshow_description_box slideshow_transparent\">\r\n\t\t\t\t\t\t<div class=\"slideshow_title\">Fotografia: S\u00edlvia Poch<\/div>\t\t\t\t\t\t<div class=\"slideshow_description\">.<\/div>\t\t\t\t\t<\/div>\r\n\t\t\t\t<\/div>\r\n\r\n\t\t\t\t\t\t<div style=\"clear: both;\"><\/div><\/div><div class=\"slideshow_view\">\r\n\t\t\t\t<div class=\"slideshow_slide slideshow_slide_image\">\r\n\t\t\t\t\t\t\t\t\t\t\t<img src=\"https:\/\/agora.xtec.cat\/cfgselgalliner\/wp-content\/uploads\/usu2282\/2022\/02\/Silvia-Poch-4-WEB-scaled.jpg\" alt=\"Fotografia: S\u00edlvia Poch\" width=\"2560\" height=\"1707\" \/>\r\n\t\t\t\t\t\t\t\t\t\t<div class=\"slideshow_description_box slideshow_transparent\">\r\n\t\t\t\t\t\t<div class=\"slideshow_title\">Fotografia: S\u00edlvia Poch<\/div>\t\t\t\t\t\t<div class=\"slideshow_description\">.<\/div>\t\t\t\t\t<\/div>\r\n\t\t\t\t<\/div>\r\n\r\n\t\t\t\t\t\t<div style=\"clear: both;\"><\/div><\/div><div class=\"slideshow_view\">\r\n\t\t\t\t<div class=\"slideshow_slide slideshow_slide_image\">\r\n\t\t\t\t\t\t\t\t\t\t\t<img src=\"https:\/\/agora.xtec.cat\/cfgselgalliner\/wp-content\/uploads\/usu2282\/2022\/02\/Silvia-Poch-1-WEB-scaled.jpg\" alt=\"Fotografia: S\u00edlvia Poch\" width=\"2560\" height=\"1707\" \/>\r\n\t\t\t\t\t\t\t\t\t\t<div class=\"slideshow_description_box slideshow_transparent\">\r\n\t\t\t\t\t\t<div class=\"slideshow_title\">Fotografia: S\u00edlvia Poch<\/div>\t\t\t\t\t\t<div class=\"slideshow_description\">.<\/div>\t\t\t\t\t<\/div>\r\n\t\t\t\t<\/div>\r\n\r\n\t\t\t\t\t\t<div style=\"clear: both;\"><\/div><\/div>\r\n\t\t<\/div>\r\n\r\n\t\t<div class=\"slideshow_controlPanel slideshow_transparent\" style=\"display: none;\"><ul><li class=\"slideshow_togglePlay\" data-play-text=\"Visualitza\" data-pause-text=\"Pausa\"><\/li><\/ul><\/div>\r\n\r\n\t\t<div class=\"slideshow_button slideshow_previous slideshow_transparent\" role=\"button\" data-previous-text=\"Anterior\" style=\"display: none;\"><\/div>\r\n\t\t<div class=\"slideshow_button slideshow_next slideshow_transparent\" role=\"button\" data-next-text=\"Seg\u00fcent\" style=\"display: none;\"><\/div>\r\n\r\n\t\t<div class=\"slideshow_pagination\" style=\"display: none;\" data-go-to-text=\"V\u00e9s a la diapositiva\"><div class=\"slideshow_pagination_center\"><\/div><\/div>\r\n\r\n\t\t<!-- WordPress Slideshow Version 2.3.1 -->\r\n\r\n\t\t\t<\/div>\r\n\r\n<\/div>\n<p>&nbsp;<\/p>\n<p>Laura Masmiquel, exalumna de la primera promoci\u00f3 del CFGS en T\u00e8cniques d&#8217;Actuaci\u00f3 Teatral d&#8217;El Galliner, estrena la seva primera producci\u00f3 professional.<\/p>\n<p>L&#8217;obra, titulada <em>Inundes tot l&#8217;espai<\/em>, s&#8217;estrena els dies 12 i 13 de febrer a la <a href=\"http:\/\/www.laplaneta.cat\/ca\/programacio\/c\/1243-inundes-tot-lespai.html?goto=funcions\">Sala La Planeta de Girona<\/a>. La dramat\u00fargia de l&#8217;obra ha anat a c\u00e0rrec de la pr\u00f2pia Laura Masmiquel a qui, juntament amb Xavi Barnils, tamb\u00e9 la trobarem com a actriu. Els professionals Mireia Vall\u00e8s i Pablo Paz, actuals professors del CFGS, d&#8217;El Galliner, en porten la direcci\u00f3 i l&#8217;espai esc\u00e8nic, respectivament.<\/p>\n<p>Es tracta, doncs, d&#8217;un projecte giron\u00ed ambici\u00f3s, que posar\u00e0 dalt de l&#8217;escenari una doble pregunta per a l&#8217;espectador: \u00e9s possible crear en un m\u00f3n basat en la productivitat? Es pot con\u00e8ixer realment una persona o tothom viu rere una m\u00e0scara?<\/p>\n","protected":false},"excerpt":{"rendered":"<p>Laura Masmiquel, exalumna de la primera promoci\u00f3 del CFGS en T\u00e8cniques d&#8217;Actuaci\u00f3 Teatral d&#8217;El Galliner, estrena la seva primera producci\u00f3 professional.&hellip;  <a href=\"https:\/\/agora.xtec.cat\/cfgselgalliner\/portada\/primeraproduccioexalumna\/\" title=\"Read Primera producci\u00f3 d&#8217;una exalumna\">Llegeix m\u00e9s\u00bb<\/a><\/p>\n","protected":false},"author":1,"featured_media":610,"comment_status":"open","ping_status":"closed","sticky":false,"template":"","format":"standard","meta":{"_bbp_topic_count":0,"_bbp_reply_count":0,"_bbp_total_topic_count":0,"_bbp_total_reply_count":0,"_bbp_voice_count":0,"_bbp_anonymous_reply_count":0,"_bbp_topic_count_hidden":0,"_bbp_reply_count_hidden":0,"_bbp_forum_subforum_count":0,"footnotes":""},"categories":[29],"tags":[85,94,96,86,87,40,95],"class_list":["post-129","post","type-post","status-publish","format-standard","has-post-thumbnail","hentry","category-portada","tag-alumna","tag-cfgs","tag-estudiar","tag-sala-la-planeta","tag-taller","tag-teatre","tag-tecniques-dactuacio-teatral"],"post_mailing_queue_ids":[],"_links":{"self":[{"href":"https:\/\/agora.xtec.cat\/cfgselgalliner\/wp-json\/wp\/v2\/posts\/129","targetHints":{"allow":["GET"]}}],"collection":[{"href":"https:\/\/agora.xtec.cat\/cfgselgalliner\/wp-json\/wp\/v2\/posts"}],"about":[{"href":"https:\/\/agora.xtec.cat\/cfgselgalliner\/wp-json\/wp\/v2\/types\/post"}],"author":[{"embeddable":true,"href":"https:\/\/agora.xtec.cat\/cfgselgalliner\/wp-json\/wp\/v2\/users\/1"}],"replies":[{"embeddable":true,"href":"https:\/\/agora.xtec.cat\/cfgselgalliner\/wp-json\/wp\/v2\/comments?post=129"}],"version-history":[{"count":3,"href":"https:\/\/agora.xtec.cat\/cfgselgalliner\/wp-json\/wp\/v2\/posts\/129\/revisions"}],"predecessor-version":[{"id":648,"href":"https:\/\/agora.xtec.cat\/cfgselgalliner\/wp-json\/wp\/v2\/posts\/129\/revisions\/648"}],"wp:featuredmedia":[{"embeddable":true,"href":"https:\/\/agora.xtec.cat\/cfgselgalliner\/wp-json\/wp\/v2\/media\/610"}],"wp:attachment":[{"href":"https:\/\/agora.xtec.cat\/cfgselgalliner\/wp-json\/wp\/v2\/media?parent=129"}],"wp:term":[{"taxonomy":"category","embeddable":true,"href":"https:\/\/agora.xtec.cat\/cfgselgalliner\/wp-json\/wp\/v2\/categories?post=129"},{"taxonomy":"post_tag","embeddable":true,"href":"https:\/\/agora.xtec.cat\/cfgselgalliner\/wp-json\/wp\/v2\/tags?post=129"}],"curies":[{"name":"wp","href":"https:\/\/api.w.org\/{rel}","templated":true}]}}