{"id":3936,"date":"2025-07-09T10:36:53","date_gmt":"2025-07-09T08:36:53","guid":{"rendered":"https:\/\/agora.xtec.cat\/cfavilafrancadelpenedes\/?p=3936"},"modified":"2025-09-02T14:06:34","modified_gmt":"2025-09-02T12:06:34","slug":"publicacio-de-les-llistes-amb-el-barem-provisional-curs-2025-2026","status":"publish","type":"post","link":"https:\/\/agora.xtec.cat\/cfavilafrancadelpenedes\/general\/publicacio-de-les-llistes-amb-el-barem-provisional-curs-2025-2026\/","title":{"rendered":"Publicaci\u00f3 de les llistes amb el barem definitiu Curs: 2025\/2026"},"content":{"rendered":"\n<h4 class=\"wp-block-heading\">Si et vas matricular del 19 al 27 de juny de 2025, pots consultar aqu\u00ed les llistes:<\/h4>\n\n\n\n<ul class=\"wp-block-list\">\n<li>Pots consultar-la fent clic aqu\u00ed: <a href=\"https:\/\/drive.google.com\/file\/d\/1zgx3hBTFGkIXksBrYTtfzlL8JJXBiwSN\/view\" target=\"_blank\" rel=\"noreferrer noopener\">LLISTES AMB EL BAREM PROVISIONAL. CURS 2025 \/ 2026<\/a><\/li>\n\n\n\n<li>Sorteig, el 7 de juliol: n\u00famero de desempat 21241.<\/li>\n\n\n\n<li>Per\u00edode de reclamacions, des del 4 al 9 de juliol: per fer una reclamaci\u00f3, truca\u2019ns (938 90 53 77), escriu un correu electr\u00f2nic (vilafranca@cfavilafranca.cat) o vine al centre presencialment de 11 a 12:00 de dilluns a dijous.<\/li>\n\n\n\n<li>Publicaci\u00f3 de la llista amb el barem definitiu, l\u201911 de juliol (a partir de les 14h): <a href=\"https:\/\/drive.google.com\/file\/d\/1889i-h2HYpXix_3wvvGEOaSRbiAJ89aM\/view?usp=sharing\" target=\"_blank\" rel=\"noreferrer noopener\">LLISTES AMB EL BAREM DEFINITIU. CURS 2025 \/ 2026<\/a><\/li>\n\n\n\n<li>Publicaci\u00f3 de la llista definitiva de sol\u00b7licituds AMB PERSONES QUE HAN OBTINGUT PLA\u00c7A, el 16 de juliol (a partir de les 14h):&nbsp;\n<ul class=\"wp-block-list\">\n<li><a href=\"https:\/\/drive.google.com\/file\/d\/1ya-6YsyDFhCU81VuNlBS5sQ1rm7lMfUa\/view?usp=sharing\" target=\"_blank\" rel=\"noreferrer noopener\">Relaci\u00f3 d\u2019alumnes assignats al centre<\/a><\/li>\n\n\n\n<li><a href=\"https:\/\/drive.google.com\/file\/d\/1EV45dJrocq2g-5WVw7rClZj-7zmER1GQ\/view?usp=sharing\" target=\"_blank\" rel=\"noreferrer noopener\">Llista d\u2019espera<\/a><\/li>\n<\/ul>\n<\/li>\n<\/ul>\n\n\n\n<figure class=\"wp-block-table\"><table class=\"has-fixed-layout\"><tbody><tr><td class=\"has-text-align-center\" data-align=\"center\">RECORDEU QUE SI HEU ESTAT ADMESOS HEU DE VENIR A MATRICULAR-VOS: <br><br>DEL 2 AL 9 DE SETEMBRE DE 17:00 a 19:00. <br><br>ELS GRUPS AMB LLISTA D&#8217;ESPERA A LA SEU DE VILAFRANCA S\u00d3N: Instrumental 1, Castell\u00e0 1 ,2 i 3, Catal\u00e0 1 i 2. <br><br>(A la subseu de Sant Sadurn\u00ed, els grups Instrumental 1, Castell\u00e0 1 i Catal\u00e0 1 no tenen llista d&#8217;espera)<\/td><\/tr><\/tbody><\/table><\/figure>\n\n\n\n<p><\/p>\n","protected":false},"excerpt":{"rendered":"<p>Si et vas matricular del 19 al 27 de juny de 2025, pots consultar aqu\u00ed les llistes: RECORDEU QUE SI HEU ESTAT ADMESOS HEU DE VENIR A MATRICULAR-VOS: DEL 2 AL 9 DE SETEMBRE DE 17:00 a 19:00. ELS GRUPS AMB LLISTA D&#8217;ESPERA A LA SEU DE VILAFRANCA S\u00d3N: Instrumental 1, Castell\u00e0 1 ,2 i [&hellip;]<\/p>\n","protected":false},"author":1,"featured_media":3930,"comment_status":"open","ping_status":"open","sticky":false,"template":"","format":"standard","meta":{"_bbp_topic_count":0,"_bbp_reply_count":0,"_bbp_total_topic_count":0,"_bbp_total_reply_count":0,"_bbp_voice_count":0,"_bbp_anonymous_reply_count":0,"_bbp_topic_count_hidden":0,"_bbp_reply_count_hidden":0,"_bbp_forum_subforum_count":0,"site-sidebar-layout":"default","site-content-layout":"","ast-site-content-layout":"default","site-content-style":"default","site-sidebar-style":"default","ast-global-header-display":"","ast-banner-title-visibility":"","ast-main-header-display":"","ast-hfb-above-header-display":"","ast-hfb-below-header-display":"","ast-hfb-mobile-header-display":"","site-post-title":"","ast-breadcrumbs-content":"","ast-featured-img":"","footer-sml-layout":"","theme-transparent-header-meta":"","adv-header-id-meta":"","stick-header-meta":"","header-above-stick-meta":"","header-main-stick-meta":"","header-below-stick-meta":"","astra-migrate-meta-layouts":"set","ast-page-background-enabled":"default","ast-page-background-meta":{"desktop":{"background-color":"var(--ast-global-color-4)","background-image":"","background-repeat":"repeat","background-position":"center center","background-size":"auto","background-attachment":"scroll","background-type":"","background-media":"","overlay-type":"","overlay-color":"","overlay-opacity":"","overlay-gradient":""},"tablet":{"background-color":"","background-image":"","background-repeat":"repeat","background-position":"center center","background-size":"auto","background-attachment":"scroll","background-type":"","background-media":"","overlay-type":"","overlay-color":"","overlay-opacity":"","overlay-gradient":""},"mobile":{"background-color":"","background-image":"","background-repeat":"repeat","background-position":"center center","background-size":"auto","background-attachment":"scroll","background-type":"","background-media":"","overlay-type":"","overlay-color":"","overlay-opacity":"","overlay-gradient":""}},"ast-content-background-meta":{"desktop":{"background-color":"var(--ast-global-color-5)","background-image":"","background-repeat":"repeat","background-position":"center center","background-size":"auto","background-attachment":"scroll","background-type":"","background-media":"","overlay-type":"","overlay-color":"","overlay-opacity":"","overlay-gradient":""},"tablet":{"background-color":"var(--ast-global-color-5)","background-image":"","background-repeat":"repeat","background-position":"center center","background-size":"auto","background-attachment":"scroll","background-type":"","background-media":"","overlay-type":"","overlay-color":"","overlay-opacity":"","overlay-gradient":""},"mobile":{"background-color":"var(--ast-global-color-5)","background-image":"","background-repeat":"repeat","background-position":"center center","background-size":"auto","background-attachment":"scroll","background-type":"","background-media":"","overlay-type":"","overlay-color":"","overlay-opacity":"","overlay-gradient":""}},"footnotes":""},"categories":[84,1,29],"tags":[],"class_list":["post-3936","post","type-post","status-publish","format-standard","has-post-thumbnail","hentry","category-santsadu","category-general","category-portada"],"post_mailing_queue_ids":[],"_links":{"self":[{"href":"https:\/\/agora.xtec.cat\/cfavilafrancadelpenedes\/wp-json\/wp\/v2\/posts\/3936","targetHints":{"allow":["GET"]}}],"collection":[{"href":"https:\/\/agora.xtec.cat\/cfavilafrancadelpenedes\/wp-json\/wp\/v2\/posts"}],"about":[{"href":"https:\/\/agora.xtec.cat\/cfavilafrancadelpenedes\/wp-json\/wp\/v2\/types\/post"}],"author":[{"embeddable":true,"href":"https:\/\/agora.xtec.cat\/cfavilafrancadelpenedes\/wp-json\/wp\/v2\/users\/1"}],"replies":[{"embeddable":true,"href":"https:\/\/agora.xtec.cat\/cfavilafrancadelpenedes\/wp-json\/wp\/v2\/comments?post=3936"}],"version-history":[{"count":6,"href":"https:\/\/agora.xtec.cat\/cfavilafrancadelpenedes\/wp-json\/wp\/v2\/posts\/3936\/revisions"}],"predecessor-version":[{"id":4009,"href":"https:\/\/agora.xtec.cat\/cfavilafrancadelpenedes\/wp-json\/wp\/v2\/posts\/3936\/revisions\/4009"}],"wp:featuredmedia":[{"embeddable":true,"href":"https:\/\/agora.xtec.cat\/cfavilafrancadelpenedes\/wp-json\/wp\/v2\/media\/3930"}],"wp:attachment":[{"href":"https:\/\/agora.xtec.cat\/cfavilafrancadelpenedes\/wp-json\/wp\/v2\/media?parent=3936"}],"wp:term":[{"taxonomy":"category","embeddable":true,"href":"https:\/\/agora.xtec.cat\/cfavilafrancadelpenedes\/wp-json\/wp\/v2\/categories?post=3936"},{"taxonomy":"post_tag","embeddable":true,"href":"https:\/\/agora.xtec.cat\/cfavilafrancadelpenedes\/wp-json\/wp\/v2\/tags?post=3936"}],"curies":[{"name":"wp","href":"https:\/\/api.w.org\/{rel}","templated":true}]}}