{"id":3788,"date":"2025-05-20T08:01:30","date_gmt":"2025-05-20T06:01:30","guid":{"rendered":"https:\/\/agora.xtec.cat\/cfavilafrancadelpenedes\/?p=3788"},"modified":"2025-05-20T15:18:19","modified_gmt":"2025-05-20T13:18:19","slug":"beques-per-a-ensenyaments-postobligatoris-no-universitaris","status":"publish","type":"post","link":"https:\/\/agora.xtec.cat\/cfavilafrancadelpenedes\/general\/beques-per-a-ensenyaments-postobligatoris-no-universitaris\/","title":{"rendered":"Beques per a ensenyaments postobligatoris no universitaris"},"content":{"rendered":"\n<h4 class=\"wp-block-heading has-text-align-center\"><strong>Ampliaci\u00f3 del termini de la convocat\u00f2ria de beques per a ensenyaments postobligatoris no universitaris, curs 2025-2026<\/strong><\/h4>\n\n\n\n<p>El termini per sol\u00b7licitar les beques s&#8217;ha ampliat fins al <strong>11\/09\/2025<\/strong> a les 15 hores.<\/p>\n\n\n\n<p>Has de sol\u00b7licitar la beca dins d&#8217;aquest termini, encara que no s\u00e0pigues qu\u00e8 estudiar\u00e0s o, fins i tot, encara que no s\u00e0pigues si estudiar\u00e0s o no. Posa els estudis que consideris m\u00e9s probables i cap al setembre podr\u00e0s modificar-los si cal.<\/p>\n\n\n\n<h4 class=\"wp-block-heading\">Qui pot demanar la beca?<\/h4>\n\n\n\n<p>Estudiants que el curs acad\u00e8mic 2025-2026 cursen&nbsp;<strong>ensenyaments postobligatoris o superiors no universitaris<\/strong>:<\/p>\n\n\n\n<ul class=\"wp-block-list\">\n<li>Primers i segons cursos de batxillerat<\/li>\n\n\n\n<li>Formaci\u00f3 professional de grau mitj\u00e0 i de grau superior<\/li>\n\n\n\n<li>Ensenyaments art\u00edstics professionals<\/li>\n\n\n\n<li>Ensenyaments esportius<\/li>\n\n\n\n<li>Ensenyaments art\u00edstics superiors<\/li>\n\n\n\n<li>Estudis religiosos superiors<\/li>\n\n\n\n<li>Estudis d&#8217;idiomes en escoles oficials (inclosa la modalitat de dist\u00e0ncia)<\/li>\n\n\n\n<li>Cursos d&#8217;acc\u00e9s i cursos de preparaci\u00f3 per a les proves d&#8217;acc\u00e9s a la formaci\u00f3 professional i cursos de formaci\u00f3 espec\u00edfics per a l&#8217;acc\u00e9s als cicles de grau mitj\u00e0 i de grau superior impartits en centres p\u00fablics i en centres privats<\/li>\n\n\n\n<li>Cicles formatius de grau b\u00e0sic<\/li>\n<\/ul>\n\n\n\n<figure class=\"wp-block-image aligncenter size-full\"><a href=\"https:\/\/educacio.gencat.cat\/web\/.content\/home\/departament\/publicacions\/infografies\/beques-ajuts\/beques-9-passos.pdf\" target=\"_blank\" rel=\"noreferrer noopener\"><img loading=\"lazy\" decoding=\"async\" width=\"615\" height=\"872\" src=\"https:\/\/agora.xtec.cat\/cfavilafrancadelpenedes\/wp-content\/uploads\/usu2121\/2025\/05\/image.png\" alt=\"\" class=\"wp-image-3789\" srcset=\"https:\/\/agora.xtec.cat\/cfavilafrancadelpenedes\/wp-content\/uploads\/usu2121\/2025\/05\/image.png 615w, https:\/\/agora.xtec.cat\/cfavilafrancadelpenedes\/wp-content\/uploads\/usu2121\/2025\/05\/image-212x300.png 212w\" sizes=\"auto, (max-width: 615px) 100vw, 615px\" \/><\/a><\/figure>\n\n\n\n<p class=\"has-text-align-center\"><strong>Preguntes freq\u00fcents<\/strong><\/p>\n\n\n\n<figure class=\"wp-block-image aligncenter size-large\"><a href=\"https:\/\/educacio.gencat.cat\/ca\/serveis-tramits\/beques\/beques-postobligatoris\/preguntes-frequents\/\"><img decoding=\"async\" src=\"https:\/\/educacio.gencat.cat\/web\/.content\/home\/serveis-tramits\/beques\/beques-postobligatoris\/imatge-preguntes-frequents.jpg_891899729.jpg\" alt=\"\"\/><\/a><\/figure>\n\n\n\n<p><strong>M\u00e9s informaci\u00f3:<\/strong> <a href=\"https:\/\/educacio.gencat.cat\/ca\/serveis-tramits\/beques\/beques-postobligatoris\/\" target=\"_blank\" rel=\"noreferrer noopener\">Departament d&#8217;Educaci\u00f3 i Formaci\u00f3 Professional<\/a><\/p>\n","protected":false},"excerpt":{"rendered":"<p>Ampliaci\u00f3 del termini de la convocat\u00f2ria de beques per a ensenyaments postobligatoris no universitaris, curs 2025-2026 El termini per sol\u00b7licitar les beques s&#8217;ha ampliat fins al 11\/09\/2025 a les 15 hores. Has de sol\u00b7licitar la beca dins d&#8217;aquest termini, encara que no s\u00e0pigues qu\u00e8 estudiar\u00e0s o, fins i tot, encara que no s\u00e0pigues si estudiar\u00e0s [&hellip;]<\/p>\n","protected":false},"author":1,"featured_media":3791,"comment_status":"open","ping_status":"open","sticky":false,"template":"","format":"standard","meta":{"_bbp_topic_count":0,"_bbp_reply_count":0,"_bbp_total_topic_count":0,"_bbp_total_reply_count":0,"_bbp_voice_count":0,"_bbp_anonymous_reply_count":0,"_bbp_topic_count_hidden":0,"_bbp_reply_count_hidden":0,"_bbp_forum_subforum_count":0,"site-sidebar-layout":"default","site-content-layout":"","ast-site-content-layout":"default","site-content-style":"default","site-sidebar-style":"default","ast-global-header-display":"","ast-banner-title-visibility":"","ast-main-header-display":"","ast-hfb-above-header-display":"","ast-hfb-below-header-display":"","ast-hfb-mobile-header-display":"","site-post-title":"","ast-breadcrumbs-content":"","ast-featured-img":"","footer-sml-layout":"","theme-transparent-header-meta":"","adv-header-id-meta":"","stick-header-meta":"","header-above-stick-meta":"","header-main-stick-meta":"","header-below-stick-meta":"","astra-migrate-meta-layouts":"set","ast-page-background-enabled":"default","ast-page-background-meta":{"desktop":{"background-color":"var(--ast-global-color-4)","background-image":"","background-repeat":"repeat","background-position":"center center","background-size":"auto","background-attachment":"scroll","background-type":"","background-media":"","overlay-type":"","overlay-color":"","overlay-opacity":"","overlay-gradient":""},"tablet":{"background-color":"","background-image":"","background-repeat":"repeat","background-position":"center center","background-size":"auto","background-attachment":"scroll","background-type":"","background-media":"","overlay-type":"","overlay-color":"","overlay-opacity":"","overlay-gradient":""},"mobile":{"background-color":"","background-image":"","background-repeat":"repeat","background-position":"center center","background-size":"auto","background-attachment":"scroll","background-type":"","background-media":"","overlay-type":"","overlay-color":"","overlay-opacity":"","overlay-gradient":""}},"ast-content-background-meta":{"desktop":{"background-color":"var(--ast-global-color-5)","background-image":"","background-repeat":"repeat","background-position":"center center","background-size":"auto","background-attachment":"scroll","background-type":"","background-media":"","overlay-type":"","overlay-color":"","overlay-opacity":"","overlay-gradient":""},"tablet":{"background-color":"var(--ast-global-color-5)","background-image":"","background-repeat":"repeat","background-position":"center center","background-size":"auto","background-attachment":"scroll","background-type":"","background-media":"","overlay-type":"","overlay-color":"","overlay-opacity":"","overlay-gradient":""},"mobile":{"background-color":"var(--ast-global-color-5)","background-image":"","background-repeat":"repeat","background-position":"center center","background-size":"auto","background-attachment":"scroll","background-type":"","background-media":"","overlay-type":"","overlay-color":"","overlay-opacity":"","overlay-gradient":""}},"footnotes":""},"categories":[1,29],"tags":[],"class_list":["post-3788","post","type-post","status-publish","format-standard","has-post-thumbnail","hentry","category-general","category-portada"],"post_mailing_queue_ids":[],"_links":{"self":[{"href":"https:\/\/agora.xtec.cat\/cfavilafrancadelpenedes\/wp-json\/wp\/v2\/posts\/3788","targetHints":{"allow":["GET"]}}],"collection":[{"href":"https:\/\/agora.xtec.cat\/cfavilafrancadelpenedes\/wp-json\/wp\/v2\/posts"}],"about":[{"href":"https:\/\/agora.xtec.cat\/cfavilafrancadelpenedes\/wp-json\/wp\/v2\/types\/post"}],"author":[{"embeddable":true,"href":"https:\/\/agora.xtec.cat\/cfavilafrancadelpenedes\/wp-json\/wp\/v2\/users\/1"}],"replies":[{"embeddable":true,"href":"https:\/\/agora.xtec.cat\/cfavilafrancadelpenedes\/wp-json\/wp\/v2\/comments?post=3788"}],"version-history":[{"count":2,"href":"https:\/\/agora.xtec.cat\/cfavilafrancadelpenedes\/wp-json\/wp\/v2\/posts\/3788\/revisions"}],"predecessor-version":[{"id":3795,"href":"https:\/\/agora.xtec.cat\/cfavilafrancadelpenedes\/wp-json\/wp\/v2\/posts\/3788\/revisions\/3795"}],"wp:featuredmedia":[{"embeddable":true,"href":"https:\/\/agora.xtec.cat\/cfavilafrancadelpenedes\/wp-json\/wp\/v2\/media\/3791"}],"wp:attachment":[{"href":"https:\/\/agora.xtec.cat\/cfavilafrancadelpenedes\/wp-json\/wp\/v2\/media?parent=3788"}],"wp:term":[{"taxonomy":"category","embeddable":true,"href":"https:\/\/agora.xtec.cat\/cfavilafrancadelpenedes\/wp-json\/wp\/v2\/categories?post=3788"},{"taxonomy":"post_tag","embeddable":true,"href":"https:\/\/agora.xtec.cat\/cfavilafrancadelpenedes\/wp-json\/wp\/v2\/tags?post=3788"}],"curies":[{"name":"wp","href":"https:\/\/api.w.org\/{rel}","templated":true}]}}