{"id":3012,"date":"2024-05-31T18:31:37","date_gmt":"2024-05-31T16:31:37","guid":{"rendered":"https:\/\/agora.xtec.cat\/cfavilafrancadelpenedes\/?p=3012"},"modified":"2024-06-04T07:27:35","modified_gmt":"2024-06-04T05:27:35","slug":"entrega-de-premis-del-concurs-el-gust-per-la-lectura","status":"publish","type":"post","link":"https:\/\/agora.xtec.cat\/cfavilafrancadelpenedes\/general\/entrega-de-premis-del-concurs-el-gust-per-la-lectura\/","title":{"rendered":"Entrega de premis del concurs El gust per la lectura"},"content":{"rendered":"<p>Volem felicitar els alumnes i les alumnes del GESO 1 del nostre centre pel premi que van rebre el passat dia 29 de maig a l&#8217;acte del XXIX Concurs El gust per la lectura. Vam gaudir de la gala de lliurament de premis i de l&#8217;espectacle i com a premi van aconseguir un el xec regal per llibres, tant per l&#8217;escola com per a ells i elles, que podran\u00a0 bescanviar en el marc de la Setmana del llibre en catal\u00e0. Us en donarem m\u00e9s informaci\u00f3 tant aviat com la tinguem. De moment us compartim unes fotografies de l&#8217;acte.<\/p>\n<p style=\"text-align: center;\"><span style=\"color: #ff0000;\"><a style=\"color: #ff0000;\" href=\"https:\/\/xtec.gencat.cat\/web\/.content\/projectes\/lectura\/gustperlalectura\/documents\/Veredicte_XXIX_Concurs_GXL.pdf\" target=\"_blank\" rel=\"noopener\">Veredicte del XXIX Concurs El Gust per la Lectura . Obre en una nova finestra.<\/a><\/span><\/p>\n<p><a href=\"https:\/\/agora.xtec.cat\/cfavilafrancadelpenedes\/wp-content\/uploads\/usu2121\/2024\/05\/IMG20240529121259.png\"><img loading=\"lazy\" decoding=\"async\" class=\"size-full wp-image-3013 aligncenter\" src=\"https:\/\/agora.xtec.cat\/cfavilafrancadelpenedes\/wp-content\/uploads\/usu2121\/2024\/05\/IMG20240529121259.png\" alt=\"\" width=\"1000\" height=\"1333\" srcset=\"https:\/\/agora.xtec.cat\/cfavilafrancadelpenedes\/wp-content\/uploads\/usu2121\/2024\/05\/IMG20240529121259.png 1000w, https:\/\/agora.xtec.cat\/cfavilafrancadelpenedes\/wp-content\/uploads\/usu2121\/2024\/05\/IMG20240529121259-225x300.png 225w, https:\/\/agora.xtec.cat\/cfavilafrancadelpenedes\/wp-content\/uploads\/usu2121\/2024\/05\/IMG20240529121259-768x1024.png 768w\" sizes=\"auto, (max-width: 1000px) 100vw, 1000px\" \/><\/a><\/p>\n<hr \/>\n<p><a href=\"https:\/\/agora.xtec.cat\/cfavilafrancadelpenedes\/wp-content\/uploads\/usu2121\/2024\/05\/IMG20240529124007.png\"><img loading=\"lazy\" decoding=\"async\" class=\"size-full wp-image-3014 aligncenter\" src=\"https:\/\/agora.xtec.cat\/cfavilafrancadelpenedes\/wp-content\/uploads\/usu2121\/2024\/05\/IMG20240529124007.png\" alt=\"\" width=\"1000\" height=\"750\" srcset=\"https:\/\/agora.xtec.cat\/cfavilafrancadelpenedes\/wp-content\/uploads\/usu2121\/2024\/05\/IMG20240529124007.png 1000w, https:\/\/agora.xtec.cat\/cfavilafrancadelpenedes\/wp-content\/uploads\/usu2121\/2024\/05\/IMG20240529124007-300x225.png 300w, https:\/\/agora.xtec.cat\/cfavilafrancadelpenedes\/wp-content\/uploads\/usu2121\/2024\/05\/IMG20240529124007-768x576.png 768w, https:\/\/agora.xtec.cat\/cfavilafrancadelpenedes\/wp-content\/uploads\/usu2121\/2024\/05\/IMG20240529124007-200x150.png 200w\" sizes=\"auto, (max-width: 1000px) 100vw, 1000px\" \/><\/a><\/p>\n<hr \/>\n<p><a href=\"https:\/\/agora.xtec.cat\/cfavilafrancadelpenedes\/wp-content\/uploads\/usu2121\/2024\/05\/IMG20240529124025.png\"><img loading=\"lazy\" decoding=\"async\" class=\"size-full wp-image-3015 aligncenter\" src=\"https:\/\/agora.xtec.cat\/cfavilafrancadelpenedes\/wp-content\/uploads\/usu2121\/2024\/05\/IMG20240529124025.png\" alt=\"\" width=\"1000\" height=\"750\" srcset=\"https:\/\/agora.xtec.cat\/cfavilafrancadelpenedes\/wp-content\/uploads\/usu2121\/2024\/05\/IMG20240529124025.png 1000w, https:\/\/agora.xtec.cat\/cfavilafrancadelpenedes\/wp-content\/uploads\/usu2121\/2024\/05\/IMG20240529124025-300x225.png 300w, https:\/\/agora.xtec.cat\/cfavilafrancadelpenedes\/wp-content\/uploads\/usu2121\/2024\/05\/IMG20240529124025-768x576.png 768w, https:\/\/agora.xtec.cat\/cfavilafrancadelpenedes\/wp-content\/uploads\/usu2121\/2024\/05\/IMG20240529124025-200x150.png 200w\" sizes=\"auto, (max-width: 1000px) 100vw, 1000px\" \/><\/a><\/p>\n<hr \/>\n<p><center><iframe loading=\"lazy\" src=\"https:\/\/drive.google.com\/file\/d\/1Lk5tQCg7wbqfbO2K15cRi4ykAJorio0_\/preview\" width=\"640\" height=\"480\"><\/iframe><\/center><\/p>\n","protected":false},"excerpt":{"rendered":"<p>Volem felicitar els alumnes i les alumnes del GESO 1 del nostre centre pel premi que van rebre el passat dia 29 de maig a l&#8217;acte del XXIX Concurs El gust per la lectura. Vam gaudir de la gala de lliurament de premis i de l&#8217;espectacle i com a premi van aconseguir un el xec [&hellip;]<\/p>\n","protected":false},"author":1,"featured_media":3014,"comment_status":"closed","ping_status":"closed","sticky":false,"template":"","format":"standard","meta":{"_bbp_topic_count":0,"_bbp_reply_count":0,"_bbp_total_topic_count":0,"_bbp_total_reply_count":0,"_bbp_voice_count":0,"_bbp_anonymous_reply_count":0,"_bbp_topic_count_hidden":0,"_bbp_reply_count_hidden":0,"_bbp_forum_subforum_count":0,"site-sidebar-layout":"default","site-content-layout":"","ast-site-content-layout":"","site-content-style":"default","site-sidebar-style":"default","ast-global-header-display":"","ast-banner-title-visibility":"","ast-main-header-display":"","ast-hfb-above-header-display":"","ast-hfb-below-header-display":"","ast-hfb-mobile-header-display":"","site-post-title":"","ast-breadcrumbs-content":"","ast-featured-img":"","footer-sml-layout":"","theme-transparent-header-meta":"","adv-header-id-meta":"","stick-header-meta":"","header-above-stick-meta":"","header-main-stick-meta":"","header-below-stick-meta":"","astra-migrate-meta-layouts":"default","ast-page-background-enabled":"default","ast-page-background-meta":{"desktop":{"background-color":"var(--ast-global-color-4)","background-image":"","background-repeat":"repeat","background-position":"center center","background-size":"auto","background-attachment":"scroll","background-type":"","background-media":"","overlay-type":"","overlay-color":"","overlay-opacity":"","overlay-gradient":""},"tablet":{"background-color":"","background-image":"","background-repeat":"repeat","background-position":"center center","background-size":"auto","background-attachment":"scroll","background-type":"","background-media":"","overlay-type":"","overlay-color":"","overlay-opacity":"","overlay-gradient":""},"mobile":{"background-color":"","background-image":"","background-repeat":"repeat","background-position":"center center","background-size":"auto","background-attachment":"scroll","background-type":"","background-media":"","overlay-type":"","overlay-color":"","overlay-opacity":"","overlay-gradient":""}},"ast-content-background-meta":{"desktop":{"background-color":"var(--ast-global-color-5)","background-image":"","background-repeat":"repeat","background-position":"center center","background-size":"auto","background-attachment":"scroll","background-type":"","background-media":"","overlay-type":"","overlay-color":"","overlay-opacity":"","overlay-gradient":""},"tablet":{"background-color":"var(--ast-global-color-5)","background-image":"","background-repeat":"repeat","background-position":"center center","background-size":"auto","background-attachment":"scroll","background-type":"","background-media":"","overlay-type":"","overlay-color":"","overlay-opacity":"","overlay-gradient":""},"mobile":{"background-color":"var(--ast-global-color-5)","background-image":"","background-repeat":"repeat","background-position":"center center","background-size":"auto","background-attachment":"scroll","background-type":"","background-media":"","overlay-type":"","overlay-color":"","overlay-opacity":"","overlay-gradient":""}},"footnotes":""},"categories":[1,29],"tags":[157,156],"class_list":["post-3012","post","type-post","status-publish","format-standard","has-post-thumbnail","hentry","category-general","category-portada","tag-gust-per-la-lectura","tag-premis"],"post_mailing_queue_ids":[],"_links":{"self":[{"href":"https:\/\/agora.xtec.cat\/cfavilafrancadelpenedes\/wp-json\/wp\/v2\/posts\/3012","targetHints":{"allow":["GET"]}}],"collection":[{"href":"https:\/\/agora.xtec.cat\/cfavilafrancadelpenedes\/wp-json\/wp\/v2\/posts"}],"about":[{"href":"https:\/\/agora.xtec.cat\/cfavilafrancadelpenedes\/wp-json\/wp\/v2\/types\/post"}],"author":[{"embeddable":true,"href":"https:\/\/agora.xtec.cat\/cfavilafrancadelpenedes\/wp-json\/wp\/v2\/users\/1"}],"replies":[{"embeddable":true,"href":"https:\/\/agora.xtec.cat\/cfavilafrancadelpenedes\/wp-json\/wp\/v2\/comments?post=3012"}],"version-history":[{"count":5,"href":"https:\/\/agora.xtec.cat\/cfavilafrancadelpenedes\/wp-json\/wp\/v2\/posts\/3012\/revisions"}],"predecessor-version":[{"id":3033,"href":"https:\/\/agora.xtec.cat\/cfavilafrancadelpenedes\/wp-json\/wp\/v2\/posts\/3012\/revisions\/3033"}],"wp:featuredmedia":[{"embeddable":true,"href":"https:\/\/agora.xtec.cat\/cfavilafrancadelpenedes\/wp-json\/wp\/v2\/media\/3014"}],"wp:attachment":[{"href":"https:\/\/agora.xtec.cat\/cfavilafrancadelpenedes\/wp-json\/wp\/v2\/media?parent=3012"}],"wp:term":[{"taxonomy":"category","embeddable":true,"href":"https:\/\/agora.xtec.cat\/cfavilafrancadelpenedes\/wp-json\/wp\/v2\/categories?post=3012"},{"taxonomy":"post_tag","embeddable":true,"href":"https:\/\/agora.xtec.cat\/cfavilafrancadelpenedes\/wp-json\/wp\/v2\/tags?post=3012"}],"curies":[{"name":"wp","href":"https:\/\/api.w.org\/{rel}","templated":true}]}}