{"id":1499,"date":"2022-03-03T18:34:29","date_gmt":"2022-03-03T17:34:29","guid":{"rendered":"https:\/\/agora.xtec.cat\/cfavilafrancadelpenedes\/?p=1499"},"modified":"2022-12-19T14:02:30","modified_gmt":"2022-12-19T13:02:30","slug":"preinscripcio","status":"publish","type":"post","link":"https:\/\/agora.xtec.cat\/cfavilafrancadelpenedes\/general\/preinscripcio\/","title":{"rendered":"El web de la preinscripci\u00f3"},"content":{"rendered":"<div class=\"col content-col\">\n<p><span style=\"font-family: inherit; font-size: 1em; text-align: justify;\">Amb car\u00e0cter general, poden accedir a aquests ensenyaments les <\/span><strong style=\"font-family: inherit; font-size: 1em; text-align: justify;\">persones que han complert els 18 anys<\/strong><span style=\"font-family: inherit; font-size: 1em; text-align: justify;\"> o b\u00e9 els compleixen durant l&#8217;any natural en qu\u00e8 inicien la formaci\u00f3.<\/span><\/p>\n<div class=\"bloc-mobil\">\n<div class=\"descripcio\">\n<p style=\"text-align: justify;\">Tamb\u00e9 hi poden accedir les <strong>persones que compleixen com a m\u00ednim 16 anys<\/strong> l&#8217;any natural en qu\u00e8 inicien la formaci\u00f3 i es troben en alguna de les situacions seg\u00fcents:<\/p>\n<ul>\n<li style=\"text-align: justify;\">Tenir un contracte laboral que els impedeix assistir als centres educatius en r\u00e8gim ordinari.<\/li>\n<li style=\"text-align: justify;\">Ser esportista d&#8217;alt rendiment.<\/li>\n<li style=\"text-align: justify;\">Voler cursar la formaci\u00f3 per a les proves d&#8217;acc\u00e9s als cicles formatius de grau mitj\u00e0.<\/li>\n<\/ul>\n<p style=\"text-align: justify;\">Consulta l&#8217;apartat <a title=\"Qu\u00e8 necessito per accedir-hi\" href=\"https:\/\/triaeducativa.gencat.cat\/ca\/educacio-adults\/ofertats\/\" target=\"_blank\" rel=\"noopener\">Qu\u00e8 necessito per accedir-hi<\/a> de cada estudi per con\u00e8ixer els requisits acad\u00e8mics per cursar-lo.<\/p>\n<p style=\"text-align: justify;\">Per a m\u00e9s informaci\u00f3: <a href=\"https:\/\/preinscripcio.gencat.cat\/ca\/estudis\/educacio-adults\/inici\/\" target=\"_blank\" rel=\"noopener\">https:\/\/preinscripcio.gencat.cat\/ca\/estudis\/educacio-adults\/inici\/<\/a><\/p>\n<h1 class=\"NG-menu__title\" style=\"text-align: justify;\">El web de la preinscripci\u00f3<\/h1>\n<p style=\"text-align: justify;\">El web<a href=\"https:\/\/preinscripcio.gencat.cat\/ca\/inici\/\" target=\"_blank\" rel=\"noopener\"><strong> preinscripcio.gencat.cat<\/strong><\/a> \u00e9s un espai que t\u00e9 la voluntat d&#8217;acompanyar les fam\u00edlies i l&#8217;alumnat durant el proc\u00e9s telem\u00e0tic de la preinscripci\u00f3 escolar.<\/p>\n<ul>\n<li><strong>Informa&#8217;t abans.<\/strong><\/li>\n<li><strong>Preinscriu-te.<\/strong><\/li>\n<li><strong>Matricula&#8217;t.<\/strong><\/li>\n<\/ul>\n<p style=\"text-align: justify;\">Per a m\u00e9s informaci\u00f3 sobre l&#8217;<strong>educaci\u00f3 d&#8217;adults:<\/strong> <a href=\"https:\/\/preinscripcio.gencat.cat\/ca\/estudis\/educacio-adults\/inici\/\" target=\"_blank\" rel=\"noopener\">https:\/\/preinscripcio.gencat.cat\/ca\/estudis\/educacio-adults\/inici\/<\/a><\/p>\n<\/div>\n<\/div>\n<\/div>\n","protected":false},"excerpt":{"rendered":"<p>Amb car\u00e0cter general, poden accedir a aquests ensenyaments les persones que han complert els 18 anys o b\u00e9 els compleixen durant l&#8217;any natural en qu\u00e8 inicien la formaci\u00f3. Tamb\u00e9 hi poden accedir les persones que compleixen com a m\u00ednim 16 anys l&#8217;any natural en qu\u00e8 inicien la formaci\u00f3 i es troben en alguna de les [&hellip;]<\/p>\n","protected":false},"author":1,"featured_media":1502,"comment_status":"closed","ping_status":"closed","sticky":false,"template":"","format":"standard","meta":{"_bbp_topic_count":0,"_bbp_reply_count":0,"_bbp_total_topic_count":0,"_bbp_total_reply_count":0,"_bbp_voice_count":0,"_bbp_anonymous_reply_count":0,"_bbp_topic_count_hidden":0,"_bbp_reply_count_hidden":0,"_bbp_forum_subforum_count":0,"site-sidebar-layout":"default","site-content-layout":"","ast-site-content-layout":"","site-content-style":"default","site-sidebar-style":"default","ast-global-header-display":"","ast-banner-title-visibility":"","ast-main-header-display":"","ast-hfb-above-header-display":"","ast-hfb-below-header-display":"","ast-hfb-mobile-header-display":"","site-post-title":"","ast-breadcrumbs-content":"","ast-featured-img":"","footer-sml-layout":"","theme-transparent-header-meta":"","adv-header-id-meta":"","stick-header-meta":"","header-above-stick-meta":"","header-main-stick-meta":"","header-below-stick-meta":"","astra-migrate-meta-layouts":"default","ast-page-background-enabled":"default","ast-page-background-meta":{"desktop":{"background-color":"var(--ast-global-color-4)","background-image":"","background-repeat":"repeat","background-position":"center center","background-size":"auto","background-attachment":"scroll","background-type":"","background-media":"","overlay-type":"","overlay-color":"","overlay-opacity":"","overlay-gradient":""},"tablet":{"background-color":"","background-image":"","background-repeat":"repeat","background-position":"center center","background-size":"auto","background-attachment":"scroll","background-type":"","background-media":"","overlay-type":"","overlay-color":"","overlay-opacity":"","overlay-gradient":""},"mobile":{"background-color":"","background-image":"","background-repeat":"repeat","background-position":"center center","background-size":"auto","background-attachment":"scroll","background-type":"","background-media":"","overlay-type":"","overlay-color":"","overlay-opacity":"","overlay-gradient":""}},"ast-content-background-meta":{"desktop":{"background-color":"var(--ast-global-color-5)","background-image":"","background-repeat":"repeat","background-position":"center center","background-size":"auto","background-attachment":"scroll","background-type":"","background-media":"","overlay-type":"","overlay-color":"","overlay-opacity":"","overlay-gradient":""},"tablet":{"background-color":"var(--ast-global-color-5)","background-image":"","background-repeat":"repeat","background-position":"center center","background-size":"auto","background-attachment":"scroll","background-type":"","background-media":"","overlay-type":"","overlay-color":"","overlay-opacity":"","overlay-gradient":""},"mobile":{"background-color":"var(--ast-global-color-5)","background-image":"","background-repeat":"repeat","background-position":"center center","background-size":"auto","background-attachment":"scroll","background-type":"","background-media":"","overlay-type":"","overlay-color":"","overlay-opacity":"","overlay-gradient":""}},"footnotes":""},"categories":[1,29],"tags":[82],"class_list":["post-1499","post","type-post","status-publish","format-standard","has-post-thumbnail","hentry","category-general","category-portada","tag-informacio"],"post_mailing_queue_ids":[],"_links":{"self":[{"href":"https:\/\/agora.xtec.cat\/cfavilafrancadelpenedes\/wp-json\/wp\/v2\/posts\/1499","targetHints":{"allow":["GET"]}}],"collection":[{"href":"https:\/\/agora.xtec.cat\/cfavilafrancadelpenedes\/wp-json\/wp\/v2\/posts"}],"about":[{"href":"https:\/\/agora.xtec.cat\/cfavilafrancadelpenedes\/wp-json\/wp\/v2\/types\/post"}],"author":[{"embeddable":true,"href":"https:\/\/agora.xtec.cat\/cfavilafrancadelpenedes\/wp-json\/wp\/v2\/users\/1"}],"replies":[{"embeddable":true,"href":"https:\/\/agora.xtec.cat\/cfavilafrancadelpenedes\/wp-json\/wp\/v2\/comments?post=1499"}],"version-history":[{"count":3,"href":"https:\/\/agora.xtec.cat\/cfavilafrancadelpenedes\/wp-json\/wp\/v2\/posts\/1499\/revisions"}],"predecessor-version":[{"id":1691,"href":"https:\/\/agora.xtec.cat\/cfavilafrancadelpenedes\/wp-json\/wp\/v2\/posts\/1499\/revisions\/1691"}],"wp:featuredmedia":[{"embeddable":true,"href":"https:\/\/agora.xtec.cat\/cfavilafrancadelpenedes\/wp-json\/wp\/v2\/media\/1502"}],"wp:attachment":[{"href":"https:\/\/agora.xtec.cat\/cfavilafrancadelpenedes\/wp-json\/wp\/v2\/media?parent=1499"}],"wp:term":[{"taxonomy":"category","embeddable":true,"href":"https:\/\/agora.xtec.cat\/cfavilafrancadelpenedes\/wp-json\/wp\/v2\/categories?post=1499"},{"taxonomy":"post_tag","embeddable":true,"href":"https:\/\/agora.xtec.cat\/cfavilafrancadelpenedes\/wp-json\/wp\/v2\/tags?post=1499"}],"curies":[{"name":"wp","href":"https:\/\/api.w.org\/{rel}","templated":true}]}}