{"id":3475,"date":"2021-06-28T20:38:23","date_gmt":"2021-06-28T18:38:23","guid":{"rendered":"http:\/\/agora.xtec.cat\/cfajoancarles\/?p=3475"},"modified":"2021-09-02T14:16:50","modified_gmt":"2021-09-02T12:16:50","slug":"jornada-de-cloenda-de-la-1a-edicio-del-projecte-dorientacio-educativa","status":"publish","type":"post","link":"https:\/\/agora.xtec.cat\/cfavictorinavila\/general\/jornada-de-cloenda-de-la-1a-edicio-del-projecte-dorientacio-educativa\/","title":{"rendered":"Jornada de cloenda de la 1a edici\u00f3 del projecte d&#8217;Orientaci\u00f3 Educativa"},"content":{"rendered":"<h5 style=\"text-align: justify;\"><span style=\"color: #333333;\">Dins de les diferents actuacions de dinamitzaci\u00f3 i transformaci\u00f3 de l\u2019educaci\u00f3 al llarg de la vida que s\u2019estan iniciant des de la <em>Direcci\u00f3 General d\u2019Innovaci\u00f3, Recerca i Cultura Digital<\/em> del Departament d&#8217;Educaci\u00f3, s&#8217;ha organitzat una jornada de cloenda pel proper 1 de juliol de 2021 de la primera edici\u00f3 del projecte &#8220;Orientaci\u00f3 Educativa: factor clau d\u2019\u00e8xit en l\u2019educaci\u00f3 al llarg de la vida&#8221;.<\/span><\/h5>\n<h5 dir=\"auto\" style=\"text-align: justify;\"><span style=\"color: #333333;\">L&#8217;objectiu principal d&#8217;aquesta jornada en qu\u00e8 participa el CFA Joan Carles \u00e9s reflexionar sobre la import\u00e0ncia de l\u2019orientaci\u00f3 en tota l\u2019educaci\u00f3 al llarg de la vida. La jornada inclour\u00e0 diverses pon\u00e8ncies d\u2019experts en l\u2019\u00e0mbit de l\u2019orientaci\u00f3 educativa en adults, i es far\u00e0 difusi\u00f3 del treball i de les experi\u00e8ncies dels centres de formaci\u00f3 d\u2019adults participants, aix\u00ed com una taula rodona formada per representants de diversos sectors educatius.<\/span><\/h5>\n<pre>  \r\n\r\n<\/pre>\n<div dir=\"auto\"><\/div>\n<div dir=\"auto\"><img loading=\"lazy\" decoding=\"async\" class=\"wp-image-3476 aligncenter\" src=\"https:\/\/agora.xtec.cat\/cfajoancarles\/wp-content\/uploads\/usu417\/2021\/06\/FOTO_20210628_173323.jpg\" alt=\"\" width=\"544\" height=\"544\" srcset=\"https:\/\/agora.xtec.cat\/cfavictorinavila\/wp-content\/uploads\/usu417\/2021\/06\/FOTO_20210628_173323.jpg 984w, https:\/\/agora.xtec.cat\/cfavictorinavila\/wp-content\/uploads\/usu417\/2021\/06\/FOTO_20210628_173323-768x768.jpg 768w\" sizes=\"auto, (max-width: 544px) 100vw, 544px\" \/><\/div>\n<div dir=\"auto\"><\/div>\n<pre><\/pre>\n","protected":false},"excerpt":{"rendered":"<p>Dins de les diferents actuacions de dinamitzaci\u00f3 i transformaci\u00f3 de l\u2019educaci\u00f3 al llarg de la vida que s\u2019estan iniciant des de la Direcci\u00f3 General d\u2019Innovaci\u00f3, Recerca i Cultura Digital del Departament d&#8217;Educaci\u00f3, s&#8217;ha organitzat una jornada de cloenda pel proper 1 de juliol de 2021 de la primera edici\u00f3 del projecte &#8220;Orientaci\u00f3 Educativa: factor clau [&hellip;]<\/p>\n","protected":false},"author":1,"featured_media":3476,"comment_status":"closed","ping_status":"closed","sticky":false,"template":"","format":"standard","meta":{"site-sidebar-layout":"default","site-content-layout":"","ast-site-content-layout":"","site-content-style":"default","site-sidebar-style":"default","ast-global-header-display":"","ast-banner-title-visibility":"","ast-main-header-display":"","ast-hfb-above-header-display":"","ast-hfb-below-header-display":"","ast-hfb-mobile-header-display":"","site-post-title":"","ast-breadcrumbs-content":"","ast-featured-img":"","footer-sml-layout":"","theme-transparent-header-meta":"","adv-header-id-meta":"","stick-header-meta":"","header-above-stick-meta":"","header-main-stick-meta":"","header-below-stick-meta":"","astra-migrate-meta-layouts":"default","ast-page-background-enabled":"default","ast-page-background-meta":{"desktop":{"background-color":"var(--ast-global-color-4)","background-image":"","background-repeat":"repeat","background-position":"center center","background-size":"auto","background-attachment":"scroll","background-type":"","background-media":"","overlay-type":"","overlay-color":"","overlay-opacity":"","overlay-gradient":""},"tablet":{"background-color":"","background-image":"","background-repeat":"repeat","background-position":"center center","background-size":"auto","background-attachment":"scroll","background-type":"","background-media":"","overlay-type":"","overlay-color":"","overlay-opacity":"","overlay-gradient":""},"mobile":{"background-color":"","background-image":"","background-repeat":"repeat","background-position":"center center","background-size":"auto","background-attachment":"scroll","background-type":"","background-media":"","overlay-type":"","overlay-color":"","overlay-opacity":"","overlay-gradient":""}},"ast-content-background-meta":{"desktop":{"background-color":"var(--ast-global-color-5)","background-image":"","background-repeat":"repeat","background-position":"center center","background-size":"auto","background-attachment":"scroll","background-type":"","background-media":"","overlay-type":"","overlay-color":"","overlay-opacity":"","overlay-gradient":""},"tablet":{"background-color":"var(--ast-global-color-5)","background-image":"","background-repeat":"repeat","background-position":"center center","background-size":"auto","background-attachment":"scroll","background-type":"","background-media":"","overlay-type":"","overlay-color":"","overlay-opacity":"","overlay-gradient":""},"mobile":{"background-color":"var(--ast-global-color-5)","background-image":"","background-repeat":"repeat","background-position":"center center","background-size":"auto","background-attachment":"scroll","background-type":"","background-media":"","overlay-type":"","overlay-color":"","overlay-opacity":"","overlay-gradient":""}},"footnotes":""},"categories":[1,124,29],"tags":[131],"class_list":["post-3475","post","type-post","status-publish","format-standard","has-post-thumbnail","hentry","category-general","category-orientacio-educativa","category-portada","tag-orientacio"],"post_mailing_queue_ids":[],"_links":{"self":[{"href":"https:\/\/agora.xtec.cat\/cfavictorinavila\/wp-json\/wp\/v2\/posts\/3475","targetHints":{"allow":["GET"]}}],"collection":[{"href":"https:\/\/agora.xtec.cat\/cfavictorinavila\/wp-json\/wp\/v2\/posts"}],"about":[{"href":"https:\/\/agora.xtec.cat\/cfavictorinavila\/wp-json\/wp\/v2\/types\/post"}],"author":[{"embeddable":true,"href":"https:\/\/agora.xtec.cat\/cfavictorinavila\/wp-json\/wp\/v2\/users\/1"}],"replies":[{"embeddable":true,"href":"https:\/\/agora.xtec.cat\/cfavictorinavila\/wp-json\/wp\/v2\/comments?post=3475"}],"version-history":[{"count":3,"href":"https:\/\/agora.xtec.cat\/cfavictorinavila\/wp-json\/wp\/v2\/posts\/3475\/revisions"}],"predecessor-version":[{"id":3503,"href":"https:\/\/agora.xtec.cat\/cfavictorinavila\/wp-json\/wp\/v2\/posts\/3475\/revisions\/3503"}],"wp:featuredmedia":[{"embeddable":true,"href":"https:\/\/agora.xtec.cat\/cfavictorinavila\/wp-json\/wp\/v2\/media\/3476"}],"wp:attachment":[{"href":"https:\/\/agora.xtec.cat\/cfavictorinavila\/wp-json\/wp\/v2\/media?parent=3475"}],"wp:term":[{"taxonomy":"category","embeddable":true,"href":"https:\/\/agora.xtec.cat\/cfavictorinavila\/wp-json\/wp\/v2\/categories?post=3475"},{"taxonomy":"post_tag","embeddable":true,"href":"https:\/\/agora.xtec.cat\/cfavictorinavila\/wp-json\/wp\/v2\/tags?post=3475"}],"curies":[{"name":"wp","href":"https:\/\/api.w.org\/{rel}","templated":true}]}}