{"id":3435,"date":"2021-06-30T08:10:07","date_gmt":"2021-06-30T06:10:07","guid":{"rendered":"http:\/\/agora.xtec.cat\/cfajoancarles\/?p=3435"},"modified":"2021-06-30T08:12:41","modified_gmt":"2021-06-30T06:12:41","slug":"i-ara-que-calendari-de-seguiment-de-la-vostra-preinscripcio","status":"publish","type":"post","link":"https:\/\/agora.xtec.cat\/cfavictorinavila\/general\/i-ara-que-calendari-de-seguiment-de-la-vostra-preinscripcio\/","title":{"rendered":"I ara qu\u00e8? Calendari de seguiment de la vostra #preinscripci\u00f3"},"content":{"rendered":"<p>Un cop acabat el termini de presentaci\u00f3 de sol\u00b7licituds de preinscripci\u00f3 als centres de formaci\u00f3 de persones adultes, es posa en marxa el sistema d&#8217;assignaci\u00f3 de places. El calendari d&#8217;aquest procediment \u00e9s el seg\u00fcent:<\/p>\n<ul>\n<li><strong>6 de juliol: llistes provisionals de sol\u00b7licituds<\/strong>. Cada centre publicar\u00e0 les\u202fllistes anonimitzades de totes les sol\u00b7licituds rebudes. <strong>Atenci\u00f3:<\/strong> la publicaci\u00f3 de les llistes tindr\u00e0 lloc a partir de les 14h per\u00f2 est\u00e0 prevista una aturada de manteniment en el servidor on s&#8217;allotja la nostra web de 15h a 21h ;<\/li>\n<li><strong>del 6 al 12 de juliol: presentaci\u00f3 de reclamacions<\/strong>. Si la vostra sol\u00b7licitud no apareix a les llistes o t\u00e9 alguna errada podreu presentar reclamacions adjuntant tota la documentaci\u00f3 corresponent.<\/li>\n<li><strong>7 de juliol: sorteig del n\u00famero de desempat<\/strong>.\u00a0 El nombre de places vacants a cada centre educatiu \u00e9s limitat. Si el nombre de peticions supera al de places vacants en algun ensenyament, nivell i torn concrets, caldr\u00e0 aplicar un sistema de desempat. Per fer-ho, s&#8217;obtindr\u00e0 un n\u00famero per sorteig a partir del qual s&#8217;ordenaran totes les peticions tenint en compte el n\u00famero de desempat que s&#8217;assigna a cada sol\u00b7licitud. El sorteig tindr\u00e0 lloc a les 11h als serveis centrals del Departament d&#8217;Educaci\u00f3 (Via Augusta, 202, Barcelona).<\/li>\n<li><strong>13 de juliol: llistes definitives de sol\u00b7licituds un cop resoltes les reclamacions<\/strong>. Un cop resoltes les reclamacions presentades, cada centre far\u00e0 p\u00fabliques les noves llistes de sol\u00b7licituds. <strong>Atenci\u00f3:<\/strong> la publicaci\u00f3 de les llistes tindr\u00e0 lloc a partir de les 15h per\u00f2 est\u00e0 prevista una aturada de manteniment en el servidor on s&#8217;allotja la nostra web de 17h a 20h ;<\/li>\n<li><strong>15 de juliol: llistes d&#8217;admesos i llistes d&#8217;espera<\/strong>. Finalment es faran p\u00fabliques les llistes d&#8217;admesos i les respectives llistes d&#8217;espera de\u00a0cada ensenyament, nivell i torn.<\/li>\n<\/ul>\n<p><img loading=\"lazy\" decoding=\"async\" class=\"aligncenter  wp-image-3436\" src=\"https:\/\/agora.xtec.cat\/cfajoancarles\/wp-content\/uploads\/usu417\/2021\/06\/Calendari_preinscripci\u00f3_2021.jpg\" alt=\"\" width=\"601\" height=\"597\" srcset=\"https:\/\/agora.xtec.cat\/cfavictorinavila\/wp-content\/uploads\/usu417\/2021\/06\/Calendari_preinscripci\u00f3_2021.jpg 984w, https:\/\/agora.xtec.cat\/cfavictorinavila\/wp-content\/uploads\/usu417\/2021\/06\/Calendari_preinscripci\u00f3_2021-768x763.jpg 768w\" sizes=\"auto, (max-width: 601px) 100vw, 601px\" \/><\/p>\n<p>&nbsp;<\/p>\n","protected":false},"excerpt":{"rendered":"<p>Un cop acabat el termini de presentaci\u00f3 de sol\u00b7licituds de preinscripci\u00f3 als centres de formaci\u00f3 de persones adultes, es posa en marxa el sistema d&#8217;assignaci\u00f3 de places. El calendari d&#8217;aquest procediment \u00e9s el seg\u00fcent: 6 de juliol: llistes provisionals de sol\u00b7licituds. Cada centre publicar\u00e0 les\u202fllistes anonimitzades de totes les sol\u00b7licituds rebudes. Atenci\u00f3: la publicaci\u00f3 de [&hellip;]<\/p>\n","protected":false},"author":1,"featured_media":3436,"comment_status":"closed","ping_status":"closed","sticky":false,"template":"","format":"standard","meta":{"site-sidebar-layout":"default","site-content-layout":"","ast-site-content-layout":"","site-content-style":"default","site-sidebar-style":"default","ast-global-header-display":"","ast-banner-title-visibility":"","ast-main-header-display":"","ast-hfb-above-header-display":"","ast-hfb-below-header-display":"","ast-hfb-mobile-header-display":"","site-post-title":"","ast-breadcrumbs-content":"","ast-featured-img":"","footer-sml-layout":"","theme-transparent-header-meta":"","adv-header-id-meta":"","stick-header-meta":"","header-above-stick-meta":"","header-main-stick-meta":"","header-below-stick-meta":"","astra-migrate-meta-layouts":"default","ast-page-background-enabled":"default","ast-page-background-meta":{"desktop":{"background-color":"var(--ast-global-color-4)","background-image":"","background-repeat":"repeat","background-position":"center center","background-size":"auto","background-attachment":"scroll","background-type":"","background-media":"","overlay-type":"","overlay-color":"","overlay-opacity":"","overlay-gradient":""},"tablet":{"background-color":"","background-image":"","background-repeat":"repeat","background-position":"center center","background-size":"auto","background-attachment":"scroll","background-type":"","background-media":"","overlay-type":"","overlay-color":"","overlay-opacity":"","overlay-gradient":""},"mobile":{"background-color":"","background-image":"","background-repeat":"repeat","background-position":"center center","background-size":"auto","background-attachment":"scroll","background-type":"","background-media":"","overlay-type":"","overlay-color":"","overlay-opacity":"","overlay-gradient":""}},"ast-content-background-meta":{"desktop":{"background-color":"var(--ast-global-color-5)","background-image":"","background-repeat":"repeat","background-position":"center center","background-size":"auto","background-attachment":"scroll","background-type":"","background-media":"","overlay-type":"","overlay-color":"","overlay-opacity":"","overlay-gradient":""},"tablet":{"background-color":"var(--ast-global-color-5)","background-image":"","background-repeat":"repeat","background-position":"center center","background-size":"auto","background-attachment":"scroll","background-type":"","background-media":"","overlay-type":"","overlay-color":"","overlay-opacity":"","overlay-gradient":""},"mobile":{"background-color":"var(--ast-global-color-5)","background-image":"","background-repeat":"repeat","background-position":"center center","background-size":"auto","background-attachment":"scroll","background-type":"","background-media":"","overlay-type":"","overlay-color":"","overlay-opacity":"","overlay-gradient":""}},"footnotes":""},"categories":[1,29,121],"tags":[],"class_list":["post-3435","post","type-post","status-publish","format-standard","has-post-thumbnail","hentry","category-general","category-portada","category-preinscripcio-i-matricula"],"post_mailing_queue_ids":[],"_links":{"self":[{"href":"https:\/\/agora.xtec.cat\/cfavictorinavila\/wp-json\/wp\/v2\/posts\/3435","targetHints":{"allow":["GET"]}}],"collection":[{"href":"https:\/\/agora.xtec.cat\/cfavictorinavila\/wp-json\/wp\/v2\/posts"}],"about":[{"href":"https:\/\/agora.xtec.cat\/cfavictorinavila\/wp-json\/wp\/v2\/types\/post"}],"author":[{"embeddable":true,"href":"https:\/\/agora.xtec.cat\/cfavictorinavila\/wp-json\/wp\/v2\/users\/1"}],"replies":[{"embeddable":true,"href":"https:\/\/agora.xtec.cat\/cfavictorinavila\/wp-json\/wp\/v2\/comments?post=3435"}],"version-history":[{"count":3,"href":"https:\/\/agora.xtec.cat\/cfavictorinavila\/wp-json\/wp\/v2\/posts\/3435\/revisions"}],"predecessor-version":[{"id":3504,"href":"https:\/\/agora.xtec.cat\/cfavictorinavila\/wp-json\/wp\/v2\/posts\/3435\/revisions\/3504"}],"wp:featuredmedia":[{"embeddable":true,"href":"https:\/\/agora.xtec.cat\/cfavictorinavila\/wp-json\/wp\/v2\/media\/3436"}],"wp:attachment":[{"href":"https:\/\/agora.xtec.cat\/cfavictorinavila\/wp-json\/wp\/v2\/media?parent=3435"}],"wp:term":[{"taxonomy":"category","embeddable":true,"href":"https:\/\/agora.xtec.cat\/cfavictorinavila\/wp-json\/wp\/v2\/categories?post=3435"},{"taxonomy":"post_tag","embeddable":true,"href":"https:\/\/agora.xtec.cat\/cfavictorinavila\/wp-json\/wp\/v2\/tags?post=3435"}],"curies":[{"name":"wp","href":"https:\/\/api.w.org\/{rel}","templated":true}]}}