{"id":13692,"date":"2026-04-08T12:32:05","date_gmt":"2026-04-08T10:32:05","guid":{"rendered":"https:\/\/agora.xtec.cat\/cfavictorinavila\/?p=13692"},"modified":"2026-04-08T20:48:04","modified_gmt":"2026-04-08T18:48:04","slug":"on-se-fait-une-toile-a-la-fin-du-trimestre","status":"publish","type":"post","link":"https:\/\/agora.xtec.cat\/cfavictorinavila\/general\/on-se-fait-une-toile-a-la-fin-du-trimestre\/","title":{"rendered":"On se fait une toile \u00e0 la fin du trimestre?"},"content":{"rendered":"\n<p class=\"has-medium-font-size\" style=\"line-height:1.6\">\ud83c\udfac C&#8217;est toujours sympa d&#8217;aller au cin\u00e9ma! Ce trimestre le film choisi a \u00e9t\u00e9\u00a0<em>Jean Valjean<\/em>, inspir\u00e9 du c\u00e9l\u00e8bre roman\u00a0<em>Les Mis\u00e9rables<\/em>\u00a0\u00a0de\u00a0Victor Hugo \ud83c\udf9f\ufe0f Touch\u00e9s par les moments \u00e9mouvants du film et par les valeurs qu\u2019il transmet, nous avons rep\u00e9r\u00e9 l&#8217;actualit\u00e9 d&#8217;un roman qui parle de la soci\u00e9t\u00e9 et les in\u00e9galit\u00e9s. Une histoire du pass\u00e9 qui devient tr\u00e8s proche de nos parcours contemporains.<\/p>\n\n\n\n<div class=\"wp-block-getwid-advanced-spacer getwid-hide-tablet getwid-hide-mobile\" style=\"height:10px\" aria-hidden=\"true\"><\/div>\n\n\n\n<div class=\"wp-block-getwid-images-slider has-arrows-inside has-dots-outside has-images-center has-fitted-images has-fixed-height\"><div class=\"wp-block-getwid-images-slider__wrapper\" data-effect=\"slide\" data-slides-show=\"1\" data-slides-show-laptop=\"1\" data-slides-show-tablet=\"1\" data-slides-show-mobile=\"1\" data-slides-scroll=\"1\" data-autoplay=\"true\" data-pause-hover=\"true\" data-autoplay-speed=\"6000\" data-infinite=\"true\" data-animation-speed=\"800\" data-center-mode=\"false\" data-variable-width=\"false\" data-arrows=\"inside\" data-dots=\"outside\" data-spacing=\"none\"><div class=\"wp-block-getwid-images-slider__item\" style=\"height:400px\"><figure><img loading=\"lazy\" decoding=\"async\" width=\"1280\" height=\"576\" src=\"https:\/\/agora.xtec.cat\/cfavictorinavila\/wp-content\/uploads\/usu417\/2026\/04\/IMG_20260406_215802_894.jpg\" data-id=\"13689\" data-link=\"https:\/\/agora.xtec.cat\/cfavictorinavila\/img_20260406_215802_894\/\" data-original-link=\"https:\/\/agora.xtec.cat\/cfavictorinavila\/wp-content\/uploads\/usu417\/2026\/04\/IMG_20260406_215802_894.jpg\" class=\"wp-block-getwid-images-slider__image wp-image-13689\" srcset=\"https:\/\/agora.xtec.cat\/cfavictorinavila\/wp-content\/uploads\/usu417\/2026\/04\/IMG_20260406_215802_894.jpg 1280w, https:\/\/agora.xtec.cat\/cfavictorinavila\/wp-content\/uploads\/usu417\/2026\/04\/IMG_20260406_215802_894-768x346.jpg 768w\" sizes=\"auto, (max-width: 1280px) 100vw, 1280px\" \/><\/figure><\/div><div class=\"wp-block-getwid-images-slider__item\" style=\"height:400px\"><figure><img loading=\"lazy\" decoding=\"async\" width=\"1693\" height=\"1080\" src=\"https:\/\/agora.xtec.cat\/cfavictorinavila\/wp-content\/uploads\/usu417\/2026\/04\/Picsart_26-04-06_23-42-50-715.png\" data-id=\"13690\" data-link=\"https:\/\/agora.xtec.cat\/cfavictorinavila\/picsart_26-04-06_23-42-50-715\/\" data-original-link=\"https:\/\/agora.xtec.cat\/cfavictorinavila\/wp-content\/uploads\/usu417\/2026\/04\/Picsart_26-04-06_23-42-50-715.png\" class=\"wp-block-getwid-images-slider__image wp-image-13690\" srcset=\"https:\/\/agora.xtec.cat\/cfavictorinavila\/wp-content\/uploads\/usu417\/2026\/04\/Picsart_26-04-06_23-42-50-715.png 1693w, https:\/\/agora.xtec.cat\/cfavictorinavila\/wp-content\/uploads\/usu417\/2026\/04\/Picsart_26-04-06_23-42-50-715-768x490.png 768w, https:\/\/agora.xtec.cat\/cfavictorinavila\/wp-content\/uploads\/usu417\/2026\/04\/Picsart_26-04-06_23-42-50-715-1536x980.png 1536w\" sizes=\"auto, (max-width: 1693px) 100vw, 1693px\" \/><\/figure><\/div><div class=\"wp-block-getwid-images-slider__item\" style=\"height:400px\"><figure><img loading=\"lazy\" decoding=\"async\" width=\"1000\" height=\"1250\" src=\"https:\/\/agora.xtec.cat\/cfavictorinavila\/wp-content\/uploads\/usu417\/2026\/04\/Jean-Valjean.jpg\" data-id=\"13688\" data-link=\"https:\/\/agora.xtec.cat\/cfavictorinavila\/jean-valjean\/\" data-original-link=\"https:\/\/agora.xtec.cat\/cfavictorinavila\/wp-content\/uploads\/usu417\/2026\/04\/Jean-Valjean.jpg\" class=\"wp-block-getwid-images-slider__image wp-image-13688\" srcset=\"https:\/\/agora.xtec.cat\/cfavictorinavila\/wp-content\/uploads\/usu417\/2026\/04\/Jean-Valjean.jpg 1000w, https:\/\/agora.xtec.cat\/cfavictorinavila\/wp-content\/uploads\/usu417\/2026\/04\/Jean-Valjean-768x960.jpg 768w\" sizes=\"auto, (max-width: 1000px) 100vw, 1000px\" \/><\/figure><\/div><\/div><\/div>\n","protected":false},"excerpt":{"rendered":"<p>\ud83c\udfac C\u2019est toujours sympa d\u2019aller au cin\u00e9ma! Ce trimestre le film choisi a \u00e9t\u00e9 Jean Valjean, inspir\u00e9 du c\u00e9l\u00e8bre roman Les Mis\u00e9rables  de Victor Hugo \ud83c\udf9f\ufe0f Touch\u00e9s par les moments \u00e9mouvants du film et par les valeurs qu\u2019il transmet, nous&#8230;<\/p>\n","protected":false},"author":1,"featured_media":13691,"comment_status":"closed","ping_status":"open","sticky":false,"template":"","format":"standard","meta":{"site-sidebar-layout":"default","site-content-layout":"","ast-site-content-layout":"default","site-content-style":"default","site-sidebar-style":"default","ast-global-header-display":"","ast-banner-title-visibility":"","ast-main-header-display":"","ast-hfb-above-header-display":"","ast-hfb-below-header-display":"","ast-hfb-mobile-header-display":"","site-post-title":"","ast-breadcrumbs-content":"","ast-featured-img":"","footer-sml-layout":"","theme-transparent-header-meta":"","adv-header-id-meta":"","stick-header-meta":"","header-above-stick-meta":"","header-main-stick-meta":"","header-below-stick-meta":"","astra-migrate-meta-layouts":"set","ast-page-background-enabled":"default","ast-page-background-meta":{"desktop":{"background-color":"var(--ast-global-color-4)","background-image":"","background-repeat":"repeat","background-position":"center center","background-size":"auto","background-attachment":"scroll","background-type":"","background-media":"","overlay-type":"","overlay-color":"","overlay-opacity":"","overlay-gradient":""},"tablet":{"background-color":"","background-image":"","background-repeat":"repeat","background-position":"center center","background-size":"auto","background-attachment":"scroll","background-type":"","background-media":"","overlay-type":"","overlay-color":"","overlay-opacity":"","overlay-gradient":""},"mobile":{"background-color":"","background-image":"","background-repeat":"repeat","background-position":"center center","background-size":"auto","background-attachment":"scroll","background-type":"","background-media":"","overlay-type":"","overlay-color":"","overlay-opacity":"","overlay-gradient":""}},"ast-content-background-meta":{"desktop":{"background-color":"var(--ast-global-color-5)","background-image":"","background-repeat":"repeat","background-position":"center center","background-size":"auto","background-attachment":"scroll","background-type":"","background-media":"","overlay-type":"","overlay-color":"","overlay-opacity":"","overlay-gradient":""},"tablet":{"background-color":"var(--ast-global-color-5)","background-image":"","background-repeat":"repeat","background-position":"center center","background-size":"auto","background-attachment":"scroll","background-type":"","background-media":"","overlay-type":"","overlay-color":"","overlay-opacity":"","overlay-gradient":""},"mobile":{"background-color":"var(--ast-global-color-5)","background-image":"","background-repeat":"repeat","background-position":"center center","background-size":"auto","background-attachment":"scroll","background-type":"","background-media":"","overlay-type":"","overlay-color":"","overlay-opacity":"","overlay-gradient":""}},"footnotes":""},"categories":[145,1,29],"tags":[146],"class_list":["post-13692","post","type-post","status-publish","format-standard","has-post-thumbnail","hentry","category-fpa-frances","category-general","category-portada","tag-fpa_frances"],"post_mailing_queue_ids":[],"_links":{"self":[{"href":"https:\/\/agora.xtec.cat\/cfavictorinavila\/wp-json\/wp\/v2\/posts\/13692","targetHints":{"allow":["GET"]}}],"collection":[{"href":"https:\/\/agora.xtec.cat\/cfavictorinavila\/wp-json\/wp\/v2\/posts"}],"about":[{"href":"https:\/\/agora.xtec.cat\/cfavictorinavila\/wp-json\/wp\/v2\/types\/post"}],"author":[{"embeddable":true,"href":"https:\/\/agora.xtec.cat\/cfavictorinavila\/wp-json\/wp\/v2\/users\/1"}],"replies":[{"embeddable":true,"href":"https:\/\/agora.xtec.cat\/cfavictorinavila\/wp-json\/wp\/v2\/comments?post=13692"}],"version-history":[{"count":6,"href":"https:\/\/agora.xtec.cat\/cfavictorinavila\/wp-json\/wp\/v2\/posts\/13692\/revisions"}],"predecessor-version":[{"id":13702,"href":"https:\/\/agora.xtec.cat\/cfavictorinavila\/wp-json\/wp\/v2\/posts\/13692\/revisions\/13702"}],"wp:featuredmedia":[{"embeddable":true,"href":"https:\/\/agora.xtec.cat\/cfavictorinavila\/wp-json\/wp\/v2\/media\/13691"}],"wp:attachment":[{"href":"https:\/\/agora.xtec.cat\/cfavictorinavila\/wp-json\/wp\/v2\/media?parent=13692"}],"wp:term":[{"taxonomy":"category","embeddable":true,"href":"https:\/\/agora.xtec.cat\/cfavictorinavila\/wp-json\/wp\/v2\/categories?post=13692"},{"taxonomy":"post_tag","embeddable":true,"href":"https:\/\/agora.xtec.cat\/cfavictorinavila\/wp-json\/wp\/v2\/tags?post=13692"}],"curies":[{"name":"wp","href":"https:\/\/api.w.org\/{rel}","templated":true}]}}