{"id":826,"date":"2018-04-01T08:00:43","date_gmt":"2018-04-01T06:00:43","guid":{"rendered":"http:\/\/agora.xtec.cat\/cfatorreromeu\/?p=826"},"modified":"2018-03-13T13:10:15","modified_gmt":"2018-03-13T12:10:15","slug":"kedades-per-teixir-en-biblioteca-la-serra","status":"publish","type":"post","link":"https:\/\/agora.xtec.cat\/cfatorreromeu\/general\/kedades-per-teixir-en-biblioteca-la-serra\/","title":{"rendered":"Kedades per teixir en Biblioteca la Serra"},"content":{"rendered":"<div class=\"seccionTitulo\">\n<h4 class=\"titulo\" style=\"text-align: center;\"><strong>Kedades per teixir<\/strong><\/h4>\n<\/div>\n<p>T&#8217;agrada cosir o teixir? Vols aprendre? T&#8217;agradaria compartir la teva afici\u00f3?<\/p>\n<p>Nosaltres t&#8217;ho posem f\u00e0cil!<\/p>\n<div class=\"flotantesquerra\"><img decoding=\"async\" class=\"lazyloaded aligncenter\" src=\"https:\/\/bibliotecavirtual.diba.cat\/documents\/350317\/463182\/Kedades+per+teixir+BV.jpg\/cd31f6f4-a7b2-4b97-9b35-4b294d753bbb?t=1516192614527\" alt=\"\" \/><\/div>\n<p style=\"text-align: justify;\"><strong>Tots els divendres de 17:30 a 20 h es reuneixen per teixir plegats i passar una tarda ben agradable.<\/strong><\/p>\n<p style=\"text-align: justify;\">On? BIBLIOTECA LA SERRA<\/p>\n<div class=\"col-xs-12 col-sm-5 col-md-4\">\n<div class=\"biblio-data\">\n<dl>\n<dt class=\"m1\"><span class=\"accesible-hidden\">Direcci\u00f3:<\/span><\/dt>\n<dd>Pla\u00e7a de Crist\u00f3bal Ramos, 1<\/p>\n<p>08202\u00a0Sabadell<\/p>\n<p><strong><a href=\"http:\/\/goo.gl\/maps\/ZXnY5\">Com arribar?<br \/>\n<\/a><\/strong>Bus urb\u00e0: L\u00ednies L4, L44 i L23<\/p>\n<p><a href=\"http:\/\/www.tus.es\">TUS Transports Urbans de Sabadell<\/a><\/dd>\n<dt><span class=\"accesible-hidden\">Tel.:<\/span><\/dt>\n<dd>937 263 468<\/dd>\n<\/dl>\n<\/div>\n<\/div>\n<p style=\"text-align: justify;\">I no oblidis consultar el <a href=\"http:\/\/bibliotecavirtual.diba.cat\/detall-fons-especial\/-\/detall\/gdD7\/FONS_ESPECIAL\/350317\/40484183\" target=\"_blank\" rel=\"noopener noreferrer\">Fons Especial d&#8217;Arts de l&#8217;Agulla<\/a>, on trobar\u00e0s un munt d&#8217;idees i t\u00e8cniques per fer realitat els teus projectes.<\/p>\n<p style=\"text-align: justify;\">Aix\u00ed que si\u00a0t&#8217;agrada fer mitja, ganxet, punt de creu o cosir, no esperis m\u00e9s!<\/p>\n","protected":false},"excerpt":{"rendered":"<p>Kedades per teixir T&#8217;agrada cosir o teixir? Vols aprendre? T&#8217;agradaria compartir la teva afici\u00f3? Nosaltres t&#8217;ho posem f\u00e0cil! Tots els divendres de 17:30 a 20 h es reuneixen per teixir plegats i passar una tarda ben agradable. On? BIBLIOTECA LA SERRA Direcci\u00f3: Pla\u00e7a de Crist\u00f3bal Ramos, 1 08202\u00a0Sabadell Com arribar? Bus urb\u00e0: L\u00ednies L4, L44 [&hellip;]<\/p>\n","protected":false},"author":1,"featured_media":829,"comment_status":"open","ping_status":"closed","sticky":false,"template":"","format":"standard","meta":{"_bbp_topic_count":0,"_bbp_reply_count":0,"_bbp_total_topic_count":0,"_bbp_total_reply_count":0,"_bbp_voice_count":0,"_bbp_anonymous_reply_count":0,"_bbp_topic_count_hidden":0,"_bbp_reply_count_hidden":0,"_bbp_forum_subforum_count":0,"site-sidebar-layout":"default","site-content-layout":"","ast-site-content-layout":"","site-content-style":"default","site-sidebar-style":"default","ast-global-header-display":"","ast-banner-title-visibility":"","ast-main-header-display":"","ast-hfb-above-header-display":"","ast-hfb-below-header-display":"","ast-hfb-mobile-header-display":"","site-post-title":"","ast-breadcrumbs-content":"","ast-featured-img":"","footer-sml-layout":"","theme-transparent-header-meta":"","adv-header-id-meta":"","stick-header-meta":"","header-above-stick-meta":"","header-main-stick-meta":"","header-below-stick-meta":"","astra-migrate-meta-layouts":"default","ast-page-background-enabled":"default","ast-page-background-meta":{"desktop":{"background-color":"var(--ast-global-color-4)","background-image":"","background-repeat":"repeat","background-position":"center center","background-size":"auto","background-attachment":"scroll","background-type":"","background-media":"","overlay-type":"","overlay-color":"","overlay-opacity":"","overlay-gradient":""},"tablet":{"background-color":"","background-image":"","background-repeat":"repeat","background-position":"center center","background-size":"auto","background-attachment":"scroll","background-type":"","background-media":"","overlay-type":"","overlay-color":"","overlay-opacity":"","overlay-gradient":""},"mobile":{"background-color":"","background-image":"","background-repeat":"repeat","background-position":"center center","background-size":"auto","background-attachment":"scroll","background-type":"","background-media":"","overlay-type":"","overlay-color":"","overlay-opacity":"","overlay-gradient":""}},"ast-content-background-meta":{"desktop":{"background-color":"var(--ast-global-color-5)","background-image":"","background-repeat":"repeat","background-position":"center center","background-size":"auto","background-attachment":"scroll","background-type":"","background-media":"","overlay-type":"","overlay-color":"","overlay-opacity":"","overlay-gradient":""},"tablet":{"background-color":"var(--ast-global-color-5)","background-image":"","background-repeat":"repeat","background-position":"center center","background-size":"auto","background-attachment":"scroll","background-type":"","background-media":"","overlay-type":"","overlay-color":"","overlay-opacity":"","overlay-gradient":""},"mobile":{"background-color":"var(--ast-global-color-5)","background-image":"","background-repeat":"repeat","background-position":"center center","background-size":"auto","background-attachment":"scroll","background-type":"","background-media":"","overlay-type":"","overlay-color":"","overlay-opacity":"","overlay-gradient":""}},"footnotes":""},"categories":[79,113,1,29],"tags":[],"class_list":["post-826","post","type-post","status-publish","format-standard","has-post-thumbnail","hentry","category-blog-biblio","category-biblioteca-publica","category-general","category-portada"],"post_mailing_queue_ids":[],"_links":{"self":[{"href":"https:\/\/agora.xtec.cat\/cfatorreromeu\/wp-json\/wp\/v2\/posts\/826","targetHints":{"allow":["GET"]}}],"collection":[{"href":"https:\/\/agora.xtec.cat\/cfatorreromeu\/wp-json\/wp\/v2\/posts"}],"about":[{"href":"https:\/\/agora.xtec.cat\/cfatorreromeu\/wp-json\/wp\/v2\/types\/post"}],"author":[{"embeddable":true,"href":"https:\/\/agora.xtec.cat\/cfatorreromeu\/wp-json\/wp\/v2\/users\/1"}],"replies":[{"embeddable":true,"href":"https:\/\/agora.xtec.cat\/cfatorreromeu\/wp-json\/wp\/v2\/comments?post=826"}],"version-history":[{"count":2,"href":"https:\/\/agora.xtec.cat\/cfatorreromeu\/wp-json\/wp\/v2\/posts\/826\/revisions"}],"predecessor-version":[{"id":830,"href":"https:\/\/agora.xtec.cat\/cfatorreromeu\/wp-json\/wp\/v2\/posts\/826\/revisions\/830"}],"wp:featuredmedia":[{"embeddable":true,"href":"https:\/\/agora.xtec.cat\/cfatorreromeu\/wp-json\/wp\/v2\/media\/829"}],"wp:attachment":[{"href":"https:\/\/agora.xtec.cat\/cfatorreromeu\/wp-json\/wp\/v2\/media?parent=826"}],"wp:term":[{"taxonomy":"category","embeddable":true,"href":"https:\/\/agora.xtec.cat\/cfatorreromeu\/wp-json\/wp\/v2\/categories?post=826"},{"taxonomy":"post_tag","embeddable":true,"href":"https:\/\/agora.xtec.cat\/cfatorreromeu\/wp-json\/wp\/v2\/tags?post=826"}],"curies":[{"name":"wp","href":"https:\/\/api.w.org\/{rel}","templated":true}]}}