{"id":4936,"date":"2026-04-24T11:07:45","date_gmt":"2026-04-24T09:07:45","guid":{"rendered":"https:\/\/agora.xtec.cat\/cfatorreromeu\/?p=4936"},"modified":"2026-04-24T11:42:58","modified_gmt":"2026-04-24T09:42:58","slug":"sant-jordi-2026","status":"publish","type":"post","link":"https:\/\/agora.xtec.cat\/cfatorreromeu\/general\/sant-jordi-2026\/","title":{"rendered":"Sant Jordi 2026"},"content":{"rendered":"\n<div class=\"wp-block-getwid-images-slider has-arrows-inside has-dots-inside has-images-center has-cropped-images\"><div class=\"wp-block-getwid-images-slider__wrapper\" data-effect=\"slide\" data-slides-show=\"1\" data-slides-show-laptop=\"1\" data-slides-show-tablet=\"1\" data-slides-show-mobile=\"1\" data-slides-scroll=\"1\" data-autoplay=\"false\" data-pause-hover=\"false\" data-autoplay-speed=\"6000\" data-infinite=\"true\" data-animation-speed=\"800\" data-center-mode=\"false\" data-variable-width=\"false\" data-arrows=\"inside\" data-dots=\"inside\" data-spacing=\"none\"><div class=\"wp-block-getwid-images-slider__item\"><figure><img loading=\"lazy\" decoding=\"async\" width=\"2040\" height=\"1530\" src=\"https:\/\/agora.xtec.cat\/cfatorreromeu\/wp-content\/uploads\/usu1713\/2026\/04\/sant-jordi-1.jpeg\" data-id=\"4943\" data-link=\"https:\/\/agora.xtec.cat\/cfatorreromeu\/?attachment_id=4943\" data-original-link=\"https:\/\/agora.xtec.cat\/cfatorreromeu\/wp-content\/uploads\/usu1713\/2026\/04\/sant-jordi-1.jpeg\" class=\"wp-block-getwid-images-slider__image wp-image-4943\" srcset=\"https:\/\/agora.xtec.cat\/cfatorreromeu\/wp-content\/uploads\/usu1713\/2026\/04\/sant-jordi-1.jpeg 2040w, https:\/\/agora.xtec.cat\/cfatorreromeu\/wp-content\/uploads\/usu1713\/2026\/04\/sant-jordi-1-300x225.jpeg 300w, https:\/\/agora.xtec.cat\/cfatorreromeu\/wp-content\/uploads\/usu1713\/2026\/04\/sant-jordi-1-1024x768.jpeg 1024w, https:\/\/agora.xtec.cat\/cfatorreromeu\/wp-content\/uploads\/usu1713\/2026\/04\/sant-jordi-1-768x576.jpeg 768w, https:\/\/agora.xtec.cat\/cfatorreromeu\/wp-content\/uploads\/usu1713\/2026\/04\/sant-jordi-1-1536x1152.jpeg 1536w\" sizes=\"auto, (max-width: 2040px) 100vw, 2040px\" \/><\/figure><\/div><div class=\"wp-block-getwid-images-slider__item\"><figure><img loading=\"lazy\" decoding=\"async\" width=\"1232\" height=\"1640\" src=\"https:\/\/agora.xtec.cat\/cfatorreromeu\/wp-content\/uploads\/usu1713\/2026\/04\/sant-jordi-7.jpeg\" data-id=\"4942\" data-link=\"https:\/\/agora.xtec.cat\/cfatorreromeu\/?attachment_id=4942\" data-original-link=\"https:\/\/agora.xtec.cat\/cfatorreromeu\/wp-content\/uploads\/usu1713\/2026\/04\/sant-jordi-7.jpeg\" class=\"wp-block-getwid-images-slider__image wp-image-4942\" srcset=\"https:\/\/agora.xtec.cat\/cfatorreromeu\/wp-content\/uploads\/usu1713\/2026\/04\/sant-jordi-7.jpeg 1232w, https:\/\/agora.xtec.cat\/cfatorreromeu\/wp-content\/uploads\/usu1713\/2026\/04\/sant-jordi-7-225x300.jpeg 225w, https:\/\/agora.xtec.cat\/cfatorreromeu\/wp-content\/uploads\/usu1713\/2026\/04\/sant-jordi-7-769x1024.jpeg 769w, https:\/\/agora.xtec.cat\/cfatorreromeu\/wp-content\/uploads\/usu1713\/2026\/04\/sant-jordi-7-768x1022.jpeg 768w, https:\/\/agora.xtec.cat\/cfatorreromeu\/wp-content\/uploads\/usu1713\/2026\/04\/sant-jordi-7-1154x1536.jpeg 1154w\" sizes=\"auto, (max-width: 1232px) 100vw, 1232px\" \/><\/figure><\/div><div class=\"wp-block-getwid-images-slider__item\"><figure><img loading=\"lazy\" decoding=\"async\" width=\"1530\" height=\"2040\" src=\"https:\/\/agora.xtec.cat\/cfatorreromeu\/wp-content\/uploads\/usu1713\/2026\/04\/sant-jordi-2.jpeg\" data-id=\"4941\" data-link=\"https:\/\/agora.xtec.cat\/cfatorreromeu\/?attachment_id=4941\" data-original-link=\"https:\/\/agora.xtec.cat\/cfatorreromeu\/wp-content\/uploads\/usu1713\/2026\/04\/sant-jordi-2.jpeg\" class=\"wp-block-getwid-images-slider__image wp-image-4941\" srcset=\"https:\/\/agora.xtec.cat\/cfatorreromeu\/wp-content\/uploads\/usu1713\/2026\/04\/sant-jordi-2.jpeg 1530w, https:\/\/agora.xtec.cat\/cfatorreromeu\/wp-content\/uploads\/usu1713\/2026\/04\/sant-jordi-2-225x300.jpeg 225w, https:\/\/agora.xtec.cat\/cfatorreromeu\/wp-content\/uploads\/usu1713\/2026\/04\/sant-jordi-2-768x1024.jpeg 768w, https:\/\/agora.xtec.cat\/cfatorreromeu\/wp-content\/uploads\/usu1713\/2026\/04\/sant-jordi-2-1152x1536.jpeg 1152w\" sizes=\"auto, (max-width: 1530px) 100vw, 1530px\" \/><\/figure><\/div><div class=\"wp-block-getwid-images-slider__item\"><figure><img loading=\"lazy\" decoding=\"async\" width=\"1232\" height=\"1640\" src=\"https:\/\/agora.xtec.cat\/cfatorreromeu\/wp-content\/uploads\/usu1713\/2026\/04\/sant-jordi-8.jpeg\" data-id=\"4940\" data-link=\"https:\/\/agora.xtec.cat\/cfatorreromeu\/?attachment_id=4940\" data-original-link=\"https:\/\/agora.xtec.cat\/cfatorreromeu\/wp-content\/uploads\/usu1713\/2026\/04\/sant-jordi-8.jpeg\" class=\"wp-block-getwid-images-slider__image wp-image-4940\" srcset=\"https:\/\/agora.xtec.cat\/cfatorreromeu\/wp-content\/uploads\/usu1713\/2026\/04\/sant-jordi-8.jpeg 1232w, https:\/\/agora.xtec.cat\/cfatorreromeu\/wp-content\/uploads\/usu1713\/2026\/04\/sant-jordi-8-225x300.jpeg 225w, https:\/\/agora.xtec.cat\/cfatorreromeu\/wp-content\/uploads\/usu1713\/2026\/04\/sant-jordi-8-769x1024.jpeg 769w, https:\/\/agora.xtec.cat\/cfatorreromeu\/wp-content\/uploads\/usu1713\/2026\/04\/sant-jordi-8-768x1022.jpeg 768w, https:\/\/agora.xtec.cat\/cfatorreromeu\/wp-content\/uploads\/usu1713\/2026\/04\/sant-jordi-8-1154x1536.jpeg 1154w\" sizes=\"auto, (max-width: 1232px) 100vw, 1232px\" \/><\/figure><\/div><div class=\"wp-block-getwid-images-slider__item\"><figure><img loading=\"lazy\" decoding=\"async\" width=\"1232\" height=\"1640\" src=\"https:\/\/agora.xtec.cat\/cfatorreromeu\/wp-content\/uploads\/usu1713\/2026\/04\/sant-jordi-6.jpeg\" data-id=\"4939\" data-link=\"https:\/\/agora.xtec.cat\/cfatorreromeu\/?attachment_id=4939\" data-original-link=\"https:\/\/agora.xtec.cat\/cfatorreromeu\/wp-content\/uploads\/usu1713\/2026\/04\/sant-jordi-6.jpeg\" class=\"wp-block-getwid-images-slider__image wp-image-4939\" srcset=\"https:\/\/agora.xtec.cat\/cfatorreromeu\/wp-content\/uploads\/usu1713\/2026\/04\/sant-jordi-6.jpeg 1232w, https:\/\/agora.xtec.cat\/cfatorreromeu\/wp-content\/uploads\/usu1713\/2026\/04\/sant-jordi-6-225x300.jpeg 225w, https:\/\/agora.xtec.cat\/cfatorreromeu\/wp-content\/uploads\/usu1713\/2026\/04\/sant-jordi-6-769x1024.jpeg 769w, https:\/\/agora.xtec.cat\/cfatorreromeu\/wp-content\/uploads\/usu1713\/2026\/04\/sant-jordi-6-768x1022.jpeg 768w, https:\/\/agora.xtec.cat\/cfatorreromeu\/wp-content\/uploads\/usu1713\/2026\/04\/sant-jordi-6-1154x1536.jpeg 1154w\" sizes=\"auto, (max-width: 1232px) 100vw, 1232px\" \/><\/figure><\/div><div class=\"wp-block-getwid-images-slider__item\"><figure><img loading=\"lazy\" decoding=\"async\" width=\"1232\" height=\"1640\" src=\"https:\/\/agora.xtec.cat\/cfatorreromeu\/wp-content\/uploads\/usu1713\/2026\/04\/sant-jordi-5.jpeg\" data-id=\"4938\" data-link=\"https:\/\/agora.xtec.cat\/cfatorreromeu\/?attachment_id=4938\" data-original-link=\"https:\/\/agora.xtec.cat\/cfatorreromeu\/wp-content\/uploads\/usu1713\/2026\/04\/sant-jordi-5.jpeg\" class=\"wp-block-getwid-images-slider__image wp-image-4938\" srcset=\"https:\/\/agora.xtec.cat\/cfatorreromeu\/wp-content\/uploads\/usu1713\/2026\/04\/sant-jordi-5.jpeg 1232w, https:\/\/agora.xtec.cat\/cfatorreromeu\/wp-content\/uploads\/usu1713\/2026\/04\/sant-jordi-5-225x300.jpeg 225w, https:\/\/agora.xtec.cat\/cfatorreromeu\/wp-content\/uploads\/usu1713\/2026\/04\/sant-jordi-5-769x1024.jpeg 769w, https:\/\/agora.xtec.cat\/cfatorreromeu\/wp-content\/uploads\/usu1713\/2026\/04\/sant-jordi-5-768x1022.jpeg 768w, https:\/\/agora.xtec.cat\/cfatorreromeu\/wp-content\/uploads\/usu1713\/2026\/04\/sant-jordi-5-1154x1536.jpeg 1154w\" sizes=\"auto, (max-width: 1232px) 100vw, 1232px\" \/><\/figure><\/div><div class=\"wp-block-getwid-images-slider__item\"><figure><img loading=\"lazy\" decoding=\"async\" width=\"2040\" height=\"1530\" src=\"https:\/\/agora.xtec.cat\/cfatorreromeu\/wp-content\/uploads\/usu1713\/2026\/04\/sant-jordi-4.jpeg\" data-id=\"4944\" data-link=\"https:\/\/agora.xtec.cat\/cfatorreromeu\/?attachment_id=4944\" data-original-link=\"https:\/\/agora.xtec.cat\/cfatorreromeu\/wp-content\/uploads\/usu1713\/2026\/04\/sant-jordi-4.jpeg\" class=\"wp-block-getwid-images-slider__image wp-image-4944\" srcset=\"https:\/\/agora.xtec.cat\/cfatorreromeu\/wp-content\/uploads\/usu1713\/2026\/04\/sant-jordi-4.jpeg 2040w, https:\/\/agora.xtec.cat\/cfatorreromeu\/wp-content\/uploads\/usu1713\/2026\/04\/sant-jordi-4-300x225.jpeg 300w, https:\/\/agora.xtec.cat\/cfatorreromeu\/wp-content\/uploads\/usu1713\/2026\/04\/sant-jordi-4-1024x768.jpeg 1024w, https:\/\/agora.xtec.cat\/cfatorreromeu\/wp-content\/uploads\/usu1713\/2026\/04\/sant-jordi-4-768x576.jpeg 768w, https:\/\/agora.xtec.cat\/cfatorreromeu\/wp-content\/uploads\/usu1713\/2026\/04\/sant-jordi-4-1536x1152.jpeg 1536w\" sizes=\"auto, (max-width: 2040px) 100vw, 2040px\" \/><\/figure><\/div><div class=\"wp-block-getwid-images-slider__item\"><figure><img loading=\"lazy\" decoding=\"async\" width=\"1024\" height=\"768\" src=\"https:\/\/agora.xtec.cat\/cfatorreromeu\/wp-content\/uploads\/usu1713\/2026\/04\/sant-jordi-3-e1777020005811.jpeg\" data-id=\"4945\" data-link=\"https:\/\/agora.xtec.cat\/cfatorreromeu\/?attachment_id=4945\" data-original-link=\"https:\/\/agora.xtec.cat\/cfatorreromeu\/wp-content\/uploads\/usu1713\/2026\/04\/sant-jordi-3-e1777020005811.jpeg\" class=\"wp-block-getwid-images-slider__image wp-image-4945\"\/><\/figure><\/div><\/div><\/div>\n\n\n\n<p>La tarda de dijous 23 d&#8217;abril, l&#8217;alumnat dels grups d&#8217;Ensenyaments de lleng\u00fces, de Formaci\u00f3 Instrumental i MEIJN van gaudir de l&#8217;ambient festiu i cultural de la Diada de Sant Jordi.<\/p>\n\n\n\n<p>\u00c9s una sortida que permet apropar les tradicions catalanes: la llengenda de St. Jordi, la llengua i literatura catalanes&#8230; <\/p>\n\n\n\n<p>Van veure com els joves i les joves per tal de demostrar el seu amor per l&#8217;altre es regalaven llibres i roses&#8230;<\/p>\n\n\n\n<p>Ha estat una experi\u00e8ncia pel nostre alumnat, han pogut comprovar quins espais, emocions i expressions vitals ens uneixen&#8230;<\/p>\n","protected":false},"excerpt":{"rendered":"<p>La tarda de dijous 23 d&#8217;abril, l&#8217;alumnat dels grups d&#8217;Ensenyaments de lleng\u00fces, de Formaci\u00f3 Instrumental i MEIJN van gaudir de l&#8217;ambient festiu i cultural de la Diada de Sant Jordi. \u00c9s una sortida que permet apropar les tradicions catalanes: la llengenda de St. Jordi, la llengua i literatura catalanes&#8230; Van veure com els joves i [&hellip;]<\/p>\n","protected":false},"author":1,"featured_media":4937,"comment_status":"open","ping_status":"open","sticky":false,"template":"","format":"standard","meta":{"_bbp_topic_count":0,"_bbp_reply_count":0,"_bbp_total_topic_count":0,"_bbp_total_reply_count":0,"_bbp_voice_count":0,"_bbp_anonymous_reply_count":0,"_bbp_topic_count_hidden":0,"_bbp_reply_count_hidden":0,"_bbp_forum_subforum_count":0,"site-sidebar-layout":"default","site-content-layout":"","ast-site-content-layout":"default","site-content-style":"default","site-sidebar-style":"default","ast-global-header-display":"","ast-banner-title-visibility":"","ast-main-header-display":"","ast-hfb-above-header-display":"","ast-hfb-below-header-display":"","ast-hfb-mobile-header-display":"","site-post-title":"","ast-breadcrumbs-content":"","ast-featured-img":"","footer-sml-layout":"","theme-transparent-header-meta":"","adv-header-id-meta":"","stick-header-meta":"","header-above-stick-meta":"","header-main-stick-meta":"","header-below-stick-meta":"","astra-migrate-meta-layouts":"set","ast-page-background-enabled":"default","ast-page-background-meta":{"desktop":{"background-color":"var(--ast-global-color-4)","background-image":"","background-repeat":"repeat","background-position":"center center","background-size":"auto","background-attachment":"scroll","background-type":"","background-media":"","overlay-type":"","overlay-color":"","overlay-opacity":"","overlay-gradient":""},"tablet":{"background-color":"","background-image":"","background-repeat":"repeat","background-position":"center center","background-size":"auto","background-attachment":"scroll","background-type":"","background-media":"","overlay-type":"","overlay-color":"","overlay-opacity":"","overlay-gradient":""},"mobile":{"background-color":"","background-image":"","background-repeat":"repeat","background-position":"center center","background-size":"auto","background-attachment":"scroll","background-type":"","background-media":"","overlay-type":"","overlay-color":"","overlay-opacity":"","overlay-gradient":""}},"ast-content-background-meta":{"desktop":{"background-color":"var(--ast-global-color-5)","background-image":"","background-repeat":"repeat","background-position":"center center","background-size":"auto","background-attachment":"scroll","background-type":"","background-media":"","overlay-type":"","overlay-color":"","overlay-opacity":"","overlay-gradient":""},"tablet":{"background-color":"var(--ast-global-color-5)","background-image":"","background-repeat":"repeat","background-position":"center center","background-size":"auto","background-attachment":"scroll","background-type":"","background-media":"","overlay-type":"","overlay-color":"","overlay-opacity":"","overlay-gradient":""},"mobile":{"background-color":"var(--ast-global-color-5)","background-image":"","background-repeat":"repeat","background-position":"center center","background-size":"auto","background-attachment":"scroll","background-type":"","background-media":"","overlay-type":"","overlay-color":"","overlay-opacity":"","overlay-gradient":""}},"footnotes":""},"categories":[141,1,29,140,146],"tags":[],"class_list":["post-4936","post","type-post","status-publish","format-standard","has-post-thumbnail","hentry","category-blog-activitats","category-general","category-portada","category-sant-jordi","category-sortida"],"post_mailing_queue_ids":[],"_links":{"self":[{"href":"https:\/\/agora.xtec.cat\/cfatorreromeu\/wp-json\/wp\/v2\/posts\/4936","targetHints":{"allow":["GET"]}}],"collection":[{"href":"https:\/\/agora.xtec.cat\/cfatorreromeu\/wp-json\/wp\/v2\/posts"}],"about":[{"href":"https:\/\/agora.xtec.cat\/cfatorreromeu\/wp-json\/wp\/v2\/types\/post"}],"author":[{"embeddable":true,"href":"https:\/\/agora.xtec.cat\/cfatorreromeu\/wp-json\/wp\/v2\/users\/1"}],"replies":[{"embeddable":true,"href":"https:\/\/agora.xtec.cat\/cfatorreromeu\/wp-json\/wp\/v2\/comments?post=4936"}],"version-history":[{"count":6,"href":"https:\/\/agora.xtec.cat\/cfatorreromeu\/wp-json\/wp\/v2\/posts\/4936\/revisions"}],"predecessor-version":[{"id":4970,"href":"https:\/\/agora.xtec.cat\/cfatorreromeu\/wp-json\/wp\/v2\/posts\/4936\/revisions\/4970"}],"wp:featuredmedia":[{"embeddable":true,"href":"https:\/\/agora.xtec.cat\/cfatorreromeu\/wp-json\/wp\/v2\/media\/4937"}],"wp:attachment":[{"href":"https:\/\/agora.xtec.cat\/cfatorreromeu\/wp-json\/wp\/v2\/media?parent=4936"}],"wp:term":[{"taxonomy":"category","embeddable":true,"href":"https:\/\/agora.xtec.cat\/cfatorreromeu\/wp-json\/wp\/v2\/categories?post=4936"},{"taxonomy":"post_tag","embeddable":true,"href":"https:\/\/agora.xtec.cat\/cfatorreromeu\/wp-json\/wp\/v2\/tags?post=4936"}],"curies":[{"name":"wp","href":"https:\/\/api.w.org\/{rel}","templated":true}]}}