{"id":3844,"date":"2025-11-26T14:31:45","date_gmt":"2025-11-26T13:31:45","guid":{"rendered":"https:\/\/agora.xtec.cat\/cfatorreromeu\/?p=3844"},"modified":"2025-12-02T13:48:01","modified_gmt":"2025-12-02T12:48:01","slug":"sortida-a-lopera-2","status":"publish","type":"post","link":"https:\/\/agora.xtec.cat\/cfatorreromeu\/portada\/sortida-a-lopera-2\/","title":{"rendered":"Sortida a l&#8217;\u00f2pera"},"content":{"rendered":"<p style=\"text-align: justify;\" data-start=\"104\" data-end=\"382\">El passat 16 d\u2019octubre, el nostre alumnat va participar en una sortida molt especial a l\u2019\u00f2pera de Sabadell. Va ser una experi\u00e8ncia que va funcionar molt b\u00e9 i que es va valorar molt positivament. Vam tenir l&#8217;oportunitat de gaudir de l&#8217;experi\u00e8ncia d&#8217;escoltar i veure les Noces de F\u00edgaro a la Far\u00e0ndula.<\/p>\n<p style=\"text-align: justify;\" data-start=\"384\" data-end=\"701\">Durant la visita, vam poder descobrir de prop la m\u00e0gia de les arts esc\u00e8niques: la m\u00fasica en directe, l\u2019escenografia, la interpretaci\u00f3 i tot all\u00f2 que fa de l\u2019\u00f2pera un espectacle \u00fanic. Estem molt contents del resultat de la sortida i del bon ambient que es va crear. Sens dubte, una activitat enriquidora que recordarem amb il\u00b7lusi\u00f3 i que anima a continuar apropant la cultura als nostres alumnes.<\/p>\n<p data-start=\"384\" data-end=\"701\"><a href=\"https:\/\/agora.xtec.cat\/cfatorreromeu\/wp-content\/uploads\/usu1713\/2025\/11\/opera-nou-2.jpg\"><img loading=\"lazy\" decoding=\"async\" class=\" wp-image-3846 alignleft\" src=\"https:\/\/agora.xtec.cat\/cfatorreromeu\/wp-content\/uploads\/usu1713\/2025\/11\/opera-nou-2.jpg\" alt=\"\" width=\"196\" height=\"298\" \/><\/a><\/p>\n<p><a href=\"https:\/\/agora.xtec.cat\/cfatorreromeu\/wp-content\/uploads\/usu1713\/2025\/11\/opera-nou-1.jpg\"><img loading=\"lazy\" decoding=\"async\" class=\" wp-image-3845 alignleft\" src=\"https:\/\/agora.xtec.cat\/cfatorreromeu\/wp-content\/uploads\/usu1713\/2025\/11\/opera-nou-1.jpg\" alt=\"\" width=\"230\" height=\"288\" \/><\/a><\/p>\n","protected":false},"excerpt":{"rendered":"<p>El passat 16 d\u2019octubre, el nostre alumnat va participar en una sortida molt especial a l\u2019\u00f2pera de Sabadell. Va ser una experi\u00e8ncia que va funcionar molt b\u00e9 i que es va valorar molt positivament. Vam tenir l&#8217;oportunitat de gaudir de l&#8217;experi\u00e8ncia d&#8217;escoltar i veure les Noces de F\u00edgaro a la Far\u00e0ndula. Durant la visita, vam [&hellip;]<\/p>\n","protected":false},"author":1,"featured_media":3865,"comment_status":"closed","ping_status":"closed","sticky":false,"template":"","format":"standard","meta":{"_bbp_topic_count":0,"_bbp_reply_count":0,"_bbp_total_topic_count":0,"_bbp_total_reply_count":0,"_bbp_voice_count":0,"_bbp_anonymous_reply_count":0,"_bbp_topic_count_hidden":0,"_bbp_reply_count_hidden":0,"_bbp_forum_subforum_count":0,"site-sidebar-layout":"default","site-content-layout":"","ast-site-content-layout":"","site-content-style":"default","site-sidebar-style":"default","ast-global-header-display":"","ast-banner-title-visibility":"","ast-main-header-display":"","ast-hfb-above-header-display":"","ast-hfb-below-header-display":"","ast-hfb-mobile-header-display":"","site-post-title":"","ast-breadcrumbs-content":"","ast-featured-img":"","footer-sml-layout":"","theme-transparent-header-meta":"","adv-header-id-meta":"","stick-header-meta":"","header-above-stick-meta":"","header-main-stick-meta":"","header-below-stick-meta":"","astra-migrate-meta-layouts":"default","ast-page-background-enabled":"default","ast-page-background-meta":{"desktop":{"background-color":"var(--ast-global-color-4)","background-image":"","background-repeat":"repeat","background-position":"center center","background-size":"auto","background-attachment":"scroll","background-type":"","background-media":"","overlay-type":"","overlay-color":"","overlay-opacity":"","overlay-gradient":""},"tablet":{"background-color":"","background-image":"","background-repeat":"repeat","background-position":"center center","background-size":"auto","background-attachment":"scroll","background-type":"","background-media":"","overlay-type":"","overlay-color":"","overlay-opacity":"","overlay-gradient":""},"mobile":{"background-color":"","background-image":"","background-repeat":"repeat","background-position":"center center","background-size":"auto","background-attachment":"scroll","background-type":"","background-media":"","overlay-type":"","overlay-color":"","overlay-opacity":"","overlay-gradient":""}},"ast-content-background-meta":{"desktop":{"background-color":"var(--ast-global-color-5)","background-image":"","background-repeat":"repeat","background-position":"center center","background-size":"auto","background-attachment":"scroll","background-type":"","background-media":"","overlay-type":"","overlay-color":"","overlay-opacity":"","overlay-gradient":""},"tablet":{"background-color":"var(--ast-global-color-5)","background-image":"","background-repeat":"repeat","background-position":"center center","background-size":"auto","background-attachment":"scroll","background-type":"","background-media":"","overlay-type":"","overlay-color":"","overlay-opacity":"","overlay-gradient":""},"mobile":{"background-color":"var(--ast-global-color-5)","background-image":"","background-repeat":"repeat","background-position":"center center","background-size":"auto","background-attachment":"scroll","background-type":"","background-media":"","overlay-type":"","overlay-color":"","overlay-opacity":"","overlay-gradient":""}},"footnotes":""},"categories":[141,29,146],"tags":[],"class_list":["post-3844","post","type-post","status-publish","format-standard","has-post-thumbnail","hentry","category-blog-activitats","category-portada","category-sortida"],"post_mailing_queue_ids":[],"_links":{"self":[{"href":"https:\/\/agora.xtec.cat\/cfatorreromeu\/wp-json\/wp\/v2\/posts\/3844","targetHints":{"allow":["GET"]}}],"collection":[{"href":"https:\/\/agora.xtec.cat\/cfatorreromeu\/wp-json\/wp\/v2\/posts"}],"about":[{"href":"https:\/\/agora.xtec.cat\/cfatorreromeu\/wp-json\/wp\/v2\/types\/post"}],"author":[{"embeddable":true,"href":"https:\/\/agora.xtec.cat\/cfatorreromeu\/wp-json\/wp\/v2\/users\/1"}],"replies":[{"embeddable":true,"href":"https:\/\/agora.xtec.cat\/cfatorreromeu\/wp-json\/wp\/v2\/comments?post=3844"}],"version-history":[{"count":6,"href":"https:\/\/agora.xtec.cat\/cfatorreromeu\/wp-json\/wp\/v2\/posts\/3844\/revisions"}],"predecessor-version":[{"id":3858,"href":"https:\/\/agora.xtec.cat\/cfatorreromeu\/wp-json\/wp\/v2\/posts\/3844\/revisions\/3858"}],"wp:featuredmedia":[{"embeddable":true,"href":"https:\/\/agora.xtec.cat\/cfatorreromeu\/wp-json\/wp\/v2\/media\/3865"}],"wp:attachment":[{"href":"https:\/\/agora.xtec.cat\/cfatorreromeu\/wp-json\/wp\/v2\/media?parent=3844"}],"wp:term":[{"taxonomy":"category","embeddable":true,"href":"https:\/\/agora.xtec.cat\/cfatorreromeu\/wp-json\/wp\/v2\/categories?post=3844"},{"taxonomy":"post_tag","embeddable":true,"href":"https:\/\/agora.xtec.cat\/cfatorreromeu\/wp-json\/wp\/v2\/tags?post=3844"}],"curies":[{"name":"wp","href":"https:\/\/api.w.org\/{rel}","templated":true}]}}