{"id":2338,"date":"2023-06-07T17:25:09","date_gmt":"2023-06-07T15:25:09","guid":{"rendered":"https:\/\/agora.xtec.cat\/cfatorreromeu\/?p=2338"},"modified":"2024-03-04T10:56:56","modified_gmt":"2024-03-04T09:56:56","slug":"el-cfa-torre-romeu-ara-sen-va-a-la-platja","status":"publish","type":"post","link":"https:\/\/agora.xtec.cat\/cfatorreromeu\/general\/el-cfa-torre-romeu-ara-sen-va-a-la-platja\/","title":{"rendered":"EL CFA TORRE ROMEU ARA SE\u2019N VA A LA PLATJA"},"content":{"rendered":"<p style=\"text-align: left;\">El 27 de maig es va fer una sortida als jardins Marimurtra de Blanes, dirigida a tots els alumnes del centre. Despr\u00e9s de l\u2019experi\u00e8ncia de la neu del mes de mar\u00e7 passat, ara ens ha tocat anar a una zona de platja.<br \/>\nAl mat\u00ed vam fer plegats una volta pel jard\u00ed bot\u00e0nic (Marimurtra), per despr\u00e9s baixar al poble de Blanes i poder gaudir del sol i la platja, o tamb\u00e9 per fer una passejada pels seus carrers si no hi havia ganes de remullar-se.<br \/>\nTal i com vam fer a la darrera sortida i poder facilitar la participaci\u00f3, la vam programar en dissabte i oberta a les fam\u00edlies de tots els nostres alumnes.<br \/>\nVa ser una jornada per poder compartir conjuntament una experi\u00e8ncia diferent fora del marc escolar i que va facilitar una interacci\u00f3 molt m\u00e9s fluida i natural entre tots els nostres alumnes.<br \/>\nAra a punt de finalitzar el curs no ens esperen noves sortides, per\u00f2 si que hem comen\u00e7at a preparar la festa de fi de curs, que esperem tingui una bona acollida. Tamb\u00e9 oberta a fam\u00edlies del nostre alumnat per garantir la m\u00e0xima participaci\u00f3.<\/p>\n<p><a href=\"https:\/\/agora.xtec.cat\/cfatorreromeu\/wp-content\/uploads\/usu1713\/2023\/06\/Blanes-2.png\"><img loading=\"lazy\" decoding=\"async\" class=\"aligncenter size-full wp-image-2339\" src=\"https:\/\/agora.xtec.cat\/cfatorreromeu\/wp-content\/uploads\/usu1713\/2023\/06\/Blanes-2.png\" alt=\"\" width=\"683\" height=\"384\" srcset=\"https:\/\/agora.xtec.cat\/cfatorreromeu\/wp-content\/uploads\/usu1713\/2023\/06\/Blanes-2.png 683w, https:\/\/agora.xtec.cat\/cfatorreromeu\/wp-content\/uploads\/usu1713\/2023\/06\/Blanes-2-300x169.png 300w\" sizes=\"auto, (max-width: 683px) 100vw, 683px\" \/><\/a><\/p>\n","protected":false},"excerpt":{"rendered":"<p>El 27 de maig es va fer una sortida als jardins Marimurtra de Blanes, dirigida a tots els alumnes del centre. Despr\u00e9s de l\u2019experi\u00e8ncia de la neu del mes de mar\u00e7 passat, ara ens ha tocat anar a una zona de platja. Al mat\u00ed vam fer plegats una volta pel jard\u00ed bot\u00e0nic (Marimurtra), per despr\u00e9s [&hellip;]<\/p>\n","protected":false},"author":1,"featured_media":0,"comment_status":"open","ping_status":"closed","sticky":false,"template":"","format":"standard","meta":{"_bbp_topic_count":0,"_bbp_reply_count":0,"_bbp_total_topic_count":0,"_bbp_total_reply_count":0,"_bbp_voice_count":0,"_bbp_anonymous_reply_count":0,"_bbp_topic_count_hidden":0,"_bbp_reply_count_hidden":0,"_bbp_forum_subforum_count":0,"site-sidebar-layout":"default","site-content-layout":"","ast-site-content-layout":"","site-content-style":"default","site-sidebar-style":"default","ast-global-header-display":"","ast-banner-title-visibility":"","ast-main-header-display":"","ast-hfb-above-header-display":"","ast-hfb-below-header-display":"","ast-hfb-mobile-header-display":"","site-post-title":"","ast-breadcrumbs-content":"","ast-featured-img":"","footer-sml-layout":"","theme-transparent-header-meta":"","adv-header-id-meta":"","stick-header-meta":"","header-above-stick-meta":"","header-main-stick-meta":"","header-below-stick-meta":"","astra-migrate-meta-layouts":"default","ast-page-background-enabled":"default","ast-page-background-meta":{"desktop":{"background-color":"var(--ast-global-color-4)","background-image":"","background-repeat":"repeat","background-position":"center center","background-size":"auto","background-attachment":"scroll","background-type":"","background-media":"","overlay-type":"","overlay-color":"","overlay-opacity":"","overlay-gradient":""},"tablet":{"background-color":"","background-image":"","background-repeat":"repeat","background-position":"center center","background-size":"auto","background-attachment":"scroll","background-type":"","background-media":"","overlay-type":"","overlay-color":"","overlay-opacity":"","overlay-gradient":""},"mobile":{"background-color":"","background-image":"","background-repeat":"repeat","background-position":"center center","background-size":"auto","background-attachment":"scroll","background-type":"","background-media":"","overlay-type":"","overlay-color":"","overlay-opacity":"","overlay-gradient":""}},"ast-content-background-meta":{"desktop":{"background-color":"var(--ast-global-color-5)","background-image":"","background-repeat":"repeat","background-position":"center center","background-size":"auto","background-attachment":"scroll","background-type":"","background-media":"","overlay-type":"","overlay-color":"","overlay-opacity":"","overlay-gradient":""},"tablet":{"background-color":"var(--ast-global-color-5)","background-image":"","background-repeat":"repeat","background-position":"center center","background-size":"auto","background-attachment":"scroll","background-type":"","background-media":"","overlay-type":"","overlay-color":"","overlay-opacity":"","overlay-gradient":""},"mobile":{"background-color":"var(--ast-global-color-5)","background-image":"","background-repeat":"repeat","background-position":"center center","background-size":"auto","background-attachment":"scroll","background-type":"","background-media":"","overlay-type":"","overlay-color":"","overlay-opacity":"","overlay-gradient":""}},"footnotes":""},"categories":[1,29,146],"tags":[],"class_list":["post-2338","post","type-post","status-publish","format-standard","hentry","category-general","category-portada","category-sortida"],"post_mailing_queue_ids":[],"_links":{"self":[{"href":"https:\/\/agora.xtec.cat\/cfatorreromeu\/wp-json\/wp\/v2\/posts\/2338","targetHints":{"allow":["GET"]}}],"collection":[{"href":"https:\/\/agora.xtec.cat\/cfatorreromeu\/wp-json\/wp\/v2\/posts"}],"about":[{"href":"https:\/\/agora.xtec.cat\/cfatorreromeu\/wp-json\/wp\/v2\/types\/post"}],"author":[{"embeddable":true,"href":"https:\/\/agora.xtec.cat\/cfatorreromeu\/wp-json\/wp\/v2\/users\/1"}],"replies":[{"embeddable":true,"href":"https:\/\/agora.xtec.cat\/cfatorreromeu\/wp-json\/wp\/v2\/comments?post=2338"}],"version-history":[{"count":3,"href":"https:\/\/agora.xtec.cat\/cfatorreromeu\/wp-json\/wp\/v2\/posts\/2338\/revisions"}],"predecessor-version":[{"id":2342,"href":"https:\/\/agora.xtec.cat\/cfatorreromeu\/wp-json\/wp\/v2\/posts\/2338\/revisions\/2342"}],"wp:attachment":[{"href":"https:\/\/agora.xtec.cat\/cfatorreromeu\/wp-json\/wp\/v2\/media?parent=2338"}],"wp:term":[{"taxonomy":"category","embeddable":true,"href":"https:\/\/agora.xtec.cat\/cfatorreromeu\/wp-json\/wp\/v2\/categories?post=2338"},{"taxonomy":"post_tag","embeddable":true,"href":"https:\/\/agora.xtec.cat\/cfatorreromeu\/wp-json\/wp\/v2\/tags?post=2338"}],"curies":[{"name":"wp","href":"https:\/\/api.w.org\/{rel}","templated":true}]}}