{"id":2263,"date":"2023-03-30T13:22:02","date_gmt":"2023-03-30T11:22:02","guid":{"rendered":"https:\/\/agora.xtec.cat\/cfatorreromeu\/?p=2263"},"modified":"2024-04-12T11:45:48","modified_gmt":"2024-04-12T09:45:48","slug":"la-gent-gran-del-centre-de-dia-de-torre-romeu-i-el-cfa-torre-romeu","status":"publish","type":"post","link":"https:\/\/agora.xtec.cat\/cfatorreromeu\/general\/la-gent-gran-del-centre-de-dia-de-torre-romeu-i-el-cfa-torre-romeu\/","title":{"rendered":"LA GENT GRAN DEL CENTRE DE DIA DE TORRE ROMEU I EL CFA TORRE ROMEU"},"content":{"rendered":"<p style=\"text-align: left;\"><a href=\"https:\/\/agora.xtec.cat\/cfatorreromeu\/wp-content\/uploads\/usu1713\/2023\/03\/FOTO_CENTRE_DIA-scaled-e1712915055684.jpg\"><img loading=\"lazy\" decoding=\"async\" class=\"wp-image-2291 alignleft\" src=\"https:\/\/agora.xtec.cat\/cfatorreromeu\/wp-content\/uploads\/usu1713\/2023\/03\/FOTO_CENTRE_DIA-scaled-e1712915055684.jpg\" alt=\"\" width=\"466\" height=\"320\" \/><\/a>L\u2019aprenentatge i els coneixements s\u00f3n dues coses que han d\u2019estimular-se<br \/>\nconstantment, i amb els anys \u00e9s m\u00e9s important encara recordar i<br \/>\ndesenvolupar-les perqu\u00e8 no passin a l\u2019oblit. Per aquest motiu, el Centre de<br \/>\nDia Torre Romeu per a gent gran, equipament p\u00fablic de Sabadell que<br \/>\ngestiona el Grup Mutuam, fa una col\u00b7laboraci\u00f3 social amb el CFA Torre<br \/>\nRomeu, per fomentar aquestes compet\u00e8ncies en els seus usuaris i<br \/>\nusu\u00e0ries.<br \/>\nEn aquests moments hi ha 9 persones inscrites en el curs d\u2019Instrumental II<br \/>\nque assisteixen setmanalment a les nostres classes. En aquestes sessions<br \/>\ns\u2019imparteixen coneixements d\u2019inform\u00e0tica b\u00e0sica, matem\u00e0tiques,<br \/>\nlleng\u00fces&#8230;<br \/>\nDes del CFA Torre Romeu estem conven\u00e7uts que l\u2019aprenentatge \u00e9s<br \/>\ncompatible amb totes les edats.<\/p>\n","protected":false},"excerpt":{"rendered":"<p>L\u2019aprenentatge i els coneixements s\u00f3n dues coses que han d\u2019estimular-se constantment, i amb els anys \u00e9s m\u00e9s important encara recordar i desenvolupar-les perqu\u00e8 no passin a l\u2019oblit. Per aquest motiu, el Centre de Dia Torre Romeu per a gent gran, equipament p\u00fablic de Sabadell que gestiona el Grup Mutuam, fa una col\u00b7laboraci\u00f3 social amb el [&hellip;]<\/p>\n","protected":false},"author":1,"featured_media":0,"comment_status":"closed","ping_status":"closed","sticky":false,"template":"","format":"standard","meta":{"_bbp_topic_count":0,"_bbp_reply_count":0,"_bbp_total_topic_count":0,"_bbp_total_reply_count":0,"_bbp_voice_count":0,"_bbp_anonymous_reply_count":0,"_bbp_topic_count_hidden":0,"_bbp_reply_count_hidden":0,"_bbp_forum_subforum_count":0,"site-sidebar-layout":"default","site-content-layout":"","ast-site-content-layout":"","site-content-style":"default","site-sidebar-style":"default","ast-global-header-display":"","ast-banner-title-visibility":"","ast-main-header-display":"","ast-hfb-above-header-display":"","ast-hfb-below-header-display":"","ast-hfb-mobile-header-display":"","site-post-title":"","ast-breadcrumbs-content":"","ast-featured-img":"","footer-sml-layout":"","theme-transparent-header-meta":"","adv-header-id-meta":"","stick-header-meta":"","header-above-stick-meta":"","header-main-stick-meta":"","header-below-stick-meta":"","astra-migrate-meta-layouts":"default","ast-page-background-enabled":"default","ast-page-background-meta":{"desktop":{"background-color":"var(--ast-global-color-4)","background-image":"","background-repeat":"repeat","background-position":"center center","background-size":"auto","background-attachment":"scroll","background-type":"","background-media":"","overlay-type":"","overlay-color":"","overlay-opacity":"","overlay-gradient":""},"tablet":{"background-color":"","background-image":"","background-repeat":"repeat","background-position":"center center","background-size":"auto","background-attachment":"scroll","background-type":"","background-media":"","overlay-type":"","overlay-color":"","overlay-opacity":"","overlay-gradient":""},"mobile":{"background-color":"","background-image":"","background-repeat":"repeat","background-position":"center center","background-size":"auto","background-attachment":"scroll","background-type":"","background-media":"","overlay-type":"","overlay-color":"","overlay-opacity":"","overlay-gradient":""}},"ast-content-background-meta":{"desktop":{"background-color":"var(--ast-global-color-5)","background-image":"","background-repeat":"repeat","background-position":"center center","background-size":"auto","background-attachment":"scroll","background-type":"","background-media":"","overlay-type":"","overlay-color":"","overlay-opacity":"","overlay-gradient":""},"tablet":{"background-color":"var(--ast-global-color-5)","background-image":"","background-repeat":"repeat","background-position":"center center","background-size":"auto","background-attachment":"scroll","background-type":"","background-media":"","overlay-type":"","overlay-color":"","overlay-opacity":"","overlay-gradient":""},"mobile":{"background-color":"var(--ast-global-color-5)","background-image":"","background-repeat":"repeat","background-position":"center center","background-size":"auto","background-attachment":"scroll","background-type":"","background-media":"","overlay-type":"","overlay-color":"","overlay-opacity":"","overlay-gradient":""}},"footnotes":""},"categories":[1,29],"tags":[],"class_list":["post-2263","post","type-post","status-publish","format-standard","hentry","category-general","category-portada"],"post_mailing_queue_ids":[],"_links":{"self":[{"href":"https:\/\/agora.xtec.cat\/cfatorreromeu\/wp-json\/wp\/v2\/posts\/2263","targetHints":{"allow":["GET"]}}],"collection":[{"href":"https:\/\/agora.xtec.cat\/cfatorreromeu\/wp-json\/wp\/v2\/posts"}],"about":[{"href":"https:\/\/agora.xtec.cat\/cfatorreromeu\/wp-json\/wp\/v2\/types\/post"}],"author":[{"embeddable":true,"href":"https:\/\/agora.xtec.cat\/cfatorreromeu\/wp-json\/wp\/v2\/users\/1"}],"replies":[{"embeddable":true,"href":"https:\/\/agora.xtec.cat\/cfatorreromeu\/wp-json\/wp\/v2\/comments?post=2263"}],"version-history":[{"count":5,"href":"https:\/\/agora.xtec.cat\/cfatorreromeu\/wp-json\/wp\/v2\/posts\/2263\/revisions"}],"predecessor-version":[{"id":2902,"href":"https:\/\/agora.xtec.cat\/cfatorreromeu\/wp-json\/wp\/v2\/posts\/2263\/revisions\/2902"}],"wp:attachment":[{"href":"https:\/\/agora.xtec.cat\/cfatorreromeu\/wp-json\/wp\/v2\/media?parent=2263"}],"wp:term":[{"taxonomy":"category","embeddable":true,"href":"https:\/\/agora.xtec.cat\/cfatorreromeu\/wp-json\/wp\/v2\/categories?post=2263"},{"taxonomy":"post_tag","embeddable":true,"href":"https:\/\/agora.xtec.cat\/cfatorreromeu\/wp-json\/wp\/v2\/tags?post=2263"}],"curies":[{"name":"wp","href":"https:\/\/api.w.org\/{rel}","templated":true}]}}