{"id":2093,"date":"2022-04-25T18:40:58","date_gmt":"2022-04-25T16:40:58","guid":{"rendered":"https:\/\/agora.xtec.cat\/cfatorreromeu\/?p=2093"},"modified":"2022-04-25T19:58:03","modified_gmt":"2022-04-25T17:58:03","slug":"preinscripcio-curs-22-23","status":"publish","type":"post","link":"https:\/\/agora.xtec.cat\/cfatorreromeu\/general\/preinscripcio-curs-22-23\/","title":{"rendered":"Preinscripci\u00f3 curs 22-23"},"content":{"rendered":"<p>El Departament d&#8217;Educaci\u00f3 ja ha publicat les dates de <strong>preinscripci\u00f3 per al curs 22-23.<\/strong><\/p>\n<p>Si est\u00e0s pensant en ampliar la teva formaci\u00f3 acad\u00e8mica, en el seg\u00fcent <a href=\"https:\/\/preinscripcio.gencat.cat\/ca\/estudis\/educacio-adults\/inici\/\">enlla\u00e7<\/a> trobar\u00e0s tota la informaci\u00f3.<\/p>\n<p><a href=\"https:\/\/agora.xtec.cat\/cfatorreromeu\/wp-content\/uploads\/usu1713\/2022\/04\/cartell-218x300_sense_horaris.jpg\"><img loading=\"lazy\" decoding=\"async\" class=\"wp-image-2097 alignleft\" src=\"https:\/\/agora.xtec.cat\/cfatorreromeu\/wp-content\/uploads\/usu1713\/2022\/04\/cartell-218x300_sense_horaris.jpg\" alt=\"\" width=\"215\" height=\"252\" \/><\/a><\/p>\n<p>&nbsp;<\/p>\n<p>Les dates m\u00e9s importants s\u00f3n:<\/p>\n<p><span style=\"font-family: inherit; font-size: 1em;\">Presentaci\u00f3 de <\/span><strong style=\"font-family: inherit; font-size: 1em;\">sol\u00b7licituds: del 21 al 29 de juny.<\/strong><\/p>\n<p>Formalitzaci\u00f3 de la <strong>matr\u00edcula: del 2 al 9 de setembre.<\/strong><\/p>\n<p>&nbsp;<\/p>\n<p>&nbsp;<\/p>\n<p>Horari d&#8217;atenci\u00f3:<\/p>\n<p>Matins: de 9:30 a 13:00h<\/p>\n<p>Tardes: de 16:00 a 17:00<\/p>\n<p>&nbsp;<\/p>\n<p>&nbsp;<\/p>\n","protected":false},"excerpt":{"rendered":"<p>El Departament d&#8217;Educaci\u00f3 ja ha publicat les dates de preinscripci\u00f3 per al curs 22-23. Si est\u00e0s pensant en ampliar la teva formaci\u00f3 acad\u00e8mica, en el seg\u00fcent enlla\u00e7 trobar\u00e0s tota la informaci\u00f3. &nbsp; Les dates m\u00e9s importants s\u00f3n: Presentaci\u00f3 de sol\u00b7licituds: del 21 al 29 de juny. Formalitzaci\u00f3 de la matr\u00edcula: del 2 al 9 de [&hellip;]<\/p>\n","protected":false},"author":1,"featured_media":0,"comment_status":"open","ping_status":"closed","sticky":false,"template":"","format":"standard","meta":{"_bbp_topic_count":0,"_bbp_reply_count":0,"_bbp_total_topic_count":0,"_bbp_total_reply_count":0,"_bbp_voice_count":0,"_bbp_anonymous_reply_count":0,"_bbp_topic_count_hidden":0,"_bbp_reply_count_hidden":0,"_bbp_forum_subforum_count":0,"site-sidebar-layout":"default","site-content-layout":"","ast-site-content-layout":"","site-content-style":"default","site-sidebar-style":"default","ast-global-header-display":"","ast-banner-title-visibility":"","ast-main-header-display":"","ast-hfb-above-header-display":"","ast-hfb-below-header-display":"","ast-hfb-mobile-header-display":"","site-post-title":"","ast-breadcrumbs-content":"","ast-featured-img":"","footer-sml-layout":"","theme-transparent-header-meta":"","adv-header-id-meta":"","stick-header-meta":"","header-above-stick-meta":"","header-main-stick-meta":"","header-below-stick-meta":"","astra-migrate-meta-layouts":"default","ast-page-background-enabled":"default","ast-page-background-meta":{"desktop":{"background-color":"var(--ast-global-color-4)","background-image":"","background-repeat":"repeat","background-position":"center center","background-size":"auto","background-attachment":"scroll","background-type":"","background-media":"","overlay-type":"","overlay-color":"","overlay-opacity":"","overlay-gradient":""},"tablet":{"background-color":"","background-image":"","background-repeat":"repeat","background-position":"center center","background-size":"auto","background-attachment":"scroll","background-type":"","background-media":"","overlay-type":"","overlay-color":"","overlay-opacity":"","overlay-gradient":""},"mobile":{"background-color":"","background-image":"","background-repeat":"repeat","background-position":"center center","background-size":"auto","background-attachment":"scroll","background-type":"","background-media":"","overlay-type":"","overlay-color":"","overlay-opacity":"","overlay-gradient":""}},"ast-content-background-meta":{"desktop":{"background-color":"var(--ast-global-color-5)","background-image":"","background-repeat":"repeat","background-position":"center center","background-size":"auto","background-attachment":"scroll","background-type":"","background-media":"","overlay-type":"","overlay-color":"","overlay-opacity":"","overlay-gradient":""},"tablet":{"background-color":"var(--ast-global-color-5)","background-image":"","background-repeat":"repeat","background-position":"center center","background-size":"auto","background-attachment":"scroll","background-type":"","background-media":"","overlay-type":"","overlay-color":"","overlay-opacity":"","overlay-gradient":""},"mobile":{"background-color":"var(--ast-global-color-5)","background-image":"","background-repeat":"repeat","background-position":"center center","background-size":"auto","background-attachment":"scroll","background-type":"","background-media":"","overlay-type":"","overlay-color":"","overlay-opacity":"","overlay-gradient":""}},"footnotes":""},"categories":[1,29],"tags":[],"class_list":["post-2093","post","type-post","status-publish","format-standard","hentry","category-general","category-portada"],"post_mailing_queue_ids":[],"_links":{"self":[{"href":"https:\/\/agora.xtec.cat\/cfatorreromeu\/wp-json\/wp\/v2\/posts\/2093","targetHints":{"allow":["GET"]}}],"collection":[{"href":"https:\/\/agora.xtec.cat\/cfatorreromeu\/wp-json\/wp\/v2\/posts"}],"about":[{"href":"https:\/\/agora.xtec.cat\/cfatorreromeu\/wp-json\/wp\/v2\/types\/post"}],"author":[{"embeddable":true,"href":"https:\/\/agora.xtec.cat\/cfatorreromeu\/wp-json\/wp\/v2\/users\/1"}],"replies":[{"embeddable":true,"href":"https:\/\/agora.xtec.cat\/cfatorreromeu\/wp-json\/wp\/v2\/comments?post=2093"}],"version-history":[{"count":3,"href":"https:\/\/agora.xtec.cat\/cfatorreromeu\/wp-json\/wp\/v2\/posts\/2093\/revisions"}],"predecessor-version":[{"id":2111,"href":"https:\/\/agora.xtec.cat\/cfatorreromeu\/wp-json\/wp\/v2\/posts\/2093\/revisions\/2111"}],"wp:attachment":[{"href":"https:\/\/agora.xtec.cat\/cfatorreromeu\/wp-json\/wp\/v2\/media?parent=2093"}],"wp:term":[{"taxonomy":"category","embeddable":true,"href":"https:\/\/agora.xtec.cat\/cfatorreromeu\/wp-json\/wp\/v2\/categories?post=2093"},{"taxonomy":"post_tag","embeddable":true,"href":"https:\/\/agora.xtec.cat\/cfatorreromeu\/wp-json\/wp\/v2\/tags?post=2093"}],"curies":[{"name":"wp","href":"https:\/\/api.w.org\/{rel}","templated":true}]}}