{"id":2074,"date":"2022-04-25T16:53:07","date_gmt":"2022-04-25T14:53:07","guid":{"rendered":"https:\/\/agora.xtec.cat\/cfatorreromeu\/?p=2074"},"modified":"2022-12-09T19:43:25","modified_gmt":"2022-12-09T18:43:25","slug":"el-cfa-torre-romeu-punt-dinformacio-i-orientacio-per-a-lacreditacio-de-competencies-professionals","status":"publish","type":"post","link":"https:\/\/agora.xtec.cat\/cfatorreromeu\/general\/el-cfa-torre-romeu-punt-dinformacio-i-orientacio-per-a-lacreditacio-de-competencies-professionals\/","title":{"rendered":"El CFA Torre Romeu, punt d&#8217;informaci\u00f3 i orientaci\u00f3 per a l&#8217;Acreditaci\u00f3 de Compet\u00e8ncies Professionals"},"content":{"rendered":"<p><a href=\"https:\/\/agora.xtec.cat\/cfatorreromeu\/wp-content\/uploads\/usu1713\/2022\/04\/1-scaled.jpg\"><img loading=\"lazy\" decoding=\"async\" class=\"aligncenter size-full wp-image-2084\" src=\"https:\/\/agora.xtec.cat\/cfatorreromeu\/wp-content\/uploads\/usu1713\/2022\/04\/1-scaled.jpg\" alt=\"\" width=\"2560\" height=\"905\" \/><\/a><\/p>\n<p>&nbsp;<\/p>\n<p>L&#8217;acreditaci\u00f3 de les compet\u00e8ncies professionals \u00e9s <strong>l&#8217;oportunitat d&#8217;aconseguir una certificaci\u00f3 oficial<\/strong> a partir de la teva experi\u00e8ncia professional i la teva formaci\u00f3.<\/p>\n<p>El CFA Torre Romeu ofereix un servei d\u2019informaci\u00f3 i orientaci\u00f3 per acreditar les compet\u00e8ncies professionals i poder obtenir un certificar oficial.<\/p>\n<p><strong>En qu\u00e8 consisteix?<\/strong><\/p>\n<p><iframe loading=\"lazy\" title=\"YouTube video player\" src=\"\/\/www.youtube.com\/embed\/qD7DkvfNTGw\" width=\"410\" height=\"250\" frameborder=\"0\" allowfullscreen=\"allowfullscreen\"><\/iframe><\/p>\n<p>Si creus que aquest servei et pot ser \u00fatil:<\/p>\n<ul>\n<li>Pots escriure al CFA Torre Romeu, <strong>cfatorreromeu<\/strong><span class=\"\"><strong>@xtec.cat<\/strong> i et proposarem una cita.\u00a0<\/span><\/li>\n<li>O b\u00e9 fes-ho pel teu compte a: <a href=\"https:\/\/fp.gencat.cat\/ca\/acreditacio\/em-vull-acreditar\/\">https:\/\/fp.gencat.cat\/ca\/acreditacio\/em-vull-acreditar\/<\/a><\/li>\n<\/ul>\n<p>Actualment, aquest \u00e9s un servei permanent en el qual la ciutadania pot <strong>inscriure&#8217;s sense cap cost, els 365 dies de l&#8217;any.<\/strong><\/p>\n","protected":false},"excerpt":{"rendered":"<p>&nbsp; L&#8217;acreditaci\u00f3 de les compet\u00e8ncies professionals \u00e9s l&#8217;oportunitat d&#8217;aconseguir una certificaci\u00f3 oficial a partir de la teva experi\u00e8ncia professional i la teva formaci\u00f3. El CFA Torre Romeu ofereix un servei d\u2019informaci\u00f3 i orientaci\u00f3 per acreditar les compet\u00e8ncies professionals i poder obtenir un certificar oficial. En qu\u00e8 consisteix? Si creus que aquest servei et pot ser [&hellip;]<\/p>\n","protected":false},"author":1,"featured_media":0,"comment_status":"open","ping_status":"closed","sticky":false,"template":"","format":"standard","meta":{"_bbp_topic_count":0,"_bbp_reply_count":0,"_bbp_total_topic_count":0,"_bbp_total_reply_count":0,"_bbp_voice_count":0,"_bbp_anonymous_reply_count":0,"_bbp_topic_count_hidden":0,"_bbp_reply_count_hidden":0,"_bbp_forum_subforum_count":0,"site-sidebar-layout":"default","site-content-layout":"","ast-site-content-layout":"","site-content-style":"default","site-sidebar-style":"default","ast-global-header-display":"","ast-banner-title-visibility":"","ast-main-header-display":"","ast-hfb-above-header-display":"","ast-hfb-below-header-display":"","ast-hfb-mobile-header-display":"","site-post-title":"","ast-breadcrumbs-content":"","ast-featured-img":"","footer-sml-layout":"","theme-transparent-header-meta":"","adv-header-id-meta":"","stick-header-meta":"","header-above-stick-meta":"","header-main-stick-meta":"","header-below-stick-meta":"","astra-migrate-meta-layouts":"default","ast-page-background-enabled":"default","ast-page-background-meta":{"desktop":{"background-color":"var(--ast-global-color-4)","background-image":"","background-repeat":"repeat","background-position":"center center","background-size":"auto","background-attachment":"scroll","background-type":"","background-media":"","overlay-type":"","overlay-color":"","overlay-opacity":"","overlay-gradient":""},"tablet":{"background-color":"","background-image":"","background-repeat":"repeat","background-position":"center center","background-size":"auto","background-attachment":"scroll","background-type":"","background-media":"","overlay-type":"","overlay-color":"","overlay-opacity":"","overlay-gradient":""},"mobile":{"background-color":"","background-image":"","background-repeat":"repeat","background-position":"center center","background-size":"auto","background-attachment":"scroll","background-type":"","background-media":"","overlay-type":"","overlay-color":"","overlay-opacity":"","overlay-gradient":""}},"ast-content-background-meta":{"desktop":{"background-color":"var(--ast-global-color-5)","background-image":"","background-repeat":"repeat","background-position":"center center","background-size":"auto","background-attachment":"scroll","background-type":"","background-media":"","overlay-type":"","overlay-color":"","overlay-opacity":"","overlay-gradient":""},"tablet":{"background-color":"var(--ast-global-color-5)","background-image":"","background-repeat":"repeat","background-position":"center center","background-size":"auto","background-attachment":"scroll","background-type":"","background-media":"","overlay-type":"","overlay-color":"","overlay-opacity":"","overlay-gradient":""},"mobile":{"background-color":"var(--ast-global-color-5)","background-image":"","background-repeat":"repeat","background-position":"center center","background-size":"auto","background-attachment":"scroll","background-type":"","background-media":"","overlay-type":"","overlay-color":"","overlay-opacity":"","overlay-gradient":""}},"footnotes":""},"categories":[1,29],"tags":[],"class_list":["post-2074","post","type-post","status-publish","format-standard","hentry","category-general","category-portada"],"post_mailing_queue_ids":[],"_links":{"self":[{"href":"https:\/\/agora.xtec.cat\/cfatorreromeu\/wp-json\/wp\/v2\/posts\/2074","targetHints":{"allow":["GET"]}}],"collection":[{"href":"https:\/\/agora.xtec.cat\/cfatorreromeu\/wp-json\/wp\/v2\/posts"}],"about":[{"href":"https:\/\/agora.xtec.cat\/cfatorreromeu\/wp-json\/wp\/v2\/types\/post"}],"author":[{"embeddable":true,"href":"https:\/\/agora.xtec.cat\/cfatorreromeu\/wp-json\/wp\/v2\/users\/1"}],"replies":[{"embeddable":true,"href":"https:\/\/agora.xtec.cat\/cfatorreromeu\/wp-json\/wp\/v2\/comments?post=2074"}],"version-history":[{"count":3,"href":"https:\/\/agora.xtec.cat\/cfatorreromeu\/wp-json\/wp\/v2\/posts\/2074\/revisions"}],"predecessor-version":[{"id":2092,"href":"https:\/\/agora.xtec.cat\/cfatorreromeu\/wp-json\/wp\/v2\/posts\/2074\/revisions\/2092"}],"wp:attachment":[{"href":"https:\/\/agora.xtec.cat\/cfatorreromeu\/wp-json\/wp\/v2\/media?parent=2074"}],"wp:term":[{"taxonomy":"category","embeddable":true,"href":"https:\/\/agora.xtec.cat\/cfatorreromeu\/wp-json\/wp\/v2\/categories?post=2074"},{"taxonomy":"post_tag","embeddable":true,"href":"https:\/\/agora.xtec.cat\/cfatorreromeu\/wp-json\/wp\/v2\/tags?post=2074"}],"curies":[{"name":"wp","href":"https:\/\/api.w.org\/{rel}","templated":true}]}}