{"id":1975,"date":"2021-10-23T14:12:26","date_gmt":"2021-10-23T12:12:26","guid":{"rendered":"https:\/\/agora.xtec.cat\/cfatorreromeu\/?p=1975"},"modified":"2024-03-04T10:55:21","modified_gmt":"2024-03-04T09:55:21","slug":"sortida-al-teatre-la-farandula-opera","status":"publish","type":"post","link":"https:\/\/agora.xtec.cat\/cfatorreromeu\/general\/sortida-al-teatre-la-farandula-opera\/","title":{"rendered":"Sortida al Teatre La Far\u00e0ndula: \u00d2pera"},"content":{"rendered":"<p>El passat 21 d&#8217;octubre, l&#8217;alumnat del CFA Torre Romeu va fer una sortida per veure \u00d2pera. Alumnes de Competic 1 ens han fet la seva valoraci\u00f3.<\/p>\n<p><a href=\"https:\/\/agora.xtec.cat\/cfatorreromeu\/wp-content\/uploads\/usu1713\/2021\/11\/opera.jpg\"><img loading=\"lazy\" decoding=\"async\" class=\"aligncenter size-medium wp-image-1976\" src=\"https:\/\/agora.xtec.cat\/cfatorreromeu\/wp-content\/uploads\/usu1713\/2021\/11\/opera-300x169.jpg\" alt=\"\" width=\"300\" height=\"169\" srcset=\"https:\/\/agora.xtec.cat\/cfatorreromeu\/wp-content\/uploads\/usu1713\/2021\/11\/opera-300x169.jpg 300w, https:\/\/agora.xtec.cat\/cfatorreromeu\/wp-content\/uploads\/usu1713\/2021\/11\/opera-1024x576.jpg 1024w, https:\/\/agora.xtec.cat\/cfatorreromeu\/wp-content\/uploads\/usu1713\/2021\/11\/opera-768x432.jpg 768w, https:\/\/agora.xtec.cat\/cfatorreromeu\/wp-content\/uploads\/usu1713\/2021\/11\/opera.jpg 1200w\" sizes=\"auto, (max-width: 300px) 100vw, 300px\" \/><\/a><\/p>\n<p>Hablamos de una obra que data de finales del siglo XVIII\u00a0 y principios del XIX,\u00a0 que es una comedia\u00a0 sobre una cuesti\u00f3n amorosa, en una Sociedad totalmente cerrada. Al final triunfa el amor. Como valoraci\u00f3n positiva, es el gran trabajo llevado a cabo por la escuela de \u00f3pera de Sabadell,\u00a0 donde su finalidad es la formaci\u00f3n de actores noveles en \u00a0semis-profesionales.<\/p>\n<p>Tambi\u00e9n considero muy positivo el esfuerzo colectivo e individual de todos los componentes de la escuela, donde hay que tener muy claro, conceptos como: la perseverancia, paciencia, esfuerzo, etc.<\/p>\n<p>En relaci\u00f3n\u00a0 con lo negativo de la obra, considero poco pr\u00e1ctico, el que se cantase en italiano, cuando el p\u00fablico oyente eran catalanes, haciendo necesario la traducci\u00f3n del italiano al catal\u00e1n. Por \u00faltimo, considero, inaceptable que g\u00e9neros como la \u00f3pera, como cultura este de hecho prohibida para la mayor\u00eda de la sociedad, debido al coste tan elevado de las entradas.<\/p>\n<p>Pedro del Jes\u00fas.<\/p>\n<p><strong>Por fin la pandemia nos ha dado un respiro y hemos podido ir al teatro a ver una obra que, aunque fue escrita hace m\u00e1s de 200 a\u00f1os, sigue represent\u00e1ndose con \u00e9xito hoy d\u00eda.<\/strong><\/p>\n<p><strong>Nunca hab\u00eda ido a ver una \u00f3pera, o\u00edr la orquesta en directo, un escenario que cambiaba r\u00e1pido de la calle donde cantaban serenatas a dentro en la estancia, la alegr\u00eda del conde Almaviva, la simpat\u00eda del barbero F\u00edgaro, la voz de Rosina y los coros, magn\u00edficos, todo fue una sorpresa muy agradable.<\/strong><\/p>\n<p>Ram\u00f3n Morales<\/p>\n<p>Mi primer d\u00eda en la opera fue el estreno de <strong><em>Barbero de Sevilla<\/em><\/strong> en la Far\u00e1ndula el jueves 21 de octubre 2021.La primera impresi\u00f3n fue bastante satisfactoria, ver el escenario giratorio todos y los artistas que participan en la obra. Me lleve una grata impresi\u00f3n al ver la orquesta y el director de la misma como iba todo organizado al comp\u00e1s de la m\u00fasica. Me gust\u00f3 que pudi\u00e9ramos ir leyendo mientras cantaban para poder seguir la historia, ya que era en italiano. Me sorprendi\u00f3 gratamente al cantar como lo hac\u00eda y la voz pudiera cambiar tanto los tonos y esas subidas y bajadas de la voz. La obra fue todo un \u00e9xito la gente aplaudi\u00f3 mucho y al acabar la opera se estuvo aplaudiendo un buen rato y salieron varias veces, al ser requerido por el p\u00fablico.<\/p>\n<p>Jos\u00e9 Pinto D\u00edaz<\/p>\n<p>&nbsp;<\/p>\n<p><a href=\"https:\/\/agora.xtec.cat\/cfatorreromeu\/wp-content\/uploads\/usu1713\/2021\/11\/6022465218069769515_120.jpg\"><img loading=\"lazy\" decoding=\"async\" class=\"aligncenter size-medium wp-image-1977\" src=\"https:\/\/agora.xtec.cat\/cfatorreromeu\/wp-content\/uploads\/usu1713\/2021\/11\/6022465218069769515_120-300x158.jpg\" alt=\"\" width=\"300\" height=\"158\" srcset=\"https:\/\/agora.xtec.cat\/cfatorreromeu\/wp-content\/uploads\/usu1713\/2021\/11\/6022465218069769515_120-300x158.jpg 300w, https:\/\/agora.xtec.cat\/cfatorreromeu\/wp-content\/uploads\/usu1713\/2021\/11\/6022465218069769515_120.jpg 600w\" sizes=\"auto, (max-width: 300px) 100vw, 300px\" \/><\/a> <a href=\"https:\/\/agora.xtec.cat\/cfatorreromeu\/wp-content\/uploads\/usu1713\/2021\/11\/IMG_20211021_231316-scaled.jpg\"><img loading=\"lazy\" decoding=\"async\" class=\"aligncenter size-medium wp-image-1978\" src=\"https:\/\/agora.xtec.cat\/cfatorreromeu\/wp-content\/uploads\/usu1713\/2021\/11\/IMG_20211021_231316-300x225.jpg\" alt=\"\" width=\"300\" height=\"225\" srcset=\"https:\/\/agora.xtec.cat\/cfatorreromeu\/wp-content\/uploads\/usu1713\/2021\/11\/IMG_20211021_231316-300x225.jpg 300w, https:\/\/agora.xtec.cat\/cfatorreromeu\/wp-content\/uploads\/usu1713\/2021\/11\/IMG_20211021_231316-1024x769.jpg 1024w, https:\/\/agora.xtec.cat\/cfatorreromeu\/wp-content\/uploads\/usu1713\/2021\/11\/IMG_20211021_231316-768x577.jpg 768w, https:\/\/agora.xtec.cat\/cfatorreromeu\/wp-content\/uploads\/usu1713\/2021\/11\/IMG_20211021_231316-1536x1153.jpg 1536w, https:\/\/agora.xtec.cat\/cfatorreromeu\/wp-content\/uploads\/usu1713\/2021\/11\/IMG_20211021_231316-2048x1538.jpg 2048w, https:\/\/agora.xtec.cat\/cfatorreromeu\/wp-content\/uploads\/usu1713\/2021\/11\/IMG_20211021_231316-200x150.jpg 200w\" sizes=\"auto, (max-width: 300px) 100vw, 300px\" \/><\/a><\/p>\n","protected":false},"excerpt":{"rendered":"<p>El passat 21 d&#8217;octubre, l&#8217;alumnat del CFA Torre Romeu va fer una sortida per veure \u00d2pera. Alumnes de Competic 1 ens han fet la seva valoraci\u00f3. Hablamos de una obra que data de finales del siglo XVIII\u00a0 y principios del XIX,\u00a0 que es una comedia\u00a0 sobre una cuesti\u00f3n amorosa, en una Sociedad totalmente cerrada. Al [&hellip;]<\/p>\n","protected":false},"author":1,"featured_media":1978,"comment_status":"open","ping_status":"closed","sticky":false,"template":"","format":"standard","meta":{"_bbp_topic_count":0,"_bbp_reply_count":0,"_bbp_total_topic_count":0,"_bbp_total_reply_count":0,"_bbp_voice_count":0,"_bbp_anonymous_reply_count":0,"_bbp_topic_count_hidden":0,"_bbp_reply_count_hidden":0,"_bbp_forum_subforum_count":0,"site-sidebar-layout":"default","site-content-layout":"","ast-site-content-layout":"","site-content-style":"default","site-sidebar-style":"default","ast-global-header-display":"","ast-banner-title-visibility":"","ast-main-header-display":"","ast-hfb-above-header-display":"","ast-hfb-below-header-display":"","ast-hfb-mobile-header-display":"","site-post-title":"","ast-breadcrumbs-content":"","ast-featured-img":"","footer-sml-layout":"","theme-transparent-header-meta":"","adv-header-id-meta":"","stick-header-meta":"","header-above-stick-meta":"","header-main-stick-meta":"","header-below-stick-meta":"","astra-migrate-meta-layouts":"default","ast-page-background-enabled":"default","ast-page-background-meta":{"desktop":{"background-color":"var(--ast-global-color-4)","background-image":"","background-repeat":"repeat","background-position":"center center","background-size":"auto","background-attachment":"scroll","background-type":"","background-media":"","overlay-type":"","overlay-color":"","overlay-opacity":"","overlay-gradient":""},"tablet":{"background-color":"","background-image":"","background-repeat":"repeat","background-position":"center center","background-size":"auto","background-attachment":"scroll","background-type":"","background-media":"","overlay-type":"","overlay-color":"","overlay-opacity":"","overlay-gradient":""},"mobile":{"background-color":"","background-image":"","background-repeat":"repeat","background-position":"center center","background-size":"auto","background-attachment":"scroll","background-type":"","background-media":"","overlay-type":"","overlay-color":"","overlay-opacity":"","overlay-gradient":""}},"ast-content-background-meta":{"desktop":{"background-color":"var(--ast-global-color-5)","background-image":"","background-repeat":"repeat","background-position":"center center","background-size":"auto","background-attachment":"scroll","background-type":"","background-media":"","overlay-type":"","overlay-color":"","overlay-opacity":"","overlay-gradient":""},"tablet":{"background-color":"var(--ast-global-color-5)","background-image":"","background-repeat":"repeat","background-position":"center center","background-size":"auto","background-attachment":"scroll","background-type":"","background-media":"","overlay-type":"","overlay-color":"","overlay-opacity":"","overlay-gradient":""},"mobile":{"background-color":"var(--ast-global-color-5)","background-image":"","background-repeat":"repeat","background-position":"center center","background-size":"auto","background-attachment":"scroll","background-type":"","background-media":"","overlay-type":"","overlay-color":"","overlay-opacity":"","overlay-gradient":""}},"footnotes":""},"categories":[1,29,146],"tags":[],"class_list":["post-1975","post","type-post","status-publish","format-standard","has-post-thumbnail","hentry","category-general","category-portada","category-sortida"],"post_mailing_queue_ids":[],"_links":{"self":[{"href":"https:\/\/agora.xtec.cat\/cfatorreromeu\/wp-json\/wp\/v2\/posts\/1975","targetHints":{"allow":["GET"]}}],"collection":[{"href":"https:\/\/agora.xtec.cat\/cfatorreromeu\/wp-json\/wp\/v2\/posts"}],"about":[{"href":"https:\/\/agora.xtec.cat\/cfatorreromeu\/wp-json\/wp\/v2\/types\/post"}],"author":[{"embeddable":true,"href":"https:\/\/agora.xtec.cat\/cfatorreromeu\/wp-json\/wp\/v2\/users\/1"}],"replies":[{"embeddable":true,"href":"https:\/\/agora.xtec.cat\/cfatorreromeu\/wp-json\/wp\/v2\/comments?post=1975"}],"version-history":[{"count":1,"href":"https:\/\/agora.xtec.cat\/cfatorreromeu\/wp-json\/wp\/v2\/posts\/1975\/revisions"}],"predecessor-version":[{"id":1979,"href":"https:\/\/agora.xtec.cat\/cfatorreromeu\/wp-json\/wp\/v2\/posts\/1975\/revisions\/1979"}],"wp:featuredmedia":[{"embeddable":true,"href":"https:\/\/agora.xtec.cat\/cfatorreromeu\/wp-json\/wp\/v2\/media\/1978"}],"wp:attachment":[{"href":"https:\/\/agora.xtec.cat\/cfatorreromeu\/wp-json\/wp\/v2\/media?parent=1975"}],"wp:term":[{"taxonomy":"category","embeddable":true,"href":"https:\/\/agora.xtec.cat\/cfatorreromeu\/wp-json\/wp\/v2\/categories?post=1975"},{"taxonomy":"post_tag","embeddable":true,"href":"https:\/\/agora.xtec.cat\/cfatorreromeu\/wp-json\/wp\/v2\/tags?post=1975"}],"curies":[{"name":"wp","href":"https:\/\/api.w.org\/{rel}","templated":true}]}}