{"id":1971,"date":"2021-09-23T13:58:18","date_gmt":"2021-09-23T11:58:18","guid":{"rendered":"https:\/\/agora.xtec.cat\/cfatorreromeu\/?p=1971"},"modified":"2021-11-23T14:11:30","modified_gmt":"2021-11-23T13:11:30","slug":"presentacio-equip","status":"publish","type":"post","link":"https:\/\/agora.xtec.cat\/cfatorreromeu\/general\/presentacio-equip\/","title":{"rendered":"Presentaci\u00f3 equip"},"content":{"rendered":"<p>Us volem presentar l&#8217;equip de persones que formem part enguany de l&#8217;escola:<\/p>\n<p><a href=\"https:\/\/agora.xtec.cat\/cfatorreromeu\/wp-content\/uploads\/usu1713\/2021\/11\/foto-equip-web-scaled.jpg\"><img loading=\"lazy\" decoding=\"async\" class=\"aligncenter size-medium wp-image-1973\" src=\"https:\/\/agora.xtec.cat\/cfatorreromeu\/wp-content\/uploads\/usu1713\/2021\/11\/foto-equip-web-300x225.jpg\" alt=\"\" width=\"300\" height=\"225\" srcset=\"https:\/\/agora.xtec.cat\/cfatorreromeu\/wp-content\/uploads\/usu1713\/2021\/11\/foto-equip-web-300x225.jpg 300w, https:\/\/agora.xtec.cat\/cfatorreromeu\/wp-content\/uploads\/usu1713\/2021\/11\/foto-equip-web-1024x769.jpg 1024w, https:\/\/agora.xtec.cat\/cfatorreromeu\/wp-content\/uploads\/usu1713\/2021\/11\/foto-equip-web-768x577.jpg 768w, https:\/\/agora.xtec.cat\/cfatorreromeu\/wp-content\/uploads\/usu1713\/2021\/11\/foto-equip-web-1536x1153.jpg 1536w, https:\/\/agora.xtec.cat\/cfatorreromeu\/wp-content\/uploads\/usu1713\/2021\/11\/foto-equip-web-2048x1538.jpg 2048w, https:\/\/agora.xtec.cat\/cfatorreromeu\/wp-content\/uploads\/usu1713\/2021\/11\/foto-equip-web-200x150.jpg 200w\" sizes=\"auto, (max-width: 300px) 100vw, 300px\" \/><br \/>\n<\/a><\/p>\n<p>Luc\u00eda de Travy: Directora de l&#8217;escola i mestra de Competic i lleng\u00fces.<\/p>\n<p>Dolors Fernandez: Secret\u00e0ria i mestra de lleng\u00fces i de les proves d&#8217;acc\u00e8s al GM.<\/p>\n<p>Conchi Jim\u00e9nez: Administrativa de l&#8217;escola<\/p>\n<p>Hilari Pujol: mestre de lleng\u00fces i formaci\u00f3 instrumental.<\/p>\n<p>Aina Alberola: especialista d&#8217;angl\u00e8s<\/p>\n<p>David Alberola: mestre de formaci\u00f3n instrumental.<\/p>\n<p>S\u00f2nia Garc\u00eda: professora i tutora del grup de preparaci\u00f3 a les proves d&#8217;acces a GM<\/p>\n<p>Ana Mochol\u00ed: mestra de Competic.<\/p>\n","protected":false},"excerpt":{"rendered":"<p>Us volem presentar l&#8217;equip de persones que formem part enguany de l&#8217;escola: Luc\u00eda de Travy: Directora de l&#8217;escola i mestra de Competic i lleng\u00fces. Dolors Fernandez: Secret\u00e0ria i mestra de lleng\u00fces i de les proves d&#8217;acc\u00e8s al GM. Conchi Jim\u00e9nez: Administrativa de l&#8217;escola Hilari Pujol: mestre de lleng\u00fces i formaci\u00f3 instrumental. Aina Alberola: especialista d&#8217;angl\u00e8s [&hellip;]<\/p>\n","protected":false},"author":1,"featured_media":1973,"comment_status":"open","ping_status":"closed","sticky":false,"template":"","format":"standard","meta":{"_bbp_topic_count":0,"_bbp_reply_count":0,"_bbp_total_topic_count":0,"_bbp_total_reply_count":0,"_bbp_voice_count":0,"_bbp_anonymous_reply_count":0,"_bbp_topic_count_hidden":0,"_bbp_reply_count_hidden":0,"_bbp_forum_subforum_count":0,"site-sidebar-layout":"default","site-content-layout":"","ast-site-content-layout":"","site-content-style":"default","site-sidebar-style":"default","ast-global-header-display":"","ast-banner-title-visibility":"","ast-main-header-display":"","ast-hfb-above-header-display":"","ast-hfb-below-header-display":"","ast-hfb-mobile-header-display":"","site-post-title":"","ast-breadcrumbs-content":"","ast-featured-img":"","footer-sml-layout":"","theme-transparent-header-meta":"","adv-header-id-meta":"","stick-header-meta":"","header-above-stick-meta":"","header-main-stick-meta":"","header-below-stick-meta":"","astra-migrate-meta-layouts":"default","ast-page-background-enabled":"default","ast-page-background-meta":{"desktop":{"background-color":"var(--ast-global-color-4)","background-image":"","background-repeat":"repeat","background-position":"center center","background-size":"auto","background-attachment":"scroll","background-type":"","background-media":"","overlay-type":"","overlay-color":"","overlay-opacity":"","overlay-gradient":""},"tablet":{"background-color":"","background-image":"","background-repeat":"repeat","background-position":"center center","background-size":"auto","background-attachment":"scroll","background-type":"","background-media":"","overlay-type":"","overlay-color":"","overlay-opacity":"","overlay-gradient":""},"mobile":{"background-color":"","background-image":"","background-repeat":"repeat","background-position":"center center","background-size":"auto","background-attachment":"scroll","background-type":"","background-media":"","overlay-type":"","overlay-color":"","overlay-opacity":"","overlay-gradient":""}},"ast-content-background-meta":{"desktop":{"background-color":"var(--ast-global-color-5)","background-image":"","background-repeat":"repeat","background-position":"center center","background-size":"auto","background-attachment":"scroll","background-type":"","background-media":"","overlay-type":"","overlay-color":"","overlay-opacity":"","overlay-gradient":""},"tablet":{"background-color":"var(--ast-global-color-5)","background-image":"","background-repeat":"repeat","background-position":"center center","background-size":"auto","background-attachment":"scroll","background-type":"","background-media":"","overlay-type":"","overlay-color":"","overlay-opacity":"","overlay-gradient":""},"mobile":{"background-color":"var(--ast-global-color-5)","background-image":"","background-repeat":"repeat","background-position":"center center","background-size":"auto","background-attachment":"scroll","background-type":"","background-media":"","overlay-type":"","overlay-color":"","overlay-opacity":"","overlay-gradient":""}},"footnotes":""},"categories":[1,29],"tags":[],"class_list":["post-1971","post","type-post","status-publish","format-standard","has-post-thumbnail","hentry","category-general","category-portada"],"post_mailing_queue_ids":[],"_links":{"self":[{"href":"https:\/\/agora.xtec.cat\/cfatorreromeu\/wp-json\/wp\/v2\/posts\/1971","targetHints":{"allow":["GET"]}}],"collection":[{"href":"https:\/\/agora.xtec.cat\/cfatorreromeu\/wp-json\/wp\/v2\/posts"}],"about":[{"href":"https:\/\/agora.xtec.cat\/cfatorreromeu\/wp-json\/wp\/v2\/types\/post"}],"author":[{"embeddable":true,"href":"https:\/\/agora.xtec.cat\/cfatorreromeu\/wp-json\/wp\/v2\/users\/1"}],"replies":[{"embeddable":true,"href":"https:\/\/agora.xtec.cat\/cfatorreromeu\/wp-json\/wp\/v2\/comments?post=1971"}],"version-history":[{"count":1,"href":"https:\/\/agora.xtec.cat\/cfatorreromeu\/wp-json\/wp\/v2\/posts\/1971\/revisions"}],"predecessor-version":[{"id":1974,"href":"https:\/\/agora.xtec.cat\/cfatorreromeu\/wp-json\/wp\/v2\/posts\/1971\/revisions\/1974"}],"wp:featuredmedia":[{"embeddable":true,"href":"https:\/\/agora.xtec.cat\/cfatorreromeu\/wp-json\/wp\/v2\/media\/1973"}],"wp:attachment":[{"href":"https:\/\/agora.xtec.cat\/cfatorreromeu\/wp-json\/wp\/v2\/media?parent=1971"}],"wp:term":[{"taxonomy":"category","embeddable":true,"href":"https:\/\/agora.xtec.cat\/cfatorreromeu\/wp-json\/wp\/v2\/categories?post=1971"},{"taxonomy":"post_tag","embeddable":true,"href":"https:\/\/agora.xtec.cat\/cfatorreromeu\/wp-json\/wp\/v2\/tags?post=1971"}],"curies":[{"name":"wp","href":"https:\/\/api.w.org\/{rel}","templated":true}]}}