{"id":1832,"date":"2021-03-08T13:05:07","date_gmt":"2021-03-08T12:05:07","guid":{"rendered":"http:\/\/agora.xtec.cat\/cfatorreromeu\/?p=1832"},"modified":"2021-03-08T13:07:33","modified_gmt":"2021-03-08T12:07:33","slug":"fira-de-formacio-professional-connectat-a-lfp","status":"publish","type":"post","link":"https:\/\/agora.xtec.cat\/cfatorreromeu\/general\/fira-de-formacio-professional-connectat-a-lfp\/","title":{"rendered":"FIRA DE FORMACI\u00d3 PROFESSIONAL. CONNECTA&#8217;T A L&#8217;FP"},"content":{"rendered":"<p><a href=\"https:\/\/agora.xtec.cat\/cfatorreromeu\/wp-content\/uploads\/usu1713\/2021\/03\/cartell-firaFP21.png\"><img loading=\"lazy\" decoding=\"async\" class=\"alignnone size-full wp-image-1834\" src=\"https:\/\/agora.xtec.cat\/cfatorreromeu\/wp-content\/uploads\/usu1713\/2021\/03\/cartell-firaFP21.png\" alt=\"\" width=\"960\" height=\"538\" srcset=\"https:\/\/agora.xtec.cat\/cfatorreromeu\/wp-content\/uploads\/usu1713\/2021\/03\/cartell-firaFP21.png 960w, https:\/\/agora.xtec.cat\/cfatorreromeu\/wp-content\/uploads\/usu1713\/2021\/03\/cartell-firaFP21-300x168.png 300w, https:\/\/agora.xtec.cat\/cfatorreromeu\/wp-content\/uploads\/usu1713\/2021\/03\/cartell-firaFP21-768x430.png 768w\" sizes=\"auto, (max-width: 960px) 100vw, 960px\" \/><\/a><\/p>\n<p>Amb l&#8217;objectiu de fer arribar al conjunt de la ciutadania tota l\u2019oferta de <strong>Formaci\u00f3 Professional a Sabadell<\/strong> i de refor\u00e7ar alhora l\u2019<strong>orientaci\u00f3 professional<\/strong>, els propers <strong>19, 20, 21, 22 i 23 de Mar\u00e7 de 2021<\/strong> se celebrar\u00e0 la <strong>e-Fira Connecta&#8217;t a l\u2019FP.<\/strong><\/p>\n<p>Enguany, l\u2019esdeveniment tindr\u00e0 lloc de forma virtual, sent un <strong>punt de trobada<\/strong> amb els <strong>centres de formaci\u00f3<\/strong> de les diferents fam\u00edlies professionals i les <strong>empreses<\/strong>.<\/p>\n<p>Ser\u00e0 el lloc idoni on <strong>assessorar-nos<\/strong> sobre els diferents itineraris formatius i professionals en l&#8217;FP, que registra un <strong>alt \u00edndex d&#8217;inserci\u00f3 laboral<\/strong>.<\/p>\n<p>Tinguem l\u2019edat que tinguem, siguem treballadors o treballadores en actiu o en situaci\u00f3 de desocupaci\u00f3 temporal, estudiants i sigui quin sigui la nostra carrera formativa i professional i el nostre inter\u00e8s vocacional.<\/p>\n<p>FEU CLIC AL SEG\u00dcENT ENLLA\u00c7:\u00a0<a href=\"https:\/\/connectafp.cat\/ca\/login\">https:\/\/connectafp.cat\/ca\/login<\/a><\/p>\n<p>Aqu\u00ed teniu la llista de xerrades i l&#8217;horari: <a href=\"https:\/\/agora.xtec.cat\/cfatorreromeu\/wp-content\/uploads\/usu1713\/2021\/03\/xerrades-FP21.pdf\">xerrades FP21<\/a><\/p>\n<p>&nbsp;<\/p>\n<p>&nbsp;<\/p>\n","protected":false},"excerpt":{"rendered":"<p>Amb l&#8217;objectiu de fer arribar al conjunt de la ciutadania tota l\u2019oferta de Formaci\u00f3 Professional a Sabadell i de refor\u00e7ar alhora l\u2019orientaci\u00f3 professional, els propers 19, 20, 21, 22 i 23 de Mar\u00e7 de 2021 se celebrar\u00e0 la e-Fira Connecta&#8217;t a l\u2019FP. Enguany, l\u2019esdeveniment tindr\u00e0 lloc de forma virtual, sent un punt de trobada amb [&hellip;]<\/p>\n","protected":false},"author":5,"featured_media":1834,"comment_status":"open","ping_status":"closed","sticky":false,"template":"","format":"standard","meta":{"_bbp_topic_count":0,"_bbp_reply_count":0,"_bbp_total_topic_count":0,"_bbp_total_reply_count":0,"_bbp_voice_count":0,"_bbp_anonymous_reply_count":0,"_bbp_topic_count_hidden":0,"_bbp_reply_count_hidden":0,"_bbp_forum_subforum_count":0,"site-sidebar-layout":"default","site-content-layout":"","ast-site-content-layout":"","site-content-style":"default","site-sidebar-style":"default","ast-global-header-display":"","ast-banner-title-visibility":"","ast-main-header-display":"","ast-hfb-above-header-display":"","ast-hfb-below-header-display":"","ast-hfb-mobile-header-display":"","site-post-title":"","ast-breadcrumbs-content":"","ast-featured-img":"","footer-sml-layout":"","theme-transparent-header-meta":"","adv-header-id-meta":"","stick-header-meta":"","header-above-stick-meta":"","header-main-stick-meta":"","header-below-stick-meta":"","astra-migrate-meta-layouts":"default","ast-page-background-enabled":"default","ast-page-background-meta":{"desktop":{"background-color":"var(--ast-global-color-4)","background-image":"","background-repeat":"repeat","background-position":"center center","background-size":"auto","background-attachment":"scroll","background-type":"","background-media":"","overlay-type":"","overlay-color":"","overlay-opacity":"","overlay-gradient":""},"tablet":{"background-color":"","background-image":"","background-repeat":"repeat","background-position":"center center","background-size":"auto","background-attachment":"scroll","background-type":"","background-media":"","overlay-type":"","overlay-color":"","overlay-opacity":"","overlay-gradient":""},"mobile":{"background-color":"","background-image":"","background-repeat":"repeat","background-position":"center center","background-size":"auto","background-attachment":"scroll","background-type":"","background-media":"","overlay-type":"","overlay-color":"","overlay-opacity":"","overlay-gradient":""}},"ast-content-background-meta":{"desktop":{"background-color":"var(--ast-global-color-5)","background-image":"","background-repeat":"repeat","background-position":"center center","background-size":"auto","background-attachment":"scroll","background-type":"","background-media":"","overlay-type":"","overlay-color":"","overlay-opacity":"","overlay-gradient":""},"tablet":{"background-color":"var(--ast-global-color-5)","background-image":"","background-repeat":"repeat","background-position":"center center","background-size":"auto","background-attachment":"scroll","background-type":"","background-media":"","overlay-type":"","overlay-color":"","overlay-opacity":"","overlay-gradient":""},"mobile":{"background-color":"var(--ast-global-color-5)","background-image":"","background-repeat":"repeat","background-position":"center center","background-size":"auto","background-attachment":"scroll","background-type":"","background-media":"","overlay-type":"","overlay-color":"","overlay-opacity":"","overlay-gradient":""}},"footnotes":""},"categories":[1,29],"tags":[],"class_list":["post-1832","post","type-post","status-publish","format-standard","has-post-thumbnail","hentry","category-general","category-portada"],"post_mailing_queue_ids":[],"_links":{"self":[{"href":"https:\/\/agora.xtec.cat\/cfatorreromeu\/wp-json\/wp\/v2\/posts\/1832","targetHints":{"allow":["GET"]}}],"collection":[{"href":"https:\/\/agora.xtec.cat\/cfatorreromeu\/wp-json\/wp\/v2\/posts"}],"about":[{"href":"https:\/\/agora.xtec.cat\/cfatorreromeu\/wp-json\/wp\/v2\/types\/post"}],"author":[{"embeddable":true,"href":"https:\/\/agora.xtec.cat\/cfatorreromeu\/wp-json\/wp\/v2\/users\/5"}],"replies":[{"embeddable":true,"href":"https:\/\/agora.xtec.cat\/cfatorreromeu\/wp-json\/wp\/v2\/comments?post=1832"}],"version-history":[{"count":3,"href":"https:\/\/agora.xtec.cat\/cfatorreromeu\/wp-json\/wp\/v2\/posts\/1832\/revisions"}],"predecessor-version":[{"id":1839,"href":"https:\/\/agora.xtec.cat\/cfatorreromeu\/wp-json\/wp\/v2\/posts\/1832\/revisions\/1839"}],"wp:featuredmedia":[{"embeddable":true,"href":"https:\/\/agora.xtec.cat\/cfatorreromeu\/wp-json\/wp\/v2\/media\/1834"}],"wp:attachment":[{"href":"https:\/\/agora.xtec.cat\/cfatorreromeu\/wp-json\/wp\/v2\/media?parent=1832"}],"wp:term":[{"taxonomy":"category","embeddable":true,"href":"https:\/\/agora.xtec.cat\/cfatorreromeu\/wp-json\/wp\/v2\/categories?post=1832"},{"taxonomy":"post_tag","embeddable":true,"href":"https:\/\/agora.xtec.cat\/cfatorreromeu\/wp-json\/wp\/v2\/tags?post=1832"}],"curies":[{"name":"wp","href":"https:\/\/api.w.org\/{rel}","templated":true}]}}