{"id":1828,"date":"2021-02-17T20:31:13","date_gmt":"2021-02-17T19:31:13","guid":{"rendered":"http:\/\/agora.xtec.cat\/cfatorreromeu\/?p=1828"},"modified":"2021-03-08T13:06:42","modified_gmt":"2021-03-08T12:06:42","slug":"proves-dacces-a-cicles-de-grau-mitja-convocatoria-2021","status":"publish","type":"post","link":"https:\/\/agora.xtec.cat\/cfatorreromeu\/general\/proves-dacces-a-cicles-de-grau-mitja-convocatoria-2021\/","title":{"rendered":"PROVES D\u2019ACC\u00c9S A CICLES DE GRAU MITJ\u00c0. CONVOCAT\u00d2RIA 2021"},"content":{"rendered":"<h3><strong>CONVOCADES LES PROVES D\u2019ACC\u00c9S ALS CICLES FORMATIUS DE GRAU MITJ\u00c0, CORRESPONENTS A L\u2019ANY 2021<\/strong><\/h3>\n<ul>\n<li><strong>Sol.licitud d\u2019inscripci\u00f3: del 15\u00a0<\/strong>(a partir de les 9 h)<strong>\u00a0al\u00a025 de\u00a0mar\u00e7\u00a0<\/strong>(fins les 23:59h)<strong>\u00a0de\u00a02021\u00a0<\/strong>mitjan\u00e7ant l\u2019aplicaci\u00f3 inform\u00e0tica disponible a:\u00a0<strong><a href=\"http:\/\/educacio.gencat.cat\/ca\/tramits\/tramits-temes\/11014-f-professional-gmitja?category=7445de6a-a82c-11e3-a972-000c29052e2c&amp;moda=1\" target=\"_blank\" rel=\"noopener noreferrer\">enlla\u00e7<\/a><\/strong>.<\/li>\n<li><strong>Presentaci\u00f3 de la documentaci\u00f3<\/strong>\u00a0al centre triat per a realitzar la prova:\u00a0<strong>des del 14 fins al 27 d\u2019abril de 2021,\u00a0<\/strong>dins l\u2019horari d\u2019atenci\u00f3 al p\u00fablic del centre.<\/li>\n<li><strong>Data de l&#8217;examen: 5 de maig de 2021<\/strong><\/li>\n<\/ul>\n<p><strong>Tota la informaci\u00f3 sobre les proves a:\u00a0<a href=\"http:\/\/educacio.gencat.cat\/ca\/serveis-tramits\/proves\/proves-acces\/gm-fp\/\" target=\"_blank\" rel=\"noopener noreferrer\">enlla\u00e7<\/a>.<\/strong><\/p>\n<p><iframe loading=\"lazy\" src=\"\/\/giphy.com\/embed\/tuTJXjtYV7CV2\" width=\"480\" height=\"537\" frameborder=\"0\"><\/iframe><\/p>\n","protected":false},"excerpt":{"rendered":"<p>CONVOCADES LES PROVES D\u2019ACC\u00c9S ALS CICLES FORMATIUS DE GRAU MITJ\u00c0, CORRESPONENTS A L\u2019ANY 2021 Sol.licitud d\u2019inscripci\u00f3: del 15\u00a0(a partir de les 9 h)\u00a0al\u00a025 de\u00a0mar\u00e7\u00a0(fins les 23:59h)\u00a0de\u00a02021\u00a0mitjan\u00e7ant l\u2019aplicaci\u00f3 inform\u00e0tica disponible a:\u00a0enlla\u00e7. Presentaci\u00f3 de la documentaci\u00f3\u00a0al centre triat per a realitzar la prova:\u00a0des del 14 fins al 27 d\u2019abril de 2021,\u00a0dins l\u2019horari d\u2019atenci\u00f3 al p\u00fablic del centre. [&hellip;]<\/p>\n","protected":false},"author":5,"featured_media":0,"comment_status":"open","ping_status":"closed","sticky":false,"template":"","format":"standard","meta":{"_bbp_topic_count":0,"_bbp_reply_count":0,"_bbp_total_topic_count":0,"_bbp_total_reply_count":0,"_bbp_voice_count":0,"_bbp_anonymous_reply_count":0,"_bbp_topic_count_hidden":0,"_bbp_reply_count_hidden":0,"_bbp_forum_subforum_count":0,"site-sidebar-layout":"default","site-content-layout":"","ast-site-content-layout":"","site-content-style":"default","site-sidebar-style":"default","ast-global-header-display":"","ast-banner-title-visibility":"","ast-main-header-display":"","ast-hfb-above-header-display":"","ast-hfb-below-header-display":"","ast-hfb-mobile-header-display":"","site-post-title":"","ast-breadcrumbs-content":"","ast-featured-img":"","footer-sml-layout":"","theme-transparent-header-meta":"","adv-header-id-meta":"","stick-header-meta":"","header-above-stick-meta":"","header-main-stick-meta":"","header-below-stick-meta":"","astra-migrate-meta-layouts":"default","ast-page-background-enabled":"default","ast-page-background-meta":{"desktop":{"background-color":"var(--ast-global-color-4)","background-image":"","background-repeat":"repeat","background-position":"center center","background-size":"auto","background-attachment":"scroll","background-type":"","background-media":"","overlay-type":"","overlay-color":"","overlay-opacity":"","overlay-gradient":""},"tablet":{"background-color":"","background-image":"","background-repeat":"repeat","background-position":"center center","background-size":"auto","background-attachment":"scroll","background-type":"","background-media":"","overlay-type":"","overlay-color":"","overlay-opacity":"","overlay-gradient":""},"mobile":{"background-color":"","background-image":"","background-repeat":"repeat","background-position":"center center","background-size":"auto","background-attachment":"scroll","background-type":"","background-media":"","overlay-type":"","overlay-color":"","overlay-opacity":"","overlay-gradient":""}},"ast-content-background-meta":{"desktop":{"background-color":"var(--ast-global-color-5)","background-image":"","background-repeat":"repeat","background-position":"center center","background-size":"auto","background-attachment":"scroll","background-type":"","background-media":"","overlay-type":"","overlay-color":"","overlay-opacity":"","overlay-gradient":""},"tablet":{"background-color":"var(--ast-global-color-5)","background-image":"","background-repeat":"repeat","background-position":"center center","background-size":"auto","background-attachment":"scroll","background-type":"","background-media":"","overlay-type":"","overlay-color":"","overlay-opacity":"","overlay-gradient":""},"mobile":{"background-color":"var(--ast-global-color-5)","background-image":"","background-repeat":"repeat","background-position":"center center","background-size":"auto","background-attachment":"scroll","background-type":"","background-media":"","overlay-type":"","overlay-color":"","overlay-opacity":"","overlay-gradient":""}},"footnotes":""},"categories":[1,29],"tags":[],"class_list":["post-1828","post","type-post","status-publish","format-standard","hentry","category-general","category-portada"],"post_mailing_queue_ids":[],"_links":{"self":[{"href":"https:\/\/agora.xtec.cat\/cfatorreromeu\/wp-json\/wp\/v2\/posts\/1828","targetHints":{"allow":["GET"]}}],"collection":[{"href":"https:\/\/agora.xtec.cat\/cfatorreromeu\/wp-json\/wp\/v2\/posts"}],"about":[{"href":"https:\/\/agora.xtec.cat\/cfatorreromeu\/wp-json\/wp\/v2\/types\/post"}],"author":[{"embeddable":true,"href":"https:\/\/agora.xtec.cat\/cfatorreromeu\/wp-json\/wp\/v2\/users\/5"}],"replies":[{"embeddable":true,"href":"https:\/\/agora.xtec.cat\/cfatorreromeu\/wp-json\/wp\/v2\/comments?post=1828"}],"version-history":[{"count":2,"href":"https:\/\/agora.xtec.cat\/cfatorreromeu\/wp-json\/wp\/v2\/posts\/1828\/revisions"}],"predecessor-version":[{"id":1830,"href":"https:\/\/agora.xtec.cat\/cfatorreromeu\/wp-json\/wp\/v2\/posts\/1828\/revisions\/1830"}],"wp:attachment":[{"href":"https:\/\/agora.xtec.cat\/cfatorreromeu\/wp-json\/wp\/v2\/media?parent=1828"}],"wp:term":[{"taxonomy":"category","embeddable":true,"href":"https:\/\/agora.xtec.cat\/cfatorreromeu\/wp-json\/wp\/v2\/categories?post=1828"},{"taxonomy":"post_tag","embeddable":true,"href":"https:\/\/agora.xtec.cat\/cfatorreromeu\/wp-json\/wp\/v2\/tags?post=1828"}],"curies":[{"name":"wp","href":"https:\/\/api.w.org\/{rel}","templated":true}]}}