{"id":1776,"date":"2020-11-25T08:40:29","date_gmt":"2020-11-25T07:40:29","guid":{"rendered":"http:\/\/agora.xtec.cat\/cfatorreromeu\/?p=1776"},"modified":"2020-11-24T15:51:27","modified_gmt":"2020-11-24T14:51:27","slug":"25n-25n-dia-internacional-per-a-leliminacio-de-la-violencia-envers-les-dones","status":"publish","type":"post","link":"https:\/\/agora.xtec.cat\/cfatorreromeu\/general\/25n-25n-dia-internacional-per-a-leliminacio-de-la-violencia-envers-les-dones\/","title":{"rendered":"25N-Dia internacional per a l&#8217;eliminaci\u00f3 de la viol\u00e8ncia envers les dones"},"content":{"rendered":"<p>El 25 de novembre va ser declarat\u00a0<strong>Dia internacional contra la viol\u00e8ncia de g\u00e8nere<\/strong>\u00a0durant el primer\u00a0<em>Encuentro Feminista de Latinoam\u00e9rica y del Caribe<\/em>\u00a0celebrat a Bogot\u00e0 (Col\u00f2mbia) l&#8217;any 1981.<\/p>\n<p>En aquesta trobada, les dones van denunciar la viol\u00e8ncia de g\u00e8nere en l&#8217;\u00e0mbit dom\u00e8stic i la violaci\u00f3 i l&#8217;assetjament sexual en l&#8217;\u00e0mbit dels governs, incloent-hi la tortura i els abusos que patien moltes presoneres pol\u00edtiques.<\/p>\n<p>Es va escollir aquest dia per commemorar el violent assassinat de les germanes i activistes pol\u00edtiques\u00a0<strong>Minerva, Patria i Maria Teresa\u00a0Mirabal<\/strong>, van ser assassinades per la policia secreta del dictador Rafael Trujillo a la Rep\u00fablica Dominicana mentre anaven a Puerto Plata a visitar els seus marits empresonats el 25 de novembre de 1960. Els seus cad\u00e0vers destrossats van apar\u00e8ixer al fons d&#8217;un barranc.\u00a0Adela (Ded\u00e9) Mirabal va ser l\u2019\u00fanica germana que va sobreviure i va morir el 2014 a B\u00e8lgica als 88 anys. Per al moviment popular i feminista de la Rep\u00fablica Dominicana, hist\u00f2ricament,\u00a0<strong>aquestes dones han simbolitzat la lluita i la resist\u00e8ncia.\u00a0<\/strong>El 1999, l&#8217;ONU va donar car\u00e0cter oficial a aquesta data<strong>.<\/strong><\/p>\n<p>Us convoquem a les 12:00 del migdia a fer un minut de silenci.<\/p>\n<p>M\u00e9s info <a href=\"http:\/\/dones.gencat.cat\/ca\/ambits\/violencia_masclista\/dia-eliminacio-violencia-contra-dones\/\">aqu\u00ed.<\/a><\/p>\n","protected":false},"excerpt":{"rendered":"<p>El 25 de novembre va ser declarat\u00a0Dia internacional contra la viol\u00e8ncia de g\u00e8nere\u00a0durant el primer\u00a0Encuentro Feminista de Latinoam\u00e9rica y del Caribe\u00a0celebrat a Bogot\u00e0 (Col\u00f2mbia) l&#8217;any 1981. En aquesta trobada, les dones van denunciar la viol\u00e8ncia de g\u00e8nere en l&#8217;\u00e0mbit dom\u00e8stic i la violaci\u00f3 i l&#8217;assetjament sexual en l&#8217;\u00e0mbit dels governs, incloent-hi la tortura i els [&hellip;]<\/p>\n","protected":false},"author":1,"featured_media":1780,"comment_status":"open","ping_status":"closed","sticky":false,"template":"","format":"standard","meta":{"_bbp_topic_count":0,"_bbp_reply_count":0,"_bbp_total_topic_count":0,"_bbp_total_reply_count":0,"_bbp_voice_count":0,"_bbp_anonymous_reply_count":0,"_bbp_topic_count_hidden":0,"_bbp_reply_count_hidden":0,"_bbp_forum_subforum_count":0,"site-sidebar-layout":"default","site-content-layout":"","ast-site-content-layout":"","site-content-style":"default","site-sidebar-style":"default","ast-global-header-display":"","ast-banner-title-visibility":"","ast-main-header-display":"","ast-hfb-above-header-display":"","ast-hfb-below-header-display":"","ast-hfb-mobile-header-display":"","site-post-title":"","ast-breadcrumbs-content":"","ast-featured-img":"","footer-sml-layout":"","theme-transparent-header-meta":"","adv-header-id-meta":"","stick-header-meta":"","header-above-stick-meta":"","header-main-stick-meta":"","header-below-stick-meta":"","astra-migrate-meta-layouts":"default","ast-page-background-enabled":"default","ast-page-background-meta":{"desktop":{"background-color":"var(--ast-global-color-4)","background-image":"","background-repeat":"repeat","background-position":"center center","background-size":"auto","background-attachment":"scroll","background-type":"","background-media":"","overlay-type":"","overlay-color":"","overlay-opacity":"","overlay-gradient":""},"tablet":{"background-color":"","background-image":"","background-repeat":"repeat","background-position":"center center","background-size":"auto","background-attachment":"scroll","background-type":"","background-media":"","overlay-type":"","overlay-color":"","overlay-opacity":"","overlay-gradient":""},"mobile":{"background-color":"","background-image":"","background-repeat":"repeat","background-position":"center center","background-size":"auto","background-attachment":"scroll","background-type":"","background-media":"","overlay-type":"","overlay-color":"","overlay-opacity":"","overlay-gradient":""}},"ast-content-background-meta":{"desktop":{"background-color":"var(--ast-global-color-5)","background-image":"","background-repeat":"repeat","background-position":"center center","background-size":"auto","background-attachment":"scroll","background-type":"","background-media":"","overlay-type":"","overlay-color":"","overlay-opacity":"","overlay-gradient":""},"tablet":{"background-color":"var(--ast-global-color-5)","background-image":"","background-repeat":"repeat","background-position":"center center","background-size":"auto","background-attachment":"scroll","background-type":"","background-media":"","overlay-type":"","overlay-color":"","overlay-opacity":"","overlay-gradient":""},"mobile":{"background-color":"var(--ast-global-color-5)","background-image":"","background-repeat":"repeat","background-position":"center center","background-size":"auto","background-attachment":"scroll","background-type":"","background-media":"","overlay-type":"","overlay-color":"","overlay-opacity":"","overlay-gradient":""}},"footnotes":""},"categories":[1,29],"tags":[],"class_list":["post-1776","post","type-post","status-publish","format-standard","has-post-thumbnail","hentry","category-general","category-portada"],"post_mailing_queue_ids":[],"_links":{"self":[{"href":"https:\/\/agora.xtec.cat\/cfatorreromeu\/wp-json\/wp\/v2\/posts\/1776","targetHints":{"allow":["GET"]}}],"collection":[{"href":"https:\/\/agora.xtec.cat\/cfatorreromeu\/wp-json\/wp\/v2\/posts"}],"about":[{"href":"https:\/\/agora.xtec.cat\/cfatorreromeu\/wp-json\/wp\/v2\/types\/post"}],"author":[{"embeddable":true,"href":"https:\/\/agora.xtec.cat\/cfatorreromeu\/wp-json\/wp\/v2\/users\/1"}],"replies":[{"embeddable":true,"href":"https:\/\/agora.xtec.cat\/cfatorreromeu\/wp-json\/wp\/v2\/comments?post=1776"}],"version-history":[{"count":3,"href":"https:\/\/agora.xtec.cat\/cfatorreromeu\/wp-json\/wp\/v2\/posts\/1776\/revisions"}],"predecessor-version":[{"id":1779,"href":"https:\/\/agora.xtec.cat\/cfatorreromeu\/wp-json\/wp\/v2\/posts\/1776\/revisions\/1779"}],"wp:featuredmedia":[{"embeddable":true,"href":"https:\/\/agora.xtec.cat\/cfatorreromeu\/wp-json\/wp\/v2\/media\/1780"}],"wp:attachment":[{"href":"https:\/\/agora.xtec.cat\/cfatorreromeu\/wp-json\/wp\/v2\/media?parent=1776"}],"wp:term":[{"taxonomy":"category","embeddable":true,"href":"https:\/\/agora.xtec.cat\/cfatorreromeu\/wp-json\/wp\/v2\/categories?post=1776"},{"taxonomy":"post_tag","embeddable":true,"href":"https:\/\/agora.xtec.cat\/cfatorreromeu\/wp-json\/wp\/v2\/tags?post=1776"}],"curies":[{"name":"wp","href":"https:\/\/api.w.org\/{rel}","templated":true}]}}