{"id":1643,"date":"2020-06-01T11:36:13","date_gmt":"2020-06-01T09:36:13","guid":{"rendered":"http:\/\/agora.xtec.cat\/cfatorreromeu\/?p=1643"},"modified":"2020-11-12T09:31:29","modified_gmt":"2020-11-12T08:31:29","slug":"preinscripcio-cicles-grau-mitja","status":"publish","type":"post","link":"https:\/\/agora.xtec.cat\/cfatorreromeu\/general\/preinscripcio-cicles-grau-mitja\/","title":{"rendered":"PREINSCRIPCI\u00d3 CICLES GRAU MITJ\u00c0"},"content":{"rendered":"<p style=\"text-align: justify;\">L&#8217;alumnat que s&#8217;ha preparat el curs per accedir a un cicle de formaci\u00f3 professional cal que formalitzen la sol\u00b7licitud de preinscripci\u00f3 als CICLES DE GRAU MITJ\u00c0<\/p>\n<p style=\"text-align: justify;\">Nom\u00e9s es pot formalitzar\u00a0una sol\u00b7licitud, que s&#8217;ha de presentar al centre demanat en primer lloc, indicant-hi els centres, cicles o torns als quals es vol accedir.<\/p>\n<p style=\"text-align: justify;\"><strong>Per fer la preinscripci\u00f3 cal:<\/strong><\/p>\n<p style=\"text-align: justify;\">1. Con\u00e8ixer el <strong>calendari<\/strong>\u00a0del proc\u00e9s,<\/p>\n<div class=\"FW_sDetallGeneral\" style=\"text-align: justify;\">\n<div class=\"\">\n<div class=\"FW_bContingutArticle \">\n<div class=\"FW_sArticleFoto\"><\/div>\n<div class=\"FW_sPregunta FW_sImpacte\">\n<div class=\"FW_sArticleFoto\">\n<div class=\"FW_sEditPro\">\n<ul>\n<li>Oferta inicial de places escolars: 29 de maig de 2020<\/li>\n<li>Presentaci\u00f3 de sol\u00b7licituds: <strong>del 2 al 8 de juny de 2020<\/strong><\/li>\n<li>Presentaci\u00f3 de documentaci\u00f3: fins al 9 de juny de 2020<\/li>\n<\/ul>\n<p><strong>Av\u00eds: Les dates proposades posteriors s\u00f3n provisionals i poden variar en funci\u00f3 de l&#8217;evoluci\u00f3 de la pand\u00e8mia.<\/strong><\/p>\n<ul>\n<li>Llista de sol\u00b7licituds amb la puntuaci\u00f3 provisional: 9 de juliol de 2020<\/li>\n<li>Presentaci\u00f3 de reclamacions: del 10 al 14 de juliol de 2020<\/li>\n<li>Llista de sol\u00b7licituds amb la puntuaci\u00f3 un cop resoltes les reclamacions: 15 de juliol de 2020<\/li>\n<li>Sorteig del n\u00famero de desempat: 15 de juliol de 2020, a les 11 hores<\/li>\n<li>Llista ordenada definitiva: 20 de juliol de 2020<\/li>\n<li>Oferta final de places escolars: 28 de juliol de 2020<\/li>\n<li>Llista d&#8217;alumnes admesos i llista d&#8217;espera: 30 de juliol de 2020<\/li>\n<\/ul>\n<p>2. Consultar els centres educatius on es vol estudiar<\/p>\n<\/div>\n<\/div>\n<\/div>\n<\/div>\n<\/div>\n<\/div>\n<div class=\"FW_sArticleFoto\" style=\"text-align: justify;\">\n<div class=\"FW_sEditPro\">\n<p>Per formalitzar la sol\u00b7licitud de preinscripci\u00f3 cal especificar <strong>per ordre de prefer\u00e8ncia<\/strong> els centres educatius, els cicles i els torns a qu\u00e8 es vol accedir.<\/p>\n<p>En aquest enlla\u00e7 <a class=\"FW_titBullet FW_sLinkNegreta\" title=\"Aquest enlla\u00e7 s'obre en una nova pestanya: Consulta de centres educatius\" href=\"http:\/\/mapaescolar.gencat.cat\/\" target=\"_blank\" rel=\"noopener noreferrer\">Consulta de centres educatius<\/a> <a class=\"FW_sNoUnderline\" title=\"Aquest enlla\u00e7 s'obre en una nova pestanya: Consulta de centres educatius\" href=\"http:\/\/mapaescolar.gencat.cat\/\" target=\"_blank\" rel=\"noopener noreferrer\"><span class=\"FW_sPopup\">\u00a0<\/span><\/a> hi ha<strong>\u00a0<\/strong>la informaci\u00f3 sobre els centres que participen en la preinscripci\u00f3: situaci\u00f3 geogr\u00e0fica, codi de centre, adre\u00e7a, tel\u00e8fon, ensenyaments i grups de cadascun. Heu d&#8217;anotar <strong>el codi de centre<\/strong> perqu\u00e8 a la sol\u00b7licitud de preinscripci\u00f3 cal especificar el codi dels cicles als quals es vol accedir. Tamb\u00e9<strong> l&#8217;adre\u00e7a de correu electr\u00f2nic<\/strong> per posar-vos en contacte amb ell.<\/p>\n<\/div>\n<\/div>\n<div class=\"FW_BorderContTop\" style=\"text-align: justify;\">\n<div class=\"FW_BorderContLeft\">\n<div class=\"FW_BorderContRight\">\n<div class=\"FW_BorderContBottom\">\n<div class=\"FW_sPadding4\">\n<div class=\"FW_sArticleFoto\">\n<div class=\"FW_sEditPro\">\n<p>Trobareu els codis a la pestanya &#8220;Descripci\u00f3&#8221; de la fitxa del cicle corresponent a l&#8217;apartat &#8220;Estudis&#8221; d&#8217;aquest web.<\/p>\n<\/div>\n<\/div>\n<div class=\"FW_clear FW_hrBlanc\">En aquest enlla\u00e7 podeu trobar la informaci\u00f3 sobre tots els<a class=\"FW_titBullet FW_sLinkNegreta\" title=\"Cicles de formaci\u00f3 professional de grau mitj\u00e0\" href=\"http:\/\/queestudiar.gencat.cat\/ca\/estudis\/fp\/cicles\/gm\/\"> Cicles de formaci\u00f3 professional de grau mitj\u00e0.<\/a><\/div>\n<div class=\"FW_BorderContLeft\">\n<div class=\"FW_BorderContRight\">\n<div class=\"FW_BorderContBottom\">\n<div class=\"FW_sPadding4\">\n<p>&nbsp;<\/p>\n<\/div>\n<\/div>\n<\/div>\n<\/div>\n<\/div>\n<\/div>\n<\/div>\n<\/div>\n<\/div>\n<p style=\"text-align: justify;\">3. Emplenar la sol\u00b7licitud del 2-8 de juny. Us recomanem fer-ho amb temps per si sorgeixen problemes.<\/p>\n<p style=\"text-align: justify;\">Si s&#8217;emplena la <strong>sol\u00b7licitud electr\u00f2nica<\/strong>, (amb DNI electr\u00f2nic, IDESCAT, clau electr\u00f2nica, etc.) el tr\u00e0mit de presentaci\u00f3 s&#8217;acaba amb l&#8217;enviament del formulari i no s&#8217;ha de presentar cap c\u00f2pia al centre ni tampoc cap documentaci\u00f3 acreditativa de la persona sol\u00b7licitant ni de l&#8217;alumne.<\/p>\n<p style=\"text-align: justify;\">Si s&#8217;emplena la <strong>sol\u00b7licitud amb suport inform\u00e0tic<\/strong>, <span style=\"text-decoration: underline;\">cal enviar per correu electr\u00f2nic el resguard de la\u00a0sol\u00b7licitud enviada per Internet a la <strong>b\u00fastia electr\u00f2nica oficial<\/strong> del centre demanat en primer lloc i en el termini establert.\u00a0<\/span>Si no s&#8217;ha pogut validar electr\u00f2nicament, tamb\u00e9 s&#8217;haur\u00e0 d&#8217;enviar per correu electr\u00f2nic la documentaci\u00f3 d&#8217;identificaci\u00f3 de la persona sol\u00b7licitant o de l&#8217;alumne. I si l&#8217;alumne\/a \u00e9s <strong>menor d&#8217;edat<\/strong> i no fa els 18 anys durant l&#8217;any 2020, caldr\u00e0 enviar tamb\u00e9 el llibre de fam\u00edlia.<\/p>\n<p><strong>Heu de fer la preinscripci\u00f3 posant un 0 a la nota de la prova d&#8217;acc\u00e9s<\/strong> (no es pot deixar en blanc) i el Departament d&#8217;Educaci\u00f3 traspassar\u00e0 la nota de la prova a la seva preinscripci\u00f3 quan es tanquen les actes de la prova d&#8217;acc\u00e9s<\/p>\n<div class=\"FW_sArticleFoto\" style=\"text-align: justify;\">\n<div class=\"FW_sEditPro\">\n<p><span style=\"text-decoration: underline;\">El centre ha de respondre amb un correu de confirmaci\u00f3 de recepci\u00f3, com a justificant de la presentaci\u00f3 de la sol\u00b7licitud de preinscripci\u00f3 en suport inform\u00e0tic o de la recepci\u00f3 de la documentaci\u00f3. Si no el rebeu, \u00e9s possible que no estigui ben enviat. Poseu-vos en contacte amb l&#8217;institut on voleu estudiar.<br \/>\n<\/span><\/p>\n<p>En els casos excepcionals en qu\u00e8 no es pugui evitar la presencialitat, els centres hauran d\u2019organitzar l\u2019atenci\u00f3 al ciutad\u00e0 per a la presentaci\u00f3 de la sol\u00b7licitud assignant una cita pr\u00e8via per a l\u2019acc\u00e9s al centre. La informaci\u00f3 per poder sol\u00b7licitar la cita pr\u00e8via es pot consultar al web del centre corresponent.<\/p>\n<\/div>\n<\/div>\n<p style=\"text-align: justify;\"><strong>Aquest \u00e9s l&#8217;enlla\u00e7 on presentar la sol\u00b7licitud<\/strong>: <a href=\"http:\/\/ensenyament.gencat.cat\/ca\/tramits\/tramits-temes\/9420-FP-grau-mitja?moda=1\">http:\/\/ensenyament.gencat.cat\/ca\/tramits\/tramits-temes\/9420-FP-grau-mitja?moda=1<\/a><\/p>\n<p style=\"text-align: justify;\">En els casos excepcionals en qu\u00e8 no es pugui evitar la presencialitat, es pot demanar una cita pr\u00e8via per rebre atenci\u00f3 presencial al centre demanat en primer lloc. La informaci\u00f3 per poder sol\u00b7licitar la cita pr\u00e8via es pot consultar al web del centre corresponent.<\/p>\n<p style=\"text-align: justify;\">AQU\u00cd TOTA LA INFO COMPLETA: <a href=\"http:\/\/queestudiar.gencat.cat\/ca\/estudis\/fp\/info-general\/\">http:\/\/queestudiar.gencat.cat\/ca\/estudis\/fp\/info-general\/<\/a><\/p>\n<p style=\"text-align: justify;\">Si tens dubtes, posa&#8217;t en contacte amb nosaltres.<\/p>\n<p style=\"text-align: justify;\">cfatorreromeu@xtec.cat \u00a0 \u00a0 \u00a0 \u00a0 \u00a0 \u00a0 \u00a0\u00a0 anamochol2@xtec.cat<\/p>\n","protected":false},"excerpt":{"rendered":"<p>L&#8217;alumnat que s&#8217;ha preparat el curs per accedir a un cicle de formaci\u00f3 professional cal que formalitzen la sol\u00b7licitud de preinscripci\u00f3 als CICLES DE GRAU MITJ\u00c0 Nom\u00e9s es pot formalitzar\u00a0una sol\u00b7licitud, que s&#8217;ha de presentar al centre demanat en primer lloc, indicant-hi els centres, cicles o torns als quals es vol accedir. Per fer la [&hellip;]<\/p>\n","protected":false},"author":1,"featured_media":0,"comment_status":"open","ping_status":"closed","sticky":false,"template":"","format":"standard","meta":{"_bbp_topic_count":0,"_bbp_reply_count":0,"_bbp_total_topic_count":0,"_bbp_total_reply_count":0,"_bbp_voice_count":0,"_bbp_anonymous_reply_count":0,"_bbp_topic_count_hidden":0,"_bbp_reply_count_hidden":0,"_bbp_forum_subforum_count":0,"site-sidebar-layout":"default","site-content-layout":"","ast-site-content-layout":"","site-content-style":"default","site-sidebar-style":"default","ast-global-header-display":"","ast-banner-title-visibility":"","ast-main-header-display":"","ast-hfb-above-header-display":"","ast-hfb-below-header-display":"","ast-hfb-mobile-header-display":"","site-post-title":"","ast-breadcrumbs-content":"","ast-featured-img":"","footer-sml-layout":"","theme-transparent-header-meta":"","adv-header-id-meta":"","stick-header-meta":"","header-above-stick-meta":"","header-main-stick-meta":"","header-below-stick-meta":"","astra-migrate-meta-layouts":"default","ast-page-background-enabled":"default","ast-page-background-meta":{"desktop":{"background-color":"var(--ast-global-color-4)","background-image":"","background-repeat":"repeat","background-position":"center center","background-size":"auto","background-attachment":"scroll","background-type":"","background-media":"","overlay-type":"","overlay-color":"","overlay-opacity":"","overlay-gradient":""},"tablet":{"background-color":"","background-image":"","background-repeat":"repeat","background-position":"center center","background-size":"auto","background-attachment":"scroll","background-type":"","background-media":"","overlay-type":"","overlay-color":"","overlay-opacity":"","overlay-gradient":""},"mobile":{"background-color":"","background-image":"","background-repeat":"repeat","background-position":"center center","background-size":"auto","background-attachment":"scroll","background-type":"","background-media":"","overlay-type":"","overlay-color":"","overlay-opacity":"","overlay-gradient":""}},"ast-content-background-meta":{"desktop":{"background-color":"var(--ast-global-color-5)","background-image":"","background-repeat":"repeat","background-position":"center center","background-size":"auto","background-attachment":"scroll","background-type":"","background-media":"","overlay-type":"","overlay-color":"","overlay-opacity":"","overlay-gradient":""},"tablet":{"background-color":"var(--ast-global-color-5)","background-image":"","background-repeat":"repeat","background-position":"center center","background-size":"auto","background-attachment":"scroll","background-type":"","background-media":"","overlay-type":"","overlay-color":"","overlay-opacity":"","overlay-gradient":""},"mobile":{"background-color":"var(--ast-global-color-5)","background-image":"","background-repeat":"repeat","background-position":"center center","background-size":"auto","background-attachment":"scroll","background-type":"","background-media":"","overlay-type":"","overlay-color":"","overlay-opacity":"","overlay-gradient":""}},"footnotes":""},"categories":[1,29],"tags":[],"class_list":["post-1643","post","type-post","status-publish","format-standard","hentry","category-general","category-portada"],"post_mailing_queue_ids":[],"_links":{"self":[{"href":"https:\/\/agora.xtec.cat\/cfatorreromeu\/wp-json\/wp\/v2\/posts\/1643","targetHints":{"allow":["GET"]}}],"collection":[{"href":"https:\/\/agora.xtec.cat\/cfatorreromeu\/wp-json\/wp\/v2\/posts"}],"about":[{"href":"https:\/\/agora.xtec.cat\/cfatorreromeu\/wp-json\/wp\/v2\/types\/post"}],"author":[{"embeddable":true,"href":"https:\/\/agora.xtec.cat\/cfatorreromeu\/wp-json\/wp\/v2\/users\/1"}],"replies":[{"embeddable":true,"href":"https:\/\/agora.xtec.cat\/cfatorreromeu\/wp-json\/wp\/v2\/comments?post=1643"}],"version-history":[{"count":3,"href":"https:\/\/agora.xtec.cat\/cfatorreromeu\/wp-json\/wp\/v2\/posts\/1643\/revisions"}],"predecessor-version":[{"id":1646,"href":"https:\/\/agora.xtec.cat\/cfatorreromeu\/wp-json\/wp\/v2\/posts\/1643\/revisions\/1646"}],"wp:attachment":[{"href":"https:\/\/agora.xtec.cat\/cfatorreromeu\/wp-json\/wp\/v2\/media?parent=1643"}],"wp:term":[{"taxonomy":"category","embeddable":true,"href":"https:\/\/agora.xtec.cat\/cfatorreromeu\/wp-json\/wp\/v2\/categories?post=1643"},{"taxonomy":"post_tag","embeddable":true,"href":"https:\/\/agora.xtec.cat\/cfatorreromeu\/wp-json\/wp\/v2\/tags?post=1643"}],"curies":[{"name":"wp","href":"https:\/\/api.w.org\/{rel}","templated":true}]}}