{"id":1640,"date":"2020-05-13T17:04:08","date_gmt":"2020-05-13T15:04:08","guid":{"rendered":"http:\/\/agora.xtec.cat\/cfatorreromeu\/?p=1640"},"modified":"2020-05-13T17:04:08","modified_gmt":"2020-05-13T15:04:08","slug":"sessio-de-contes","status":"publish","type":"post","link":"https:\/\/agora.xtec.cat\/cfatorreromeu\/general\/sessio-de-contes\/","title":{"rendered":"Sessi\u00f3 de contes"},"content":{"rendered":"<p>Des de la Xarxa de Biblioteques Municipals de Sabadell han preparat una nova sessi\u00f3 de contes.<\/p>\n<p><em>Contes perduts<\/em>, a c\u00e0rrec d&#8217;\u00cdngrid Domingo.<\/p>\n<p><span class=\"_5mfr\"><span class=\"_6qdm\">?<\/span><\/span> Des d&#8217;avui fins el diumenge 17 de maig<br \/>\n<span class=\"_5mfr\"><span class=\"_6qdm\">?<\/span><\/span> Els podeu veure en aquest enlla\u00e7: <a href=\"https:\/\/youtu.be\/ex9gANJ9pAs?fbclid=IwAR0AoltbtsnceWQdg1GdaXREyAg9fsWH-GJu38P_lND53FnjlXTPddsYyuQ\" target=\"_blank\" rel=\"noopener nofollow noreferrer\" data-ft=\"{&quot;tn&quot;:&quot;-U&quot;}\" data-lynx-mode=\"async\" data-lynx-uri=\"https:\/\/l.facebook.com\/l.php?u=https%3A%2F%2Fyoutu.be%2Fex9gANJ9pAs%3Ffbclid%3DIwAR0AoltbtsnceWQdg1GdaXREyAg9fsWH-GJu38P_lND53FnjlXTPddsYyuQ&amp;h=AT0cspn2DM7LOZ0gaSpySLsowb8AI1VeUwGJRDigfmf5Z37Z2zbUZQShmUGNdlNp6CHLWuSagNv2cuGLQM4NGM1_MRdGjlzFrPAVM5Y4czTgj95QamXt3MUkB2Zwb30s1TxzvmEdcSimRE9A7BZqm99_--kGg2QMOu-lD-tHIfj9TOM0GSUnHAk1IqH404bk1aUMmyEJuwcc4pMS1Xh7uk6lmRAipgz9RwzmCCz5wng-FK6hfFJSMaK2o02Wah7Igxd80rSIjIHTUoQIKZ3OHoOmpAAVlEeWpJaRHIqRdVFfnA2QSjLY6j9Ce_DGRWtKyI8aDJy4O_N3KR-GebQM5XSoSMEQqYvr2nmk8ww-7AB5eORiAJleyepdT4QPNZiyWqpz_kKi6MqLRDFVWB5uXli5WMIL5rWQV5iEd5BdUbHlML9QbxY3WKjd5nVtQRlXpzXlyVNz4wNWBNpYTv00xskg3aqgydvTzQEcecymf0SZI7x0uUTln7VbHlwg2m-fLp7Ucs1N13JVMOajODi4F8h5887geDExUQJ_ta4SooaeKkIrMKcBxxRZgNYfRYQ85r1sAPUGTRpR4b-VzY0ta_jQYqoAocF7oiZQySHvTChP1xtyMpnV6byNOH8DIp6z5Q\">https:\/\/youtu.be\/ex9gANJ9pAs<\/a><br \/>\n<span class=\"_5mfr\"><span class=\"_6qdm\">?<\/span><\/span><span class=\"_5mfr\"><span class=\"_6qdm\">?<\/span><\/span> Recomanat a partir de 4 anys<\/p>\n<div class=\"text_exposed_show\">\n<p>Sessi\u00f3 de contes virtual on els personatges dels contes que la \u00cdngrid explica tenen en com\u00fa que perden alguna cosa, la recuperaran?<\/p>\n<\/div>\n<p><iframe loading=\"lazy\" src=\"\/\/www.youtube.com\/embed\/ex9gANJ9pAs\" width=\"560\" height=\"314\"><\/iframe><\/p>\n","protected":false},"excerpt":{"rendered":"<p>Des de la Xarxa de Biblioteques Municipals de Sabadell han preparat una nova sessi\u00f3 de contes. Contes perduts, a c\u00e0rrec d&#8217;\u00cdngrid Domingo. ? Des d&#8217;avui fins el diumenge 17 de maig ? Els podeu veure en aquest enlla\u00e7: https:\/\/youtu.be\/ex9gANJ9pAs ?? Recomanat a partir de 4 anys Sessi\u00f3 de contes virtual on els personatges dels contes [&hellip;]<\/p>\n","protected":false},"author":1,"featured_media":1641,"comment_status":"open","ping_status":"closed","sticky":false,"template":"","format":"standard","meta":{"_bbp_topic_count":0,"_bbp_reply_count":0,"_bbp_total_topic_count":0,"_bbp_total_reply_count":0,"_bbp_voice_count":0,"_bbp_anonymous_reply_count":0,"_bbp_topic_count_hidden":0,"_bbp_reply_count_hidden":0,"_bbp_forum_subforum_count":0,"site-sidebar-layout":"default","site-content-layout":"","ast-site-content-layout":"","site-content-style":"default","site-sidebar-style":"default","ast-global-header-display":"","ast-banner-title-visibility":"","ast-main-header-display":"","ast-hfb-above-header-display":"","ast-hfb-below-header-display":"","ast-hfb-mobile-header-display":"","site-post-title":"","ast-breadcrumbs-content":"","ast-featured-img":"","footer-sml-layout":"","theme-transparent-header-meta":"","adv-header-id-meta":"","stick-header-meta":"","header-above-stick-meta":"","header-main-stick-meta":"","header-below-stick-meta":"","astra-migrate-meta-layouts":"default","ast-page-background-enabled":"default","ast-page-background-meta":{"desktop":{"background-color":"var(--ast-global-color-4)","background-image":"","background-repeat":"repeat","background-position":"center center","background-size":"auto","background-attachment":"scroll","background-type":"","background-media":"","overlay-type":"","overlay-color":"","overlay-opacity":"","overlay-gradient":""},"tablet":{"background-color":"","background-image":"","background-repeat":"repeat","background-position":"center center","background-size":"auto","background-attachment":"scroll","background-type":"","background-media":"","overlay-type":"","overlay-color":"","overlay-opacity":"","overlay-gradient":""},"mobile":{"background-color":"","background-image":"","background-repeat":"repeat","background-position":"center center","background-size":"auto","background-attachment":"scroll","background-type":"","background-media":"","overlay-type":"","overlay-color":"","overlay-opacity":"","overlay-gradient":""}},"ast-content-background-meta":{"desktop":{"background-color":"var(--ast-global-color-5)","background-image":"","background-repeat":"repeat","background-position":"center center","background-size":"auto","background-attachment":"scroll","background-type":"","background-media":"","overlay-type":"","overlay-color":"","overlay-opacity":"","overlay-gradient":""},"tablet":{"background-color":"var(--ast-global-color-5)","background-image":"","background-repeat":"repeat","background-position":"center center","background-size":"auto","background-attachment":"scroll","background-type":"","background-media":"","overlay-type":"","overlay-color":"","overlay-opacity":"","overlay-gradient":""},"mobile":{"background-color":"var(--ast-global-color-5)","background-image":"","background-repeat":"repeat","background-position":"center center","background-size":"auto","background-attachment":"scroll","background-type":"","background-media":"","overlay-type":"","overlay-color":"","overlay-opacity":"","overlay-gradient":""}},"footnotes":""},"categories":[79,113,1,29],"tags":[],"class_list":["post-1640","post","type-post","status-publish","format-standard","has-post-thumbnail","hentry","category-blog-biblio","category-biblioteca-publica","category-general","category-portada"],"post_mailing_queue_ids":[],"_links":{"self":[{"href":"https:\/\/agora.xtec.cat\/cfatorreromeu\/wp-json\/wp\/v2\/posts\/1640","targetHints":{"allow":["GET"]}}],"collection":[{"href":"https:\/\/agora.xtec.cat\/cfatorreromeu\/wp-json\/wp\/v2\/posts"}],"about":[{"href":"https:\/\/agora.xtec.cat\/cfatorreromeu\/wp-json\/wp\/v2\/types\/post"}],"author":[{"embeddable":true,"href":"https:\/\/agora.xtec.cat\/cfatorreromeu\/wp-json\/wp\/v2\/users\/1"}],"replies":[{"embeddable":true,"href":"https:\/\/agora.xtec.cat\/cfatorreromeu\/wp-json\/wp\/v2\/comments?post=1640"}],"version-history":[{"count":1,"href":"https:\/\/agora.xtec.cat\/cfatorreromeu\/wp-json\/wp\/v2\/posts\/1640\/revisions"}],"predecessor-version":[{"id":1642,"href":"https:\/\/agora.xtec.cat\/cfatorreromeu\/wp-json\/wp\/v2\/posts\/1640\/revisions\/1642"}],"wp:featuredmedia":[{"embeddable":true,"href":"https:\/\/agora.xtec.cat\/cfatorreromeu\/wp-json\/wp\/v2\/media\/1641"}],"wp:attachment":[{"href":"https:\/\/agora.xtec.cat\/cfatorreromeu\/wp-json\/wp\/v2\/media?parent=1640"}],"wp:term":[{"taxonomy":"category","embeddable":true,"href":"https:\/\/agora.xtec.cat\/cfatorreromeu\/wp-json\/wp\/v2\/categories?post=1640"},{"taxonomy":"post_tag","embeddable":true,"href":"https:\/\/agora.xtec.cat\/cfatorreromeu\/wp-json\/wp\/v2\/tags?post=1640"}],"curies":[{"name":"wp","href":"https:\/\/api.w.org\/{rel}","templated":true}]}}