{"id":1561,"date":"2020-03-16T12:57:24","date_gmt":"2020-03-16T11:57:24","guid":{"rendered":"http:\/\/agora.xtec.cat\/cfatorreromeu\/?p=1561"},"modified":"2020-03-18T17:14:35","modified_gmt":"2020-03-18T16:14:35","slug":"recomanacions-per-tots-els-alumnes-del-cfa-torre-romeu","status":"publish","type":"post","link":"https:\/\/agora.xtec.cat\/cfatorreromeu\/general\/recomanacions-per-tots-els-alumnes-del-cfa-torre-romeu\/","title":{"rendered":"Recomanacions per tots els alumnes del CFA Torre Romeu"},"content":{"rendered":"<p>Atenent la situaci\u00f3 d&#8217;excepcionalitat en que ens trobem, el Claustre de l&#8217;escola us adre\u00e7a a les nostres plataformes educatives (Moodle i Symbaloo). Plataformes que fins a la data han estat un suport complementari a les classes presencials i que des d&#8217;avui es converteixen en la nostra aula virtual. El Symbaloo \u00e9s el recull de p\u00e0gines, que han fet els vostres tutors, en elles podreu fer pr\u00e0ctiques de tot all\u00f2 que ja s&#8217;ha treballat a classe i per avan\u00e7ar de manera aut\u00f2noma en funci\u00f3 del temps i la dedicaci\u00f3.<\/p>\n<p>Al Moodle a partir d&#8217;ara nom\u00e9s podeu accedir amb el vostre usuari i contrasenya.(Enviat per correu electr\u00f2nic) Aquest detall \u00e9s fonamental perqu\u00e8 haureu de pujar tasques i es faran les retroaccions pertinents, per tant, cal estar identificat (no utilitzeu el codi d&#8217;acc\u00e9s gen\u00e8ric: alumne, si us plau). Si alg\u00fa no ha rebut aquest codi o t\u00e9 problemes d&#8217;acc\u00e9s que es posi en contacte amb l&#8217;Ana Mocholi , Coordinadora TIC, mitjan\u00e7ant correu :amochol2@xtec.cat<\/p>\n<p>Nosaltres continuem treballant i vosaltres haur\u00edeu de fer el mateix. La previsi\u00f3 de tancament \u00e9s fins al 27 de mar\u00e7, per\u00f2 hem d&#8217;estar preparats per si es produeixen pr\u00f2rrogues. Pensem especialment en els alumnes que han de superar proves (Grau Mitj\u00e0, Nacionalitat, Lleng\u00fces&#8230;)\u00a0 Malgrat tot, les feines no s\u00f3n avaluables. Nom\u00e9s volem que aquells que poden treballar ho facin, els que no tinguin acc\u00e8s a internet poden continuar treballant amb els dossiers i enviant preguntes als tutors mitjan\u00e7ant correu.<\/p>\n<p>Queden oberts com a canals de comunicaci\u00f3: la web del centre : \u00a0 \u00a0<strong> https:\/\/agora.xtec.cat\/cfatorreromeu\/ ,<\/strong> el correu de l&#8217;escola:\u00a0\u00a0 <strong>cfatorreromeu@xtec.cat\u00a0 , <\/strong>i els diferents correus de cada tutor :<\/p>\n<ul style=\"list-style-type: square;\">\n<li>\u00a0 \u00a0 \u00a0 \u00a0 \u00a0\u00a0 \u00a0 Hilari Pujol Lozano\u00a0 hilari@accio.es\u00a0 <strong><br \/>\n<\/strong><\/li>\n<li>\u00a0\u00a0\u00a0\u00a0\u00a0\u00a0\u00a0\u00a0\u00a0\u00a0\u00a0\u00a0 Aina Alberola Palomares\u00a0\u00a0\u00a0 aalberol<span class=\"\">@xtec.cat<\/span><\/li>\n<li>\u00a0\u00a0\u00a0\u00a0\u00a0\u00a0\u00a0\u00a0\u00a0\u00a0\u00a0\u00a0 Ana Mocholi\u00a0\u00a0\u00a0\u00a0 amochol2@xtec.cat<\/li>\n<li>\u00a0\u00a0\u00a0\u00a0\u00a0\u00a0\u00a0\u00a0\u00a0\u00a0\u00a0\u00a0 Sergio Santamaria Gisbert\u00a0\u00a0\u00a0\u00a0 ssanta@xtec.cat<\/li>\n<li>\u00a0 \u00a0 \u00a0 \u00a0 \u00a0 \u00a0 \u00a0S\u00f2nia P\u00e9rez Petitpierre\u00a0 \u00a0 \u00a0sperez19@xtec.cat<\/li>\n<li>\u00a0\u00a0\u00a0\u00a0\u00a0\u00a0\u00a0\u00a0 \u00a0 \u00a0 Luc\u00eda de Travy\u00a0\u00a0\u00a0\u00a0\u00a0\u00a0\u00a0\u00a0 ltravy@xtec.cat<\/li>\n<\/ul>\n<p>Ens mantenim en contacte i seguiu les indicacions de Salut . Gr\u00e0cies a tots.<\/p>\n<p>El Cluastre del CFA Torre Romeu.<\/p>\n<p><img loading=\"lazy\" decoding=\"async\" class=\"size-medium wp-image-437 alignleft\" src=\"https:\/\/agora.xtec.cat\/cfatorreromeu\/wp-content\/uploads\/usu1713\/2017\/11\/Logo_NOU-300x72.jpg\" alt=\"\" width=\"300\" height=\"72\" srcset=\"https:\/\/agora.xtec.cat\/cfatorreromeu\/wp-content\/uploads\/usu1713\/2017\/11\/Logo_NOU-300x72.jpg 300w, https:\/\/agora.xtec.cat\/cfatorreromeu\/wp-content\/uploads\/usu1713\/2017\/11\/Logo_NOU.jpg 456w\" sizes=\"auto, (max-width: 300px) 100vw, 300px\" \/><\/p>\n<p>&nbsp;<\/p>\n<p>&nbsp;<\/p>\n<p>&nbsp;<\/p>\n<p>&nbsp;<\/p>\n<p>&nbsp;<\/p>\n<p>&nbsp;<\/p>\n<p>&nbsp;<\/p>\n<p>&nbsp;<\/p>\n","protected":false},"excerpt":{"rendered":"<p>Atenent la situaci\u00f3 d&#8217;excepcionalitat en que ens trobem, el Claustre de l&#8217;escola us adre\u00e7a a les nostres plataformes educatives (Moodle i Symbaloo). Plataformes que fins a la data han estat un suport complementari a les classes presencials i que des d&#8217;avui es converteixen en la nostra aula virtual. El Symbaloo \u00e9s el recull de p\u00e0gines, [&hellip;]<\/p>\n","protected":false},"author":1,"featured_media":0,"comment_status":"open","ping_status":"closed","sticky":false,"template":"","format":"standard","meta":{"_bbp_topic_count":0,"_bbp_reply_count":0,"_bbp_total_topic_count":0,"_bbp_total_reply_count":0,"_bbp_voice_count":0,"_bbp_anonymous_reply_count":0,"_bbp_topic_count_hidden":0,"_bbp_reply_count_hidden":0,"_bbp_forum_subforum_count":0,"site-sidebar-layout":"default","site-content-layout":"","ast-site-content-layout":"","site-content-style":"default","site-sidebar-style":"default","ast-global-header-display":"","ast-banner-title-visibility":"","ast-main-header-display":"","ast-hfb-above-header-display":"","ast-hfb-below-header-display":"","ast-hfb-mobile-header-display":"","site-post-title":"","ast-breadcrumbs-content":"","ast-featured-img":"","footer-sml-layout":"","theme-transparent-header-meta":"","adv-header-id-meta":"","stick-header-meta":"","header-above-stick-meta":"","header-main-stick-meta":"","header-below-stick-meta":"","astra-migrate-meta-layouts":"default","ast-page-background-enabled":"default","ast-page-background-meta":{"desktop":{"background-color":"var(--ast-global-color-4)","background-image":"","background-repeat":"repeat","background-position":"center center","background-size":"auto","background-attachment":"scroll","background-type":"","background-media":"","overlay-type":"","overlay-color":"","overlay-opacity":"","overlay-gradient":""},"tablet":{"background-color":"","background-image":"","background-repeat":"repeat","background-position":"center center","background-size":"auto","background-attachment":"scroll","background-type":"","background-media":"","overlay-type":"","overlay-color":"","overlay-opacity":"","overlay-gradient":""},"mobile":{"background-color":"","background-image":"","background-repeat":"repeat","background-position":"center center","background-size":"auto","background-attachment":"scroll","background-type":"","background-media":"","overlay-type":"","overlay-color":"","overlay-opacity":"","overlay-gradient":""}},"ast-content-background-meta":{"desktop":{"background-color":"var(--ast-global-color-5)","background-image":"","background-repeat":"repeat","background-position":"center center","background-size":"auto","background-attachment":"scroll","background-type":"","background-media":"","overlay-type":"","overlay-color":"","overlay-opacity":"","overlay-gradient":""},"tablet":{"background-color":"var(--ast-global-color-5)","background-image":"","background-repeat":"repeat","background-position":"center center","background-size":"auto","background-attachment":"scroll","background-type":"","background-media":"","overlay-type":"","overlay-color":"","overlay-opacity":"","overlay-gradient":""},"mobile":{"background-color":"var(--ast-global-color-5)","background-image":"","background-repeat":"repeat","background-position":"center center","background-size":"auto","background-attachment":"scroll","background-type":"","background-media":"","overlay-type":"","overlay-color":"","overlay-opacity":"","overlay-gradient":""}},"footnotes":""},"categories":[1,29],"tags":[],"class_list":["post-1561","post","type-post","status-publish","format-standard","hentry","category-general","category-portada"],"post_mailing_queue_ids":[],"_links":{"self":[{"href":"https:\/\/agora.xtec.cat\/cfatorreromeu\/wp-json\/wp\/v2\/posts\/1561","targetHints":{"allow":["GET"]}}],"collection":[{"href":"https:\/\/agora.xtec.cat\/cfatorreromeu\/wp-json\/wp\/v2\/posts"}],"about":[{"href":"https:\/\/agora.xtec.cat\/cfatorreromeu\/wp-json\/wp\/v2\/types\/post"}],"author":[{"embeddable":true,"href":"https:\/\/agora.xtec.cat\/cfatorreromeu\/wp-json\/wp\/v2\/users\/1"}],"replies":[{"embeddable":true,"href":"https:\/\/agora.xtec.cat\/cfatorreromeu\/wp-json\/wp\/v2\/comments?post=1561"}],"version-history":[{"count":3,"href":"https:\/\/agora.xtec.cat\/cfatorreromeu\/wp-json\/wp\/v2\/posts\/1561\/revisions"}],"predecessor-version":[{"id":1567,"href":"https:\/\/agora.xtec.cat\/cfatorreromeu\/wp-json\/wp\/v2\/posts\/1561\/revisions\/1567"}],"wp:attachment":[{"href":"https:\/\/agora.xtec.cat\/cfatorreromeu\/wp-json\/wp\/v2\/media?parent=1561"}],"wp:term":[{"taxonomy":"category","embeddable":true,"href":"https:\/\/agora.xtec.cat\/cfatorreromeu\/wp-json\/wp\/v2\/categories?post=1561"},{"taxonomy":"post_tag","embeddable":true,"href":"https:\/\/agora.xtec.cat\/cfatorreromeu\/wp-json\/wp\/v2\/tags?post=1561"}],"curies":[{"name":"wp","href":"https:\/\/api.w.org\/{rel}","templated":true}]}}