{"id":1266,"date":"2019-04-01T12:35:55","date_gmt":"2019-04-01T10:35:55","guid":{"rendered":"http:\/\/agora.xtec.cat\/cfatorreromeu\/?p=1266"},"modified":"2019-04-01T12:35:55","modified_gmt":"2019-04-01T10:35:55","slug":"dia-internacional-de-la-dona","status":"publish","type":"post","link":"https:\/\/agora.xtec.cat\/cfatorreromeu\/general\/dia-internacional-de-la-dona\/","title":{"rendered":"Dia Internacional de la Dona"},"content":{"rendered":"<p>Amb motiu de la celebraci\u00f3 del Dia Internacional de la Dona, el nostre centre forma part d&#8217;aquesta iniciativa donant a con\u00e8ixer als nostres alumnes la import\u00e0ncia de les dones avui dia i els noms d&#8217;algunes de les m\u00e9s conegudes al panorama internacional. Per\u00f2 no sols donem import\u00e0ncia al nom sin\u00f3 el m\u00e9s important, per qu\u00e8 s\u00f3n i seran tan importants, ja que a darrere de la seva foto trobem una explicaci\u00f3 dels fets que els ha donat tanta rellev\u00e0ncia, dels drets per els quals han lluitat i de com formen part d&#8217;un cam\u00ed cap a l&#8217;equitat que esperem no hi acabi mai i dels que tots en devem<\/p>\n<figure id=\"attachment_1255\" aria-describedby=\"caption-attachment-1255\" style=\"width: 889px\" class=\"wp-caption alignleft\"><a href=\"https:\/\/photos.app.goo.gl\/oEw5nErXGQDRJcpY6\"><img loading=\"lazy\" decoding=\"async\" class=\"size-large wp-image-1255\" src=\"https:\/\/agora.xtec.cat\/cfatorreromeu\/wp-content\/uploads\/usu1713\/2019\/03\/1-definitiva-889x1024.jpg\" alt=\"\" width=\"889\" height=\"1024\" srcset=\"https:\/\/agora.xtec.cat\/cfatorreromeu\/wp-content\/uploads\/usu1713\/2019\/03\/1-definitiva-889x1024.jpg 889w, https:\/\/agora.xtec.cat\/cfatorreromeu\/wp-content\/uploads\/usu1713\/2019\/03\/1-definitiva-260x300.jpg 260w, https:\/\/agora.xtec.cat\/cfatorreromeu\/wp-content\/uploads\/usu1713\/2019\/03\/1-definitiva-768x884.jpg 768w\" sizes=\"auto, (max-width: 889px) 100vw, 889px\" \/><\/a><figcaption id=\"caption-attachment-1255\" class=\"wp-caption-text\">Si voleu veure un petit recull d&#8217;aquestes grans dones, premeu l&#8217;imatge.<\/figcaption><\/figure>\n","protected":false},"excerpt":{"rendered":"<p>Amb motiu de la celebraci\u00f3 del Dia Internacional de la Dona, el nostre centre forma part d&#8217;aquesta iniciativa donant a con\u00e8ixer als nostres alumnes la import\u00e0ncia de les dones avui dia i els noms d&#8217;algunes de les m\u00e9s conegudes al panorama internacional. Per\u00f2 no sols donem import\u00e0ncia al nom sin\u00f3 el m\u00e9s important, per qu\u00e8 [&hellip;]<\/p>\n","protected":false},"author":1,"featured_media":1252,"comment_status":"open","ping_status":"closed","sticky":false,"template":"","format":"standard","meta":{"_bbp_topic_count":0,"_bbp_reply_count":0,"_bbp_total_topic_count":0,"_bbp_total_reply_count":0,"_bbp_voice_count":0,"_bbp_anonymous_reply_count":0,"_bbp_topic_count_hidden":0,"_bbp_reply_count_hidden":0,"_bbp_forum_subforum_count":0,"site-sidebar-layout":"default","site-content-layout":"","ast-site-content-layout":"","site-content-style":"default","site-sidebar-style":"default","ast-global-header-display":"","ast-banner-title-visibility":"","ast-main-header-display":"","ast-hfb-above-header-display":"","ast-hfb-below-header-display":"","ast-hfb-mobile-header-display":"","site-post-title":"","ast-breadcrumbs-content":"","ast-featured-img":"","footer-sml-layout":"","theme-transparent-header-meta":"","adv-header-id-meta":"","stick-header-meta":"","header-above-stick-meta":"","header-main-stick-meta":"","header-below-stick-meta":"","astra-migrate-meta-layouts":"default","ast-page-background-enabled":"default","ast-page-background-meta":{"desktop":{"background-color":"var(--ast-global-color-4)","background-image":"","background-repeat":"repeat","background-position":"center center","background-size":"auto","background-attachment":"scroll","background-type":"","background-media":"","overlay-type":"","overlay-color":"","overlay-opacity":"","overlay-gradient":""},"tablet":{"background-color":"","background-image":"","background-repeat":"repeat","background-position":"center center","background-size":"auto","background-attachment":"scroll","background-type":"","background-media":"","overlay-type":"","overlay-color":"","overlay-opacity":"","overlay-gradient":""},"mobile":{"background-color":"","background-image":"","background-repeat":"repeat","background-position":"center center","background-size":"auto","background-attachment":"scroll","background-type":"","background-media":"","overlay-type":"","overlay-color":"","overlay-opacity":"","overlay-gradient":""}},"ast-content-background-meta":{"desktop":{"background-color":"var(--ast-global-color-5)","background-image":"","background-repeat":"repeat","background-position":"center center","background-size":"auto","background-attachment":"scroll","background-type":"","background-media":"","overlay-type":"","overlay-color":"","overlay-opacity":"","overlay-gradient":""},"tablet":{"background-color":"var(--ast-global-color-5)","background-image":"","background-repeat":"repeat","background-position":"center center","background-size":"auto","background-attachment":"scroll","background-type":"","background-media":"","overlay-type":"","overlay-color":"","overlay-opacity":"","overlay-gradient":""},"mobile":{"background-color":"var(--ast-global-color-5)","background-image":"","background-repeat":"repeat","background-position":"center center","background-size":"auto","background-attachment":"scroll","background-type":"","background-media":"","overlay-type":"","overlay-color":"","overlay-opacity":"","overlay-gradient":""}},"footnotes":""},"categories":[1,29],"tags":[],"class_list":["post-1266","post","type-post","status-publish","format-standard","has-post-thumbnail","hentry","category-general","category-portada"],"post_mailing_queue_ids":[],"_links":{"self":[{"href":"https:\/\/agora.xtec.cat\/cfatorreromeu\/wp-json\/wp\/v2\/posts\/1266","targetHints":{"allow":["GET"]}}],"collection":[{"href":"https:\/\/agora.xtec.cat\/cfatorreromeu\/wp-json\/wp\/v2\/posts"}],"about":[{"href":"https:\/\/agora.xtec.cat\/cfatorreromeu\/wp-json\/wp\/v2\/types\/post"}],"author":[{"embeddable":true,"href":"https:\/\/agora.xtec.cat\/cfatorreromeu\/wp-json\/wp\/v2\/users\/1"}],"replies":[{"embeddable":true,"href":"https:\/\/agora.xtec.cat\/cfatorreromeu\/wp-json\/wp\/v2\/comments?post=1266"}],"version-history":[{"count":1,"href":"https:\/\/agora.xtec.cat\/cfatorreromeu\/wp-json\/wp\/v2\/posts\/1266\/revisions"}],"predecessor-version":[{"id":1267,"href":"https:\/\/agora.xtec.cat\/cfatorreromeu\/wp-json\/wp\/v2\/posts\/1266\/revisions\/1267"}],"wp:featuredmedia":[{"embeddable":true,"href":"https:\/\/agora.xtec.cat\/cfatorreromeu\/wp-json\/wp\/v2\/media\/1252"}],"wp:attachment":[{"href":"https:\/\/agora.xtec.cat\/cfatorreromeu\/wp-json\/wp\/v2\/media?parent=1266"}],"wp:term":[{"taxonomy":"category","embeddable":true,"href":"https:\/\/agora.xtec.cat\/cfatorreromeu\/wp-json\/wp\/v2\/categories?post=1266"},{"taxonomy":"post_tag","embeddable":true,"href":"https:\/\/agora.xtec.cat\/cfatorreromeu\/wp-json\/wp\/v2\/tags?post=1266"}],"curies":[{"name":"wp","href":"https:\/\/api.w.org\/{rel}","templated":true}]}}