{"id":1230,"date":"2019-02-04T15:01:03","date_gmt":"2019-02-04T14:01:03","guid":{"rendered":"http:\/\/agora.xtec.cat\/cfatorreromeu\/?p=1230"},"modified":"2019-02-04T15:01:03","modified_gmt":"2019-02-04T14:01:03","slug":"3a-fira-de-la-formacio-professional","status":"publish","type":"post","link":"https:\/\/agora.xtec.cat\/cfatorreromeu\/general\/3a-fira-de-la-formacio-professional\/","title":{"rendered":"3\u00aa Fira de la Formaci\u00f3 Professional"},"content":{"rendered":"<p style=\"text-align: center;\"><a href=\"http:\/\/www.sabadell.cat\/ca\/fira-de-la-fp-17-18\"><strong>3\u00aa Fira de la Formaci\u00f3 Professional<\/strong><\/a><\/p>\n<p>&nbsp;<\/p>\n<p>El dia 1 de febrer tots els mestres de l&#8217;escola vam assistir a la pon\u00e8ncia <em><strong>Com pode<\/strong><\/em><em><strong>m acompanyar millor els estudiants?<\/strong><\/em>, a c\u00e0rrec del <strong>Dr. Roman Castro<\/strong>. Ha estat la jornada de preparaci\u00f3 per apropar als educadors interessats a la Formaci\u00f3 Professional.<br \/>\nEl tema de l&#8217;acompanyament \u00e9s per tots nosaltres un tema cabdal, ra\u00f3 que fa que aquest any el Claustre en\u00a0ple\u00a0participi en una <strong>F<\/strong>ormaci\u00f3 <strong>I<\/strong>nterna de <strong>C<\/strong>entre que ens convertir\u00e0 en un Centre Orientador.<br \/>\nA grans trets cal destacar\u00a0la import\u00e0ncia\u00a0de tenir una\u00a0visi\u00f3\u00a0optimista, positiva i amplia del m\u00f3n que ens envolta i saber-ho traslladar als nostres alumnes. L&#8217;actualitat\u00a0t\u00e9\u00a0tend\u00e8ncia a girar la mirada cap al pol negatiu, des de l&#8217;escola hem\u00a0d&#8217;argumentar\u00a0una visi\u00f3 m\u00e9s positiva.<br \/>\nEl m\u00f3n laboral evoluciona molt r\u00e0pidament, oficis i professions desapareixen i\u00a0<span class=\"hiddenGrammarError\">s&#8217;<\/span>en creen\u00a0d&#8217;altres; saber llegir les tend\u00e8ncies \u00e9s fonamental a l&#8217;hora d&#8217;acompanyar als nostres alumnes en el seu cam\u00ed de formaci\u00f3 que els portar\u00e0 al m\u00f3n laboral.<\/p>\n<figure id=\"attachment_1231\" aria-describedby=\"caption-attachment-1231\" style=\"width: 474px\" class=\"wp-caption aligncenter\"><img loading=\"lazy\" decoding=\"async\" class=\" wp-image-1231\" src=\"https:\/\/agora.xtec.cat\/cfatorreromeu\/wp-content\/uploads\/usu1713\/2019\/02\/3\u00aa-F.P-1024x768.jpg\" alt=\"\" width=\"474\" height=\"356\" srcset=\"https:\/\/agora.xtec.cat\/cfatorreromeu\/wp-content\/uploads\/usu1713\/2019\/02\/3\u00aa-F.P-1024x768.jpg 1024w, https:\/\/agora.xtec.cat\/cfatorreromeu\/wp-content\/uploads\/usu1713\/2019\/02\/3\u00aa-F.P-300x225.jpg 300w, https:\/\/agora.xtec.cat\/cfatorreromeu\/wp-content\/uploads\/usu1713\/2019\/02\/3\u00aa-F.P-768x576.jpg 768w, https:\/\/agora.xtec.cat\/cfatorreromeu\/wp-content\/uploads\/usu1713\/2019\/02\/3\u00aa-F.P-200x150.jpg 200w\" sizes=\"auto, (max-width: 474px) 100vw, 474px\" \/><figcaption id=\"caption-attachment-1231\" class=\"wp-caption-text\">dig<\/figcaption><\/figure>\n","protected":false},"excerpt":{"rendered":"<p>3\u00aa Fira de la Formaci\u00f3 Professional &nbsp; El dia 1 de febrer tots els mestres de l&#8217;escola vam assistir a la pon\u00e8ncia Com podem acompanyar millor els estudiants?, a c\u00e0rrec del Dr. Roman Castro. Ha estat la jornada de preparaci\u00f3 per apropar als educadors interessats a la Formaci\u00f3 Professional. El tema de l&#8217;acompanyament \u00e9s per [&hellip;]<\/p>\n","protected":false},"author":1,"featured_media":1231,"comment_status":"open","ping_status":"closed","sticky":false,"template":"","format":"standard","meta":{"_bbp_topic_count":0,"_bbp_reply_count":0,"_bbp_total_topic_count":0,"_bbp_total_reply_count":0,"_bbp_voice_count":0,"_bbp_anonymous_reply_count":0,"_bbp_topic_count_hidden":0,"_bbp_reply_count_hidden":0,"_bbp_forum_subforum_count":0,"site-sidebar-layout":"default","site-content-layout":"","ast-site-content-layout":"","site-content-style":"default","site-sidebar-style":"default","ast-global-header-display":"","ast-banner-title-visibility":"","ast-main-header-display":"","ast-hfb-above-header-display":"","ast-hfb-below-header-display":"","ast-hfb-mobile-header-display":"","site-post-title":"","ast-breadcrumbs-content":"","ast-featured-img":"","footer-sml-layout":"","theme-transparent-header-meta":"","adv-header-id-meta":"","stick-header-meta":"","header-above-stick-meta":"","header-main-stick-meta":"","header-below-stick-meta":"","astra-migrate-meta-layouts":"default","ast-page-background-enabled":"default","ast-page-background-meta":{"desktop":{"background-color":"var(--ast-global-color-4)","background-image":"","background-repeat":"repeat","background-position":"center center","background-size":"auto","background-attachment":"scroll","background-type":"","background-media":"","overlay-type":"","overlay-color":"","overlay-opacity":"","overlay-gradient":""},"tablet":{"background-color":"","background-image":"","background-repeat":"repeat","background-position":"center center","background-size":"auto","background-attachment":"scroll","background-type":"","background-media":"","overlay-type":"","overlay-color":"","overlay-opacity":"","overlay-gradient":""},"mobile":{"background-color":"","background-image":"","background-repeat":"repeat","background-position":"center center","background-size":"auto","background-attachment":"scroll","background-type":"","background-media":"","overlay-type":"","overlay-color":"","overlay-opacity":"","overlay-gradient":""}},"ast-content-background-meta":{"desktop":{"background-color":"var(--ast-global-color-5)","background-image":"","background-repeat":"repeat","background-position":"center center","background-size":"auto","background-attachment":"scroll","background-type":"","background-media":"","overlay-type":"","overlay-color":"","overlay-opacity":"","overlay-gradient":""},"tablet":{"background-color":"var(--ast-global-color-5)","background-image":"","background-repeat":"repeat","background-position":"center center","background-size":"auto","background-attachment":"scroll","background-type":"","background-media":"","overlay-type":"","overlay-color":"","overlay-opacity":"","overlay-gradient":""},"mobile":{"background-color":"var(--ast-global-color-5)","background-image":"","background-repeat":"repeat","background-position":"center center","background-size":"auto","background-attachment":"scroll","background-type":"","background-media":"","overlay-type":"","overlay-color":"","overlay-opacity":"","overlay-gradient":""}},"footnotes":""},"categories":[1,29],"tags":[],"class_list":["post-1230","post","type-post","status-publish","format-standard","has-post-thumbnail","hentry","category-general","category-portada"],"post_mailing_queue_ids":[],"_links":{"self":[{"href":"https:\/\/agora.xtec.cat\/cfatorreromeu\/wp-json\/wp\/v2\/posts\/1230","targetHints":{"allow":["GET"]}}],"collection":[{"href":"https:\/\/agora.xtec.cat\/cfatorreromeu\/wp-json\/wp\/v2\/posts"}],"about":[{"href":"https:\/\/agora.xtec.cat\/cfatorreromeu\/wp-json\/wp\/v2\/types\/post"}],"author":[{"embeddable":true,"href":"https:\/\/agora.xtec.cat\/cfatorreromeu\/wp-json\/wp\/v2\/users\/1"}],"replies":[{"embeddable":true,"href":"https:\/\/agora.xtec.cat\/cfatorreromeu\/wp-json\/wp\/v2\/comments?post=1230"}],"version-history":[{"count":3,"href":"https:\/\/agora.xtec.cat\/cfatorreromeu\/wp-json\/wp\/v2\/posts\/1230\/revisions"}],"predecessor-version":[{"id":1234,"href":"https:\/\/agora.xtec.cat\/cfatorreromeu\/wp-json\/wp\/v2\/posts\/1230\/revisions\/1234"}],"wp:featuredmedia":[{"embeddable":true,"href":"https:\/\/agora.xtec.cat\/cfatorreromeu\/wp-json\/wp\/v2\/media\/1231"}],"wp:attachment":[{"href":"https:\/\/agora.xtec.cat\/cfatorreromeu\/wp-json\/wp\/v2\/media?parent=1230"}],"wp:term":[{"taxonomy":"category","embeddable":true,"href":"https:\/\/agora.xtec.cat\/cfatorreromeu\/wp-json\/wp\/v2\/categories?post=1230"},{"taxonomy":"post_tag","embeddable":true,"href":"https:\/\/agora.xtec.cat\/cfatorreromeu\/wp-json\/wp\/v2\/tags?post=1230"}],"curies":[{"name":"wp","href":"https:\/\/api.w.org\/{rel}","templated":true}]}}