{"id":1183,"date":"2018-10-03T18:51:57","date_gmt":"2018-10-03T16:51:57","guid":{"rendered":"http:\/\/agora.xtec.cat\/cfatorreromeu\/?p=1183"},"modified":"2018-10-03T18:51:57","modified_gmt":"2018-10-03T16:51:57","slug":"inici-curs-2018-2019","status":"publish","type":"post","link":"https:\/\/agora.xtec.cat\/cfatorreromeu\/general\/inici-curs-2018-2019\/","title":{"rendered":"INICI CURS 2018-2019"},"content":{"rendered":"<p>El dia 26 de setembre es va realitzar l\u2019acte d\u2019inici de curs 2018-2019,que cada any convoca de manera conjunta l\u2019Ajuntament de Sabadell i el director de Serveis Territorials, enguany Jes\u00fas Vi\u00f1as i Cirera.<\/p>\n<p>El discurs del sr.Vi\u00f1as\u00a0 feia refer\u00e8ncia a cinc pilars: el \u00a0<strong>PROJECTE<\/strong>\u00a0 educatiu que cal definir col\u00b7lectivament \u00a0\u00a0amb la voluntat que duri. Gestionat i elaborat en un espai de <strong>LLIBERTAT<\/strong> dels centres educatius. Amb un <strong>COMPROM\u00cdS<\/strong> envers el projecte,\u00a0 les institucions que participen, la societat &#8230; Amb una menci\u00f3 de <strong>GRATITUD <\/strong>\u00a0envers els mestres i professors que treballen cada dia per aconseguir millorar la seva tasca di\u00e0ria. I finalment ressaltant el veritable esperit de <strong>SERVEI <\/strong>cap als alumnes; cada dia fem una escola m\u00e9s propera i personalitzada amb l\u2019afany d\u2019arribar a una inclusi\u00f3 m\u00e9s gran.<\/p>\n<p>A la segona part va tenir lloc la confer\u00e8ncia: <strong><em>Necessitat de canvi i transformaci\u00f3 educativa<\/em> \u00a0<\/strong>a c\u00e0rrec de <strong>Boris Mir<\/strong> professor de secund\u00e0ria.<\/p>\n<p>Una bona part de la comunitat educativa planteja la necessitat d\u2019un canvi , cal comen\u00e7ar per canviar all\u00f2 que est\u00e0 al nostre abast, en el nostre centre d\u2019influ\u00e8ncia. En segon lloc cal modificar el nostre prop\u00f2sit educatiu (perqu\u00e8 el prop\u00f2sit que marca la llei \u00e9s bo; haur\u00edem \u00a0\u00a0\u00a0 d\u2019 aplicar-lo i modificar la nostra visi\u00f3). Cal millorar i innovar; millorar ho ha de fer tothom, innovar probablement\u00a0 ho han de fer nom\u00e9s alguns que obriran el cam\u00ed de la transformaci\u00f3 i assumiran els riscos.<\/p>\n<p>Cal tendir cap a una transformaci\u00f3 personal i institucional.<\/p>\n<p><strong>UNES VEGADES ES GUANYA I D\u2019ALTRES S\u2019APR\u00c8N. <\/strong><\/p>\n<p>&nbsp;<\/p>\n","protected":false},"excerpt":{"rendered":"<p>El dia 26 de setembre es va realitzar l\u2019acte d\u2019inici de curs 2018-2019,que cada any convoca de manera conjunta l\u2019Ajuntament de Sabadell i el director de Serveis Territorials, enguany Jes\u00fas Vi\u00f1as i Cirera. El discurs del sr.Vi\u00f1as\u00a0 feia refer\u00e8ncia a cinc pilars: el \u00a0PROJECTE\u00a0 educatiu que cal definir col\u00b7lectivament \u00a0\u00a0amb la voluntat que duri. Gestionat [&hellip;]<\/p>\n","protected":false},"author":1,"featured_media":1184,"comment_status":"open","ping_status":"closed","sticky":false,"template":"","format":"standard","meta":{"_bbp_topic_count":0,"_bbp_reply_count":0,"_bbp_total_topic_count":0,"_bbp_total_reply_count":0,"_bbp_voice_count":0,"_bbp_anonymous_reply_count":0,"_bbp_topic_count_hidden":0,"_bbp_reply_count_hidden":0,"_bbp_forum_subforum_count":0,"site-sidebar-layout":"default","site-content-layout":"","ast-site-content-layout":"","site-content-style":"default","site-sidebar-style":"default","ast-global-header-display":"","ast-banner-title-visibility":"","ast-main-header-display":"","ast-hfb-above-header-display":"","ast-hfb-below-header-display":"","ast-hfb-mobile-header-display":"","site-post-title":"","ast-breadcrumbs-content":"","ast-featured-img":"","footer-sml-layout":"","theme-transparent-header-meta":"","adv-header-id-meta":"","stick-header-meta":"","header-above-stick-meta":"","header-main-stick-meta":"","header-below-stick-meta":"","astra-migrate-meta-layouts":"default","ast-page-background-enabled":"default","ast-page-background-meta":{"desktop":{"background-color":"var(--ast-global-color-4)","background-image":"","background-repeat":"repeat","background-position":"center center","background-size":"auto","background-attachment":"scroll","background-type":"","background-media":"","overlay-type":"","overlay-color":"","overlay-opacity":"","overlay-gradient":""},"tablet":{"background-color":"","background-image":"","background-repeat":"repeat","background-position":"center center","background-size":"auto","background-attachment":"scroll","background-type":"","background-media":"","overlay-type":"","overlay-color":"","overlay-opacity":"","overlay-gradient":""},"mobile":{"background-color":"","background-image":"","background-repeat":"repeat","background-position":"center center","background-size":"auto","background-attachment":"scroll","background-type":"","background-media":"","overlay-type":"","overlay-color":"","overlay-opacity":"","overlay-gradient":""}},"ast-content-background-meta":{"desktop":{"background-color":"var(--ast-global-color-5)","background-image":"","background-repeat":"repeat","background-position":"center center","background-size":"auto","background-attachment":"scroll","background-type":"","background-media":"","overlay-type":"","overlay-color":"","overlay-opacity":"","overlay-gradient":""},"tablet":{"background-color":"var(--ast-global-color-5)","background-image":"","background-repeat":"repeat","background-position":"center center","background-size":"auto","background-attachment":"scroll","background-type":"","background-media":"","overlay-type":"","overlay-color":"","overlay-opacity":"","overlay-gradient":""},"mobile":{"background-color":"var(--ast-global-color-5)","background-image":"","background-repeat":"repeat","background-position":"center center","background-size":"auto","background-attachment":"scroll","background-type":"","background-media":"","overlay-type":"","overlay-color":"","overlay-opacity":"","overlay-gradient":""}},"footnotes":""},"categories":[1,29],"tags":[],"class_list":["post-1183","post","type-post","status-publish","format-standard","has-post-thumbnail","hentry","category-general","category-portada"],"post_mailing_queue_ids":[],"_links":{"self":[{"href":"https:\/\/agora.xtec.cat\/cfatorreromeu\/wp-json\/wp\/v2\/posts\/1183","targetHints":{"allow":["GET"]}}],"collection":[{"href":"https:\/\/agora.xtec.cat\/cfatorreromeu\/wp-json\/wp\/v2\/posts"}],"about":[{"href":"https:\/\/agora.xtec.cat\/cfatorreromeu\/wp-json\/wp\/v2\/types\/post"}],"author":[{"embeddable":true,"href":"https:\/\/agora.xtec.cat\/cfatorreromeu\/wp-json\/wp\/v2\/users\/1"}],"replies":[{"embeddable":true,"href":"https:\/\/agora.xtec.cat\/cfatorreromeu\/wp-json\/wp\/v2\/comments?post=1183"}],"version-history":[{"count":1,"href":"https:\/\/agora.xtec.cat\/cfatorreromeu\/wp-json\/wp\/v2\/posts\/1183\/revisions"}],"predecessor-version":[{"id":1185,"href":"https:\/\/agora.xtec.cat\/cfatorreromeu\/wp-json\/wp\/v2\/posts\/1183\/revisions\/1185"}],"wp:featuredmedia":[{"embeddable":true,"href":"https:\/\/agora.xtec.cat\/cfatorreromeu\/wp-json\/wp\/v2\/media\/1184"}],"wp:attachment":[{"href":"https:\/\/agora.xtec.cat\/cfatorreromeu\/wp-json\/wp\/v2\/media?parent=1183"}],"wp:term":[{"taxonomy":"category","embeddable":true,"href":"https:\/\/agora.xtec.cat\/cfatorreromeu\/wp-json\/wp\/v2\/categories?post=1183"},{"taxonomy":"post_tag","embeddable":true,"href":"https:\/\/agora.xtec.cat\/cfatorreromeu\/wp-json\/wp\/v2\/tags?post=1183"}],"curies":[{"name":"wp","href":"https:\/\/api.w.org\/{rel}","templated":true}]}}