{"id":1149,"date":"2018-06-20T16:43:58","date_gmt":"2018-06-20T14:43:58","guid":{"rendered":"http:\/\/agora.xtec.cat\/cfatorreromeu\/?p=1149"},"modified":"2018-06-20T16:43:58","modified_gmt":"2018-06-20T14:43:58","slug":"foto-final-del-documental-de-torre-romeu","status":"publish","type":"post","link":"https:\/\/agora.xtec.cat\/cfatorreromeu\/general\/foto-final-del-documental-de-torre-romeu\/","title":{"rendered":"Foto final del Documental de Torre Romeu."},"content":{"rendered":"<p>El 24 de maig l&#8217;escola va participar en la trobada d&#8217;entitats i ve\u00efns de Torre Romeu a la pla\u00e7a Carles Marx per rodar l&#8217;\u00faltima seq\u00fc\u00e8ncia-plano del documental sobre el barri.<\/p>\n<p>Aquest documental es presentar\u00e0 oficialment el <strong>29 de setembre<\/strong> a la <em><strong>Fira de Sabadell<\/strong><\/em>, en una jornada molt intensa de festa i divulgaci\u00f3 del nostre districte 7. Totes les entitats\u00a0 \u00a0ser\u00e0n presents i nosaltres no volem faltar. Ser\u00e0 un dia de festa en el qual es realitzaran passes de la pel\u00b7l\u00edcula des de les 10 del mat\u00ed fins a les 10 del vespre. Entrada lliure, dinar popular i un munt d&#8217;actuacions.\u00a0<a href=\"http:\/\/agora.xtec.cat\/cfatorreromeu\/wp-content\/uploads\/usu1713\/2018\/06\/docu-2.jpg\"><img loading=\"lazy\" decoding=\"async\" class=\" wp-image-1151 aligncenter\" src=\"http:\/\/agora.xtec.cat\/cfatorreromeu\/wp-content\/uploads\/usu1713\/2018\/06\/docu-2-300x200.jpg\" alt=\"\" width=\"353\" height=\"235\" srcset=\"https:\/\/agora.xtec.cat\/cfatorreromeu\/wp-content\/uploads\/usu1713\/2018\/06\/docu-2-300x200.jpg 300w, https:\/\/agora.xtec.cat\/cfatorreromeu\/wp-content\/uploads\/usu1713\/2018\/06\/docu-2-768x511.jpg 768w, https:\/\/agora.xtec.cat\/cfatorreromeu\/wp-content\/uploads\/usu1713\/2018\/06\/docu-2.jpg 960w\" sizes=\"auto, (max-width: 353px) 100vw, 353px\" \/><\/a><\/p>\n","protected":false},"excerpt":{"rendered":"<p>El 24 de maig l&#8217;escola va participar en la trobada d&#8217;entitats i ve\u00efns de Torre Romeu a la pla\u00e7a Carles Marx per rodar l&#8217;\u00faltima seq\u00fc\u00e8ncia-plano del documental sobre el barri. Aquest documental es presentar\u00e0 oficialment el 29 de setembre a la Fira de Sabadell, en una jornada molt intensa de festa i divulgaci\u00f3 del nostre [&hellip;]<\/p>\n","protected":false},"author":1,"featured_media":1150,"comment_status":"open","ping_status":"closed","sticky":false,"template":"","format":"standard","meta":{"_bbp_topic_count":0,"_bbp_reply_count":0,"_bbp_total_topic_count":0,"_bbp_total_reply_count":0,"_bbp_voice_count":0,"_bbp_anonymous_reply_count":0,"_bbp_topic_count_hidden":0,"_bbp_reply_count_hidden":0,"_bbp_forum_subforum_count":0,"site-sidebar-layout":"default","site-content-layout":"","ast-site-content-layout":"","site-content-style":"default","site-sidebar-style":"default","ast-global-header-display":"","ast-banner-title-visibility":"","ast-main-header-display":"","ast-hfb-above-header-display":"","ast-hfb-below-header-display":"","ast-hfb-mobile-header-display":"","site-post-title":"","ast-breadcrumbs-content":"","ast-featured-img":"","footer-sml-layout":"","theme-transparent-header-meta":"","adv-header-id-meta":"","stick-header-meta":"","header-above-stick-meta":"","header-main-stick-meta":"","header-below-stick-meta":"","astra-migrate-meta-layouts":"default","ast-page-background-enabled":"default","ast-page-background-meta":{"desktop":{"background-color":"var(--ast-global-color-4)","background-image":"","background-repeat":"repeat","background-position":"center center","background-size":"auto","background-attachment":"scroll","background-type":"","background-media":"","overlay-type":"","overlay-color":"","overlay-opacity":"","overlay-gradient":""},"tablet":{"background-color":"","background-image":"","background-repeat":"repeat","background-position":"center center","background-size":"auto","background-attachment":"scroll","background-type":"","background-media":"","overlay-type":"","overlay-color":"","overlay-opacity":"","overlay-gradient":""},"mobile":{"background-color":"","background-image":"","background-repeat":"repeat","background-position":"center center","background-size":"auto","background-attachment":"scroll","background-type":"","background-media":"","overlay-type":"","overlay-color":"","overlay-opacity":"","overlay-gradient":""}},"ast-content-background-meta":{"desktop":{"background-color":"var(--ast-global-color-5)","background-image":"","background-repeat":"repeat","background-position":"center center","background-size":"auto","background-attachment":"scroll","background-type":"","background-media":"","overlay-type":"","overlay-color":"","overlay-opacity":"","overlay-gradient":""},"tablet":{"background-color":"var(--ast-global-color-5)","background-image":"","background-repeat":"repeat","background-position":"center center","background-size":"auto","background-attachment":"scroll","background-type":"","background-media":"","overlay-type":"","overlay-color":"","overlay-opacity":"","overlay-gradient":""},"mobile":{"background-color":"var(--ast-global-color-5)","background-image":"","background-repeat":"repeat","background-position":"center center","background-size":"auto","background-attachment":"scroll","background-type":"","background-media":"","overlay-type":"","overlay-color":"","overlay-opacity":"","overlay-gradient":""}},"footnotes":""},"categories":[1,29],"tags":[],"class_list":["post-1149","post","type-post","status-publish","format-standard","has-post-thumbnail","hentry","category-general","category-portada"],"post_mailing_queue_ids":[],"_links":{"self":[{"href":"https:\/\/agora.xtec.cat\/cfatorreromeu\/wp-json\/wp\/v2\/posts\/1149","targetHints":{"allow":["GET"]}}],"collection":[{"href":"https:\/\/agora.xtec.cat\/cfatorreromeu\/wp-json\/wp\/v2\/posts"}],"about":[{"href":"https:\/\/agora.xtec.cat\/cfatorreromeu\/wp-json\/wp\/v2\/types\/post"}],"author":[{"embeddable":true,"href":"https:\/\/agora.xtec.cat\/cfatorreromeu\/wp-json\/wp\/v2\/users\/1"}],"replies":[{"embeddable":true,"href":"https:\/\/agora.xtec.cat\/cfatorreromeu\/wp-json\/wp\/v2\/comments?post=1149"}],"version-history":[{"count":1,"href":"https:\/\/agora.xtec.cat\/cfatorreromeu\/wp-json\/wp\/v2\/posts\/1149\/revisions"}],"predecessor-version":[{"id":1152,"href":"https:\/\/agora.xtec.cat\/cfatorreromeu\/wp-json\/wp\/v2\/posts\/1149\/revisions\/1152"}],"wp:featuredmedia":[{"embeddable":true,"href":"https:\/\/agora.xtec.cat\/cfatorreromeu\/wp-json\/wp\/v2\/media\/1150"}],"wp:attachment":[{"href":"https:\/\/agora.xtec.cat\/cfatorreromeu\/wp-json\/wp\/v2\/media?parent=1149"}],"wp:term":[{"taxonomy":"category","embeddable":true,"href":"https:\/\/agora.xtec.cat\/cfatorreromeu\/wp-json\/wp\/v2\/categories?post=1149"},{"taxonomy":"post_tag","embeddable":true,"href":"https:\/\/agora.xtec.cat\/cfatorreromeu\/wp-json\/wp\/v2\/tags?post=1149"}],"curies":[{"name":"wp","href":"https:\/\/api.w.org\/{rel}","templated":true}]}}