{"id":3422,"date":"2026-02-11T17:14:20","date_gmt":"2026-02-11T16:14:20","guid":{"rendered":"https:\/\/agora.xtec.cat\/cfatarragona\/?p=3422"},"modified":"2026-02-11T17:16:54","modified_gmt":"2026-02-11T16:16:54","slug":"%e2%9a%a0%ef%b8%8f-suspensio-dactivitats-per-previsio-de-fortes-ventades-dijous-12-de-febrer","status":"publish","type":"post","link":"https:\/\/agora.xtec.cat\/cfatarragona\/general\/%e2%9a%a0%ef%b8%8f-suspensio-dactivitats-per-previsio-de-fortes-ventades-dijous-12-de-febrer\/","title":{"rendered":"\u26a0\ufe0f Suspensi\u00f3 d\u2019activitats per previsi\u00f3 de fortes ventades \u2013 Dijous 12 de febrer"},"content":{"rendered":"<p data-start=\"166\" data-end=\"429\">Davant la previsi\u00f3 de fortes ventades a tot Catalunya i l\u2019activaci\u00f3, per part de Protecci\u00f3 Civil de la Generalitat, del Pla especial d\u2019emerg\u00e8ncies per risc de vent (VENTCAT), <strong data-start=\"341\" data-end=\"428\">dem\u00e0 dijous 12 de febrer queden suspeses totes les activitats educatives del centre<\/strong>.<\/p>\n<p data-start=\"431\" data-end=\"653\">Seguint les indicacions oficials, tamb\u00e9 se suspenen les activitats sanit\u00e0ries no urgents, sociosanit\u00e0ries i esportives, es tanquen els espais naturals no urbans i es prohibeixen les activitats previstes en aquests entorns.<\/p>\n<p data-start=\"655\" data-end=\"769\">Protecci\u00f3 Civil recomana evitar els despla\u00e7aments innecessaris i aplicar el teletreball sempre que sigui possible.<\/p>\n<p data-start=\"771\" data-end=\"902\">Des del centre, <strong data-start=\"787\" data-end=\"815\">demanem m\u00e0xima precauci\u00f3<\/strong> i que es segueixin en tot moment les indicacions de Protecci\u00f3 Civil (@emergenciescat).<\/p>\n<p data-start=\"904\" data-end=\"940\">Gr\u00e0cies per la vostra col\u00b7laboraci\u00f3.<\/p>\n<p data-start=\"904\" data-end=\"940\"><img decoding=\"async\" src=\"https:\/\/espai.educacio.gencat.cat\/Departament\/Comunicacio\/Noticies\/PublishingImages\/Pagines\/avis-ventcat-centres\/ventcat.JPG\" alt=\"ventcat.JPG\" \/><\/p>\n","protected":false},"excerpt":{"rendered":"<p>Davant la previsi\u00f3 de fortes ventades a tot Catalunya i l\u2019activaci\u00f3, per part de Protecci\u00f3 Civil de la Generalitat, del Pla especial d\u2019emerg\u00e8ncies per risc de vent (VENTCAT), dem\u00e0 dijous 12 de febrer queden suspeses totes les activitats educatives del centre.<br \/>\nSeguint les indicacions oficials, tamb\u00e9&hellip;  <a href=\"https:\/\/agora.xtec.cat\/cfatarragona\/general\/%e2%9a%a0%ef%b8%8f-suspensio-dactivitats-per-previsio-de-fortes-ventades-dijous-12-de-febrer\/\" title=\"Read \u26a0\ufe0f Suspensi\u00f3 d\u2019activitats per previsi\u00f3 de fortes ventades \u2013 Dijous 12 de febrer\">Llegeix m\u00e9s\u00bb<\/a><\/p>\n","protected":false},"author":1,"featured_media":3424,"comment_status":"open","ping_status":"open","sticky":false,"template":"","format":"standard","meta":{"_bbp_topic_count":0,"_bbp_reply_count":0,"_bbp_total_topic_count":0,"_bbp_total_reply_count":0,"_bbp_voice_count":0,"_bbp_anonymous_reply_count":0,"_bbp_topic_count_hidden":0,"_bbp_reply_count_hidden":0,"_bbp_forum_subforum_count":0,"footnotes":""},"categories":[1,29],"tags":[],"class_list":["post-3422","post","type-post","status-publish","format-standard","has-post-thumbnail","hentry","category-general","category-portada"],"post_mailing_queue_ids":[],"_links":{"self":[{"href":"https:\/\/agora.xtec.cat\/cfatarragona\/wp-json\/wp\/v2\/posts\/3422","targetHints":{"allow":["GET"]}}],"collection":[{"href":"https:\/\/agora.xtec.cat\/cfatarragona\/wp-json\/wp\/v2\/posts"}],"about":[{"href":"https:\/\/agora.xtec.cat\/cfatarragona\/wp-json\/wp\/v2\/types\/post"}],"author":[{"embeddable":true,"href":"https:\/\/agora.xtec.cat\/cfatarragona\/wp-json\/wp\/v2\/users\/1"}],"replies":[{"embeddable":true,"href":"https:\/\/agora.xtec.cat\/cfatarragona\/wp-json\/wp\/v2\/comments?post=3422"}],"version-history":[{"count":1,"href":"https:\/\/agora.xtec.cat\/cfatarragona\/wp-json\/wp\/v2\/posts\/3422\/revisions"}],"predecessor-version":[{"id":3423,"href":"https:\/\/agora.xtec.cat\/cfatarragona\/wp-json\/wp\/v2\/posts\/3422\/revisions\/3423"}],"wp:featuredmedia":[{"embeddable":true,"href":"https:\/\/agora.xtec.cat\/cfatarragona\/wp-json\/wp\/v2\/media\/3424"}],"wp:attachment":[{"href":"https:\/\/agora.xtec.cat\/cfatarragona\/wp-json\/wp\/v2\/media?parent=3422"}],"wp:term":[{"taxonomy":"category","embeddable":true,"href":"https:\/\/agora.xtec.cat\/cfatarragona\/wp-json\/wp\/v2\/categories?post=3422"},{"taxonomy":"post_tag","embeddable":true,"href":"https:\/\/agora.xtec.cat\/cfatarragona\/wp-json\/wp\/v2\/tags?post=3422"}],"curies":[{"name":"wp","href":"https:\/\/api.w.org\/{rel}","templated":true}]}}