{"id":3406,"date":"2025-11-30T22:25:39","date_gmt":"2025-11-30T21:25:39","guid":{"rendered":"https:\/\/agora.xtec.cat\/cfatarragona\/?p=3406"},"modified":"2025-11-30T22:25:57","modified_gmt":"2025-11-30T21:25:57","slug":"descobrim-la-biblioteca-publica-pepita-ferrer-de-torreforta","status":"publish","type":"post","link":"https:\/\/agora.xtec.cat\/cfatarragona\/general\/descobrim-la-biblioteca-publica-pepita-ferrer-de-torreforta\/","title":{"rendered":"Descobrim la Biblioteca p\u00fablica Pepita Ferrer de Torreforta"},"content":{"rendered":"<p>Diversos grups del CFA Tarragona han visitat durant aquest mes de novembre la Biblioteca Pepita Ferrer de Torreforta, biblioteca p\u00fablica de refer\u00e8ncia de l&#8217;alumnat del barri en el qual es troba el centre. Els grups que han fet una visita guiada a les instal\u00b7lacions de la biblioteca s\u00f3n els seg\u00fcents: <a href=\"https:\/\/agora.xtec.cat\/cfatarragona\/wp-content\/uploads\/usu1257\/2025\/11\/visita-biblioteca-pepita-ferrer-25-26-3.jpeg\"><img loading=\"lazy\" decoding=\"async\" class=\"wp-image-3409 alignright\" src=\"https:\/\/agora.xtec.cat\/cfatarragona\/wp-content\/uploads\/usu1257\/2025\/11\/visita-biblioteca-pepita-ferrer-25-26-3-1024x1024.jpeg\" alt=\"\" width=\"239\" height=\"239\" srcset=\"https:\/\/agora.xtec.cat\/cfatarragona\/wp-content\/uploads\/usu1257\/2025\/11\/visita-biblioteca-pepita-ferrer-25-26-3-1024x1024.jpeg 1024w, https:\/\/agora.xtec.cat\/cfatarragona\/wp-content\/uploads\/usu1257\/2025\/11\/visita-biblioteca-pepita-ferrer-25-26-3-300x300.jpeg 300w, https:\/\/agora.xtec.cat\/cfatarragona\/wp-content\/uploads\/usu1257\/2025\/11\/visita-biblioteca-pepita-ferrer-25-26-3-150x150.jpeg 150w, https:\/\/agora.xtec.cat\/cfatarragona\/wp-content\/uploads\/usu1257\/2025\/11\/visita-biblioteca-pepita-ferrer-25-26-3-768x768.jpeg 768w, https:\/\/agora.xtec.cat\/cfatarragona\/wp-content\/uploads\/usu1257\/2025\/11\/visita-biblioteca-pepita-ferrer-25-26-3.jpeg 1536w\" sizes=\"auto, (max-width: 239px) 100vw, 239px\" \/><\/a><\/p>\n<ul>\n<li>Catal\u00e0 3 Mat\u00ed<\/li>\n<li>Angl\u00e8s 2 Tarda<\/li>\n<li>Castell\u00e0 1 Mat\u00ed Bonavista<\/li>\n<li>Angl\u00e8s 1 Tarda<\/li>\n<li>Angl\u00e8s 1 Mat\u00ed<\/li>\n<li>Catal\u00e0 2 Tarda<\/li>\n<li>Formaci\u00f3 Instrumental 3 Tarda<\/li>\n<\/ul>\n<p>Durant el mes de gener, els grups de mat\u00ed i tarda de GES 1 tamb\u00e9 portaran a terme aquesta visita guiada a la biblioteca. Aquest programa de visites s&#8217;inclou en les accions previstes per la Coordinaci\u00f3 LIC del centre, i e<a href=\"https:\/\/agora.xtec.cat\/cfatarragona\/wp-content\/uploads\/usu1257\/2025\/11\/visita-biblioteca-pepita-ferrer-25-26-2.jpeg\"><img loading=\"lazy\" decoding=\"async\" class=\" wp-image-3408 alignright\" src=\"https:\/\/agora.xtec.cat\/cfatarragona\/wp-content\/uploads\/usu1257\/2025\/11\/visita-biblioteca-pepita-ferrer-25-26-2-768x1024.jpeg\" alt=\"\" width=\"220\" height=\"293\" srcset=\"https:\/\/agora.xtec.cat\/cfatarragona\/wp-content\/uploads\/usu1257\/2025\/11\/visita-biblioteca-pepita-ferrer-25-26-2-768x1024.jpeg 768w, https:\/\/agora.xtec.cat\/cfatarragona\/wp-content\/uploads\/usu1257\/2025\/11\/visita-biblioteca-pepita-ferrer-25-26-2-225x300.jpeg 225w, https:\/\/agora.xtec.cat\/cfatarragona\/wp-content\/uploads\/usu1257\/2025\/11\/visita-biblioteca-pepita-ferrer-25-26-2-1152x1536.jpeg 1152w, https:\/\/agora.xtec.cat\/cfatarragona\/wp-content\/uploads\/usu1257\/2025\/11\/visita-biblioteca-pepita-ferrer-25-26-2.jpeg 1200w\" sizes=\"auto, (max-width: 220px) 100vw, 220px\" \/><\/a>n concret pel grup de treball de la comissi\u00f3 de Biblioteca, amb l&#8217;objectiu que l&#8217;alumnat conegui el funcionament i els fons d&#8217;aquest important recurs cultural de qu\u00e8 disposa el barri.<\/p>\n<p>Tal i com s&#8217;informa al web de l&#8217;Ajuntament de Tarragona, la Biblioteca municipal Pepita Ferrer \u00e9s un equipament cultural, ubicat dins el Centre C\u00edvic de Torreforta, amb un espai di\u00e0fan i llumin\u00f3s de 337 m2 dividit en dues sales: la sala d\u2019adults i la infantil-juvenil, amb 40 punts de lectura. T\u00e9 un fons de 29.300 documents prestables, que inclou llibres, revistes, diaris, audiovisuals, DVD, CD, aix\u00ed com acc\u00e9s a les noves tecnologies i zona wifi. La Biblioteca P\u00fablica de Torreforta es va inaugurar al juliol de 1990 i forma part del Sistema de Lectura P\u00fablica de la Generalitat de Catalunya. El 3 d\u2019abril 2020, per reivindicaci\u00f3 dels ve\u00efns i ve\u00efnes, va passar a anomenar-se Biblioteca Pepita Ferrer. A l\u2019actualitat, segons el web municipal, est\u00e0 pendent del trasllat al nou edifici del mercat, on passar\u00e0 a tenir 1.200 m2.<\/p>\n<p><strong>Pepita Ferrer, escaquista catalana amb el t\u00edtol de Mestra Internacional d&#8217;Escacs<\/strong><\/p>\n<p>La biblioteca p\u00fablica de Torreforta porta el nom de Pepita Ferrer, escaquista catalana (1938-1993), vuit vegades campiona d\u2019Espanya, primera dona del pa\u00eds en aconseguir la categoria de Mestra Internacional Femenina i molt estimada a barris de Ponent, on va viure els seus darrers anys.<a href=\"https:\/\/agora.xtec.cat\/cfatarragona\/wp-content\/uploads\/usu1257\/2025\/11\/visita-biblioteca-pepita-ferrer-25-26-4.jpeg\"><img loading=\"lazy\" decoding=\"async\" class=\"wp-image-3410 alignright\" src=\"https:\/\/agora.xtec.cat\/cfatarragona\/wp-content\/uploads\/usu1257\/2025\/11\/visita-biblioteca-pepita-ferrer-25-26-4-1024x1024.jpeg\" alt=\"\" width=\"305\" height=\"305\" srcset=\"https:\/\/agora.xtec.cat\/cfatarragona\/wp-content\/uploads\/usu1257\/2025\/11\/visita-biblioteca-pepita-ferrer-25-26-4-1024x1024.jpeg 1024w, https:\/\/agora.xtec.cat\/cfatarragona\/wp-content\/uploads\/usu1257\/2025\/11\/visita-biblioteca-pepita-ferrer-25-26-4-300x300.jpeg 300w, https:\/\/agora.xtec.cat\/cfatarragona\/wp-content\/uploads\/usu1257\/2025\/11\/visita-biblioteca-pepita-ferrer-25-26-4-150x150.jpeg 150w, https:\/\/agora.xtec.cat\/cfatarragona\/wp-content\/uploads\/usu1257\/2025\/11\/visita-biblioteca-pepita-ferrer-25-26-4-768x768.jpeg 768w, https:\/\/agora.xtec.cat\/cfatarragona\/wp-content\/uploads\/usu1257\/2025\/11\/visita-biblioteca-pepita-ferrer-25-26-4.jpeg 1536w\" sizes=\"auto, (max-width: 305px) 100vw, 305px\" \/><\/a><\/p>\n","protected":false},"excerpt":{"rendered":"<p>Diversos grups del CFA Tarragona han visitat durant aquest mes de novembre la Biblioteca Pepita Ferrer de Torreforta, biblioteca p\u00fablica de refer\u00e8ncia de l&#8217;alumnat del barri en el qual es troba el centre. Els grups que han fet una visita guiada a les instal\u00b7lacions de&hellip;  <a href=\"https:\/\/agora.xtec.cat\/cfatarragona\/general\/descobrim-la-biblioteca-publica-pepita-ferrer-de-torreforta\/\" title=\"Read Descobrim la Biblioteca p\u00fablica Pepita Ferrer de Torreforta\">Llegeix m\u00e9s\u00bb<\/a><\/p>\n","protected":false},"author":13,"featured_media":3408,"comment_status":"open","ping_status":"open","sticky":false,"template":"","format":"standard","meta":{"_bbp_topic_count":0,"_bbp_reply_count":0,"_bbp_total_topic_count":0,"_bbp_total_reply_count":0,"_bbp_voice_count":0,"_bbp_anonymous_reply_count":0,"_bbp_topic_count_hidden":0,"_bbp_reply_count_hidden":0,"_bbp_forum_subforum_count":0,"footnotes":""},"categories":[1,29],"tags":[164,112,39,128],"class_list":["post-3406","post","type-post","status-publish","format-standard","has-post-thumbnail","hentry","category-general","category-portada","tag-catala","tag-formacio-instrumental","tag-sortides","tag-tarragona"],"post_mailing_queue_ids":[],"_links":{"self":[{"href":"https:\/\/agora.xtec.cat\/cfatarragona\/wp-json\/wp\/v2\/posts\/3406","targetHints":{"allow":["GET"]}}],"collection":[{"href":"https:\/\/agora.xtec.cat\/cfatarragona\/wp-json\/wp\/v2\/posts"}],"about":[{"href":"https:\/\/agora.xtec.cat\/cfatarragona\/wp-json\/wp\/v2\/types\/post"}],"author":[{"embeddable":true,"href":"https:\/\/agora.xtec.cat\/cfatarragona\/wp-json\/wp\/v2\/users\/13"}],"replies":[{"embeddable":true,"href":"https:\/\/agora.xtec.cat\/cfatarragona\/wp-json\/wp\/v2\/comments?post=3406"}],"version-history":[{"count":1,"href":"https:\/\/agora.xtec.cat\/cfatarragona\/wp-json\/wp\/v2\/posts\/3406\/revisions"}],"predecessor-version":[{"id":3411,"href":"https:\/\/agora.xtec.cat\/cfatarragona\/wp-json\/wp\/v2\/posts\/3406\/revisions\/3411"}],"wp:featuredmedia":[{"embeddable":true,"href":"https:\/\/agora.xtec.cat\/cfatarragona\/wp-json\/wp\/v2\/media\/3408"}],"wp:attachment":[{"href":"https:\/\/agora.xtec.cat\/cfatarragona\/wp-json\/wp\/v2\/media?parent=3406"}],"wp:term":[{"taxonomy":"category","embeddable":true,"href":"https:\/\/agora.xtec.cat\/cfatarragona\/wp-json\/wp\/v2\/categories?post=3406"},{"taxonomy":"post_tag","embeddable":true,"href":"https:\/\/agora.xtec.cat\/cfatarragona\/wp-json\/wp\/v2\/tags?post=3406"}],"curies":[{"name":"wp","href":"https:\/\/api.w.org\/{rel}","templated":true}]}}