{"id":1419,"date":"2019-12-16T20:04:07","date_gmt":"2019-12-16T19:04:07","guid":{"rendered":"http:\/\/agora.xtec.cat\/cfasolsones\/?p=1419"},"modified":"2019-12-16T20:04:07","modified_gmt":"2019-12-16T19:04:07","slug":"fotos-de-la-festa-de-nadal-2019-20","status":"publish","type":"post","link":"https:\/\/agora.xtec.cat\/cfasolsones\/general\/fotos-de-la-festa-de-nadal-2019-20\/","title":{"rendered":"Fotos de la festa de Nadal 2019-20"},"content":{"rendered":"<p>Clicant a la imatge seg\u00fcent podreu veure les fotos de la Xerrada de la Marat\u00f3 sobre les malalties minorit\u00e0ries i el berenar.<\/p>\n<p><a href=\"https:\/\/photos.app.goo.gl\/TKVJQ8HkkfkVcJQR8\"><img loading=\"lazy\" decoding=\"async\" class=\"alignleft wp-image-1420 size-full\" src=\"https:\/\/agora.xtec.cat\/cfasolsones\/wp-content\/uploads\/usu1361\/2019\/12\/IMG_20191210_162328_comprimida.jpg\" alt=\"\" width=\"448\" height=\"252\" srcset=\"https:\/\/agora.xtec.cat\/cfasolsones\/wp-content\/uploads\/usu1361\/2019\/12\/IMG_20191210_162328_comprimida.jpg 448w, https:\/\/agora.xtec.cat\/cfasolsones\/wp-content\/uploads\/usu1361\/2019\/12\/IMG_20191210_162328_comprimida-300x169.jpg 300w\" sizes=\"auto, (max-width: 448px) 100vw, 448px\" \/><\/a><\/p>\n","protected":false},"excerpt":{"rendered":"<p>Clicant a la imatge seg\u00fcent podreu veure les fotos de la Xerrada de la Marat\u00f3 sobre les malalties minorit\u00e0ries i el berenar.<br \/>\n<a href=\"https:\/\/photos.app.goo.gl\/TKVJQ8HkkfkVcJQR8\"><\/a><\/p>\n","protected":false},"author":1,"featured_media":0,"comment_status":"open","ping_status":"closed","sticky":false,"template":"","format":"standard","meta":{"_bbp_topic_count":0,"_bbp_reply_count":0,"_bbp_total_topic_count":0,"_bbp_total_reply_count":0,"_bbp_voice_count":0,"_bbp_anonymous_reply_count":0,"_bbp_topic_count_hidden":0,"_bbp_reply_count_hidden":0,"_bbp_forum_subforum_count":0,"footnotes":""},"categories":[90,77,1,29],"tags":[138,114],"class_list":["post-1419","post","type-post","status-publish","format-standard","hentry","category-activitats","category-fotografies","category-general","category-portada","tag-curs19-20","tag-nadal"],"post_mailing_queue_ids":[],"_links":{"self":[{"href":"https:\/\/agora.xtec.cat\/cfasolsones\/wp-json\/wp\/v2\/posts\/1419","targetHints":{"allow":["GET"]}}],"collection":[{"href":"https:\/\/agora.xtec.cat\/cfasolsones\/wp-json\/wp\/v2\/posts"}],"about":[{"href":"https:\/\/agora.xtec.cat\/cfasolsones\/wp-json\/wp\/v2\/types\/post"}],"author":[{"embeddable":true,"href":"https:\/\/agora.xtec.cat\/cfasolsones\/wp-json\/wp\/v2\/users\/1"}],"replies":[{"embeddable":true,"href":"https:\/\/agora.xtec.cat\/cfasolsones\/wp-json\/wp\/v2\/comments?post=1419"}],"version-history":[{"count":1,"href":"https:\/\/agora.xtec.cat\/cfasolsones\/wp-json\/wp\/v2\/posts\/1419\/revisions"}],"predecessor-version":[{"id":1421,"href":"https:\/\/agora.xtec.cat\/cfasolsones\/wp-json\/wp\/v2\/posts\/1419\/revisions\/1421"}],"wp:attachment":[{"href":"https:\/\/agora.xtec.cat\/cfasolsones\/wp-json\/wp\/v2\/media?parent=1419"}],"wp:term":[{"taxonomy":"category","embeddable":true,"href":"https:\/\/agora.xtec.cat\/cfasolsones\/wp-json\/wp\/v2\/categories?post=1419"},{"taxonomy":"post_tag","embeddable":true,"href":"https:\/\/agora.xtec.cat\/cfasolsones\/wp-json\/wp\/v2\/tags?post=1419"}],"curies":[{"name":"wp","href":"https:\/\/api.w.org\/{rel}","templated":true}]}}