{"id":964,"date":"2020-06-09T09:54:25","date_gmt":"2020-06-09T07:54:25","guid":{"rendered":"http:\/\/agora.xtec.cat\/cfasegria\/?p=964"},"modified":"2020-06-17T18:49:18","modified_gmt":"2020-06-17T16:49:18","slug":"proves-lliures-ges-qualificacions-provisionals","status":"publish","type":"post","link":"https:\/\/agora.xtec.cat\/cfasegria\/general\/proves-lliures-ges-qualificacions-provisionals\/","title":{"rendered":"Proves lliures GES &#8211; Qualificacions Definitives"},"content":{"rendered":"<p><strong>17\/06\/2020<\/strong><\/p>\n<p>Aqu\u00ed podeu consultar les qualificacions definitives de les proves lliures d&#8217;obtenci\u00f3 del Graduat de Secund\u00e0ria:<\/p>\n<p><a href=\"https:\/\/agora.xtec.cat\/cfasegria\/wp-content\/uploads\/usu745\/2020\/06\/Qualificacions-definitives-obtenci\u00f3-t\u00edtol-GESO-1.pdf\">Qualificacions definitives obtenci\u00f3 t\u00edtol GESO (1)<\/a><\/p>\n<p><a href=\"https:\/\/agora.xtec.cat\/cfasegria\/wp-content\/uploads\/usu745\/2020\/06\/Qualificacions-definitives-obtenci\u00f3-t\u00edtol-GESO-2.pdf\">Qualificacions definitives obtenci\u00f3 t\u00edtol GESO (2)<\/a><\/p>\n<p><strong>&#8212;&#8212;&#8212;&#8212;&#8212;&#8212;&#8212;&#8212;&#8212;<\/strong><\/p>\n<p>Aqu\u00ed podeu consultar les qualificacions provisionals de les proves lliures d&#8217;obtenci\u00f3 del Graduat de Secund\u00e0ria.<\/p>\n<p><a href=\"https:\/\/agora.xtec.cat\/cfasegria\/wp-content\/uploads\/usu745\/2020\/06\/Qualificacions-provisionals-Obtenci\u00f3-t\u00edtol-GESO-1.pdf\">Qualificacions provisionals Obtenci\u00f3 t\u00edtol GESO (1)<\/a><\/p>\n<p><a href=\"https:\/\/agora.xtec.cat\/cfasegria\/wp-content\/uploads\/usu745\/2020\/06\/Qualificacions-provisionals-Obtenci\u00f3-t\u00edtol-GESO-2.pdf\">Qualificacions provisionals Obtenci\u00f3 t\u00edtol GESO (2)<\/a><\/p>\n<p>D&#8217;acord amb el calendari d&#8217;aquest proc\u00e9s, el per\u00edode de <strong>reclamacions<\/strong> a les qualificacions de tots els \u00e0mbits \u00e9s els dies 11, 12 i 15 de juny. Es presentaran per correu a la b\u00fastia electr\u00f2nica oficial del centre (c5006410@xtec.cat).<\/p>\n<p>&nbsp;<\/p>\n","protected":false},"excerpt":{"rendered":"<p>17\/06\/2020<br \/>\nAqu\u00ed podeu consultar les qualificacions definitives de les proves lliures d&#8217;obtenci\u00f3 del Graduat de Secund\u00e0ria:<br \/>\n<a href=\"https:\/\/agora.xtec.cat\/cfasegria\/wp-content\/uploads\/usu745\/2020\/06\/Qualificacions-definitives-obtenci\u00f3-t\u00edtol-GESO-1.pdf\">Qualificacions definitives obtenci\u00f3 t\u00edtol GESO (1)<\/a><br \/>\n<a href=\"https:\/\/agora.xtec.cat\/cfasegria\/wp-content\/uploads\/usu745\/2020\/06\/Qualificacions-definitives-obtenci\u00f3-t\u00edtol-GESO-2.pdf\">Qualificacions definitives obtenci\u00f3 t\u00edtol GESO (2)<\/a><br \/>\n&#8212;&#8212;&#8212;&#8212;&#8212;&#8212;&#8212;&#8212;&#8212;<br \/>\nAqu\u00ed podeu consultar les qualificacions provisionals de les proves lliures d&#8217;obtenci\u00f3 del Graduat de Secund\u00e0ria.<br \/>\n<a href=\"https:\/\/agora.xtec.cat\/cfasegria\/wp-content\/uploads\/usu745\/2020\/06\/Qualificacions-provisionals-Obtenci\u00f3-t\u00edtol-GESO-1.pdf\">Qualificacions provisionals Obtenci\u00f3 t\u00edtol&hellip;  <a href=\"https:\/\/agora.xtec.cat\/cfasegria\/general\/proves-lliures-ges-qualificacions-provisionals\/\" title=\"Read Proves lliures GES &#8211; Qualificacions Definitives\">Llegeix m\u00e9s\u00bb<\/a><\/p>\n","protected":false},"author":1,"featured_media":0,"comment_status":"open","ping_status":"closed","sticky":false,"template":"","format":"standard","meta":{"_bbp_topic_count":0,"_bbp_reply_count":0,"_bbp_total_topic_count":0,"_bbp_total_reply_count":0,"_bbp_voice_count":0,"_bbp_anonymous_reply_count":0,"_bbp_topic_count_hidden":0,"_bbp_reply_count_hidden":0,"_bbp_forum_subforum_count":0,"footnotes":""},"categories":[1,29],"tags":[93],"class_list":["post-964","post","type-post","status-publish","format-standard","hentry","category-general","category-portada","tag-proveslliuresges"],"post_mailing_queue_ids":[],"_links":{"self":[{"href":"https:\/\/agora.xtec.cat\/cfasegria\/wp-json\/wp\/v2\/posts\/964","targetHints":{"allow":["GET"]}}],"collection":[{"href":"https:\/\/agora.xtec.cat\/cfasegria\/wp-json\/wp\/v2\/posts"}],"about":[{"href":"https:\/\/agora.xtec.cat\/cfasegria\/wp-json\/wp\/v2\/types\/post"}],"author":[{"embeddable":true,"href":"https:\/\/agora.xtec.cat\/cfasegria\/wp-json\/wp\/v2\/users\/1"}],"replies":[{"embeddable":true,"href":"https:\/\/agora.xtec.cat\/cfasegria\/wp-json\/wp\/v2\/comments?post=964"}],"version-history":[{"count":3,"href":"https:\/\/agora.xtec.cat\/cfasegria\/wp-json\/wp\/v2\/posts\/964\/revisions"}],"predecessor-version":[{"id":1005,"href":"https:\/\/agora.xtec.cat\/cfasegria\/wp-json\/wp\/v2\/posts\/964\/revisions\/1005"}],"wp:attachment":[{"href":"https:\/\/agora.xtec.cat\/cfasegria\/wp-json\/wp\/v2\/media?parent=964"}],"wp:term":[{"taxonomy":"category","embeddable":true,"href":"https:\/\/agora.xtec.cat\/cfasegria\/wp-json\/wp\/v2\/categories?post=964"},{"taxonomy":"post_tag","embeddable":true,"href":"https:\/\/agora.xtec.cat\/cfasegria\/wp-json\/wp\/v2\/tags?post=964"}],"curies":[{"name":"wp","href":"https:\/\/api.w.org\/{rel}","templated":true}]}}