{"id":832,"date":"2020-03-31T19:56:12","date_gmt":"2020-03-31T17:56:12","guid":{"rendered":"http:\/\/agora.xtec.cat\/cfasegria\/?p=832"},"modified":"2020-05-22T10:01:09","modified_gmt":"2020-05-22T08:01:09","slug":"noves-dates-per-a-la-prova-dacces-a-la-universitat-per-a-mes-grans-de-25-i-45-anys","status":"publish","type":"post","link":"https:\/\/agora.xtec.cat\/cfasegria\/general\/noves-dates-per-a-la-prova-dacces-a-la-universitat-per-a-mes-grans-de-25-i-45-anys\/","title":{"rendered":"Nova data per a la prova d&#8217;acc\u00e9s a la universitat per a m\u00e9s grans de 25 i 45 anys"},"content":{"rendered":"<p style=\"text-align: center;\"><strong>ACTUALITZACI\u00d3 de 20 de maig<\/strong><\/p>\n<p><strong>Les proves d&#8217;acc\u00e9s a la Universitat han tornat a canviar de data, de manera que la prova per a majors de 25 i 45 anys del 2020 s&#8217;ha fixat per al <span style=\"text-decoration: underline;\">18 de juliol<\/span>.\u00a0 Pel mat\u00ed la part comuna i per la tarda la part espec\u00edfica.\u00a0\u00a0<\/strong><\/p>\n<p><strong>De nou, s\u00f3n dates subjectes a canvi segons l&#8217;evoluci\u00f3 de la situaci\u00f3 d&#8217;emerg\u00e8ncia sanit\u00e0ria.<\/strong><\/p>\n<p>&#8212;<\/p>\n<p>(31 de mar\u00e7)<\/p>\n<p>El Consell Interuniversitari de Catalunya (CIC) ha aprovat avui les noves dates de celebraci\u00f3 de les diferents proves d\u2019acc\u00e9s a la universitat. El nou calendari est\u00e0 subjecte a l&#8217;evoluci\u00f3 de la pand\u00e8mia per coronavirus i, per tant,\u00a0<strong>&#8220;es mantindr\u00e0 sempre que la situaci\u00f3 d&#8217;emerg\u00e8ncia sanit\u00e0ria ho permeti&#8221;.\u00a0<\/strong><\/p>\n<p><strong>Nou calendari de les proves d\u2019acc\u00e9s a la universitat<\/strong><\/p>\n<p>El nou calendari per a la realitzaci\u00f3 de les distintes proves d\u2019acc\u00e9s a la universitat, queda de la seg\u00fcent manera:<\/p>\n<p><strong><u>M\u00e9s grans 25\/45 anys<\/u><\/strong><\/p>\n<p>La\u00a0<strong>Prova d\u2019Acc\u00e9s a la Universitat per a m\u00e9s grans de 25\/45 anys<\/strong>\u00a0(inicialment fixada pel 18 i 25 d\u2019abril) es posposa fins al juny, concretament:<\/p>\n<ul>\n<li><strong>Fase general<\/strong>: 20 de juny<\/li>\n<li><strong>Fase espec\u00edfica\u00a0<\/strong>(nom\u00e9s per als m\u00e9s grans de 25 anys): 27 de juny<\/li>\n<\/ul>\n<p><a href=\"https:\/\/govern.cat\/salapremsa\/notes-premsa\/383717\/aprova-nou-calendari-proves-acces-universitat-convocatoria-ordinaria-subjecte-evolucio-pandemia\">Llegiu la Nota de premsa del Govern de la Generalitat<\/a><\/p>\n","protected":false},"excerpt":{"rendered":"<p>ACTUALITZACI\u00d3 de 20 de maig<br \/>\nLes proves d&#8217;acc\u00e9s a la Universitat han tornat a canviar de data, de manera que la prova per a majors de 25 i 45 anys del 2020 s&#8217;ha fixat per al 18 de juliol.\u00a0 Pel mat\u00ed la part comuna i per&hellip;  <a href=\"https:\/\/agora.xtec.cat\/cfasegria\/general\/noves-dates-per-a-la-prova-dacces-a-la-universitat-per-a-mes-grans-de-25-i-45-anys\/\" title=\"Read Nova data per a la prova d&#8217;acc\u00e9s a la universitat per a m\u00e9s grans de 25 i 45 anys\">Llegeix m\u00e9s\u00bb<\/a><\/p>\n","protected":false},"author":1,"featured_media":0,"comment_status":"open","ping_status":"closed","sticky":false,"template":"","format":"standard","meta":{"_bbp_topic_count":0,"_bbp_reply_count":0,"_bbp_total_topic_count":0,"_bbp_total_reply_count":0,"_bbp_voice_count":0,"_bbp_anonymous_reply_count":0,"_bbp_topic_count_hidden":0,"_bbp_reply_count_hidden":0,"_bbp_forum_subforum_count":0,"footnotes":""},"categories":[1,29],"tags":[89,84],"class_list":["post-832","post","type-post","status-publish","format-standard","hentry","category-general","category-portada","tag-pau25","tag-provesacces"],"post_mailing_queue_ids":[],"_links":{"self":[{"href":"https:\/\/agora.xtec.cat\/cfasegria\/wp-json\/wp\/v2\/posts\/832","targetHints":{"allow":["GET"]}}],"collection":[{"href":"https:\/\/agora.xtec.cat\/cfasegria\/wp-json\/wp\/v2\/posts"}],"about":[{"href":"https:\/\/agora.xtec.cat\/cfasegria\/wp-json\/wp\/v2\/types\/post"}],"author":[{"embeddable":true,"href":"https:\/\/agora.xtec.cat\/cfasegria\/wp-json\/wp\/v2\/users\/1"}],"replies":[{"embeddable":true,"href":"https:\/\/agora.xtec.cat\/cfasegria\/wp-json\/wp\/v2\/comments?post=832"}],"version-history":[{"count":2,"href":"https:\/\/agora.xtec.cat\/cfasegria\/wp-json\/wp\/v2\/posts\/832\/revisions"}],"predecessor-version":[{"id":897,"href":"https:\/\/agora.xtec.cat\/cfasegria\/wp-json\/wp\/v2\/posts\/832\/revisions\/897"}],"wp:attachment":[{"href":"https:\/\/agora.xtec.cat\/cfasegria\/wp-json\/wp\/v2\/media?parent=832"}],"wp:term":[{"taxonomy":"category","embeddable":true,"href":"https:\/\/agora.xtec.cat\/cfasegria\/wp-json\/wp\/v2\/categories?post=832"},{"taxonomy":"post_tag","embeddable":true,"href":"https:\/\/agora.xtec.cat\/cfasegria\/wp-json\/wp\/v2\/tags?post=832"}],"curies":[{"name":"wp","href":"https:\/\/api.w.org\/{rel}","templated":true}]}}