{"id":812,"date":"2020-03-16T10:05:36","date_gmt":"2020-03-16T09:05:36","guid":{"rendered":"http:\/\/agora.xtec.cat\/cfasegria\/?p=812"},"modified":"2020-03-17T15:35:12","modified_gmt":"2020-03-17T14:35:12","slug":"ges-ioc-proves-de-validacio-trimestre-hivern-2020","status":"publish","type":"post","link":"https:\/\/agora.xtec.cat\/cfasegria\/general\/ges-ioc-proves-de-validacio-trimestre-hivern-2020\/","title":{"rendered":"GES\/IOC &#8211; Proves de validaci\u00f3 Trimestre Hivern 2020"},"content":{"rendered":"<p>Alumnes que estudieu el Graduat de Secund\u00e0ria a trav\u00e9s de l&#8217;Institut Obert de Catalunya: aquesta \u00e9s la informaci\u00f3 que ens fan arribar, i que teniu al vostre espai a <a href=\"http:\/\/ioc.xtec.cat\">ioc.xtec.cat<\/a><\/p>\n<p>&#8221; Degut a la situaci\u00f3 generada pel Coronavirus,<strong> les proves de validaci\u00f3 trimestrals es faran a trav\u00e9s del campus IOC. Per tant, cada alumne heu de fer les proves de validaci\u00f3 que us corresponguin des de casa vostra amb un ordinador amb connexi\u00f3 a internet.<\/strong><\/p>\n<p>Les proves de validaci\u00f3 es faran el mateix dia en qu\u00e8 estaven previstes, <strong>el dilluns 23 de mar\u00e7<\/strong>. Totes les proves es fan el mateix dia, per\u00f2 cada prova \u00e9s individual. Entrareu en un m\u00f2dul i all\u00e0 tindreu la prova d&#8217;aquell m\u00f2dul, en un altre m\u00f2dul la prova de l&#8217;altre m\u00f2dul.<\/p>\n<p>A l&#8217;espai de la <a href=\"https:\/\/ioc.xtec.cat\/campus\/course\/view.php?id=8423\">Comunitat GES Hivern 20<\/a> trobareu les instruccions sobre com funcionaran aquestes proves.<\/p>\n<p>Per qualsevol dubte, recordeu que teniu assignats nous tutors de refer\u00e8ncia mentre duri la crisi del Coronavirus, ja que els centres de suport es troben tancats. &#8221;<\/p>\n<div class=\"box modal-header\">\n<h4>Alumnat de centres de suport<\/h4>\n<\/div>\n<div class=\"box modal-body\">Segons la inicial del vostre primer cognom, el vostre nou tutor de refer\u00e8ncia ser\u00e0:<\/p>\n<p>De la A a la C: Joan Marc Ramos Sabat\u00e9<br \/>\nDe la D a la G: Eva Pujol Malagarriga<br \/>\nDe la H a la M: Daniel Cendra Planas<br \/>\nDe la N a la R: David Pinyol Gras<br \/>\nDe la S a la Z: Ramon Vicente D\u00edaz<\/p><\/div>\n<div><\/div>\n<div><\/div>\n","protected":false},"excerpt":{"rendered":"<p>Alumnes que estudieu el Graduat de Secund\u00e0ria a trav\u00e9s de l&#8217;Institut Obert de Catalunya: aquesta \u00e9s la informaci\u00f3 que ens fan arribar, i que teniu al vostre espai a <a href=\"http:\/\/ioc.xtec.cat\">ioc.xtec.cat<\/a><br \/>\n&#8221; Degut a la situaci\u00f3 generada pel Coronavirus, les proves de validaci\u00f3 trimestrals es faran&hellip;  <a href=\"https:\/\/agora.xtec.cat\/cfasegria\/general\/ges-ioc-proves-de-validacio-trimestre-hivern-2020\/\" title=\"Read GES\/IOC &#8211; Proves de validaci\u00f3 Trimestre Hivern 2020\">Llegeix m\u00e9s\u00bb<\/a><\/p>\n","protected":false},"author":1,"featured_media":0,"comment_status":"open","ping_status":"closed","sticky":false,"template":"","format":"standard","meta":{"_bbp_topic_count":0,"_bbp_reply_count":0,"_bbp_total_topic_count":0,"_bbp_total_reply_count":0,"_bbp_voice_count":0,"_bbp_anonymous_reply_count":0,"_bbp_topic_count_hidden":0,"_bbp_reply_count_hidden":0,"_bbp_forum_subforum_count":0,"footnotes":""},"categories":[1,29],"tags":[87,88],"class_list":["post-812","post","type-post","status-publish","format-standard","hentry","category-general","category-portada","tag-ges","tag-ioc"],"post_mailing_queue_ids":[],"_links":{"self":[{"href":"https:\/\/agora.xtec.cat\/cfasegria\/wp-json\/wp\/v2\/posts\/812","targetHints":{"allow":["GET"]}}],"collection":[{"href":"https:\/\/agora.xtec.cat\/cfasegria\/wp-json\/wp\/v2\/posts"}],"about":[{"href":"https:\/\/agora.xtec.cat\/cfasegria\/wp-json\/wp\/v2\/types\/post"}],"author":[{"embeddable":true,"href":"https:\/\/agora.xtec.cat\/cfasegria\/wp-json\/wp\/v2\/users\/1"}],"replies":[{"embeddable":true,"href":"https:\/\/agora.xtec.cat\/cfasegria\/wp-json\/wp\/v2\/comments?post=812"}],"version-history":[{"count":1,"href":"https:\/\/agora.xtec.cat\/cfasegria\/wp-json\/wp\/v2\/posts\/812\/revisions"}],"predecessor-version":[{"id":813,"href":"https:\/\/agora.xtec.cat\/cfasegria\/wp-json\/wp\/v2\/posts\/812\/revisions\/813"}],"wp:attachment":[{"href":"https:\/\/agora.xtec.cat\/cfasegria\/wp-json\/wp\/v2\/media?parent=812"}],"wp:term":[{"taxonomy":"category","embeddable":true,"href":"https:\/\/agora.xtec.cat\/cfasegria\/wp-json\/wp\/v2\/categories?post=812"},{"taxonomy":"post_tag","embeddable":true,"href":"https:\/\/agora.xtec.cat\/cfasegria\/wp-json\/wp\/v2\/tags?post=812"}],"curies":[{"name":"wp","href":"https:\/\/api.w.org\/{rel}","templated":true}]}}