{"id":809,"date":"2020-03-16T13:40:55","date_gmt":"2020-03-16T12:40:55","guid":{"rendered":"http:\/\/agora.xtec.cat\/cfasegria\/?p=809"},"modified":"2020-05-31T20:12:03","modified_gmt":"2020-05-31T18:12:03","slug":"inscripcio-a-les-proves-dacces-a-cicles-formatius","status":"publish","type":"post","link":"https:\/\/agora.xtec.cat\/cfasegria\/general\/inscripcio-a-les-proves-dacces-a-cicles-formatius\/","title":{"rendered":"Alumnes inscrits a les proves d&#8217;acc\u00e9s a Cicles Formatius. Actualitzaci\u00f3"},"content":{"rendered":"<h3 style=\"text-align: center;\"><span style=\"color: #ff0000;\"><strong>Propers tr\u00e0mits a les proves d&#8217;acc\u00e9s a Cicles Formatius\u00a0<\/strong><\/span><\/h3>\n<pre>Del <strong>8 al 18 de juny<\/strong>, enviament de la documentaci\u00f3 <span style=\"text-decoration: underline;\"><strong>al centre on fareu la prova<\/strong><\/span> per correu electr\u00f2nic,<\/pre>\n<p><strong>Acc\u00e9s a CFGM:<\/strong><\/p>\n<ul class=\"llista-especial\">\n<li>Aspirants exclosos a la llista provisional:\n<ul class=\"llista-especial\">\n<li>una fotoc\u00f2pia del DNI, NIE o passaport si no han acreditat requisit de participaci\u00f3.<\/li>\n<li>una fotoc\u00f2pia de la documentaci\u00f3 justificativa corresponent si no havien presentat la documentaci\u00f3 relativa al dret d&#8217;exempci\u00f3 o de bonificaci\u00f3 de la taxa:<\/li>\n<\/ul>\n<\/li>\n<li>Aspirants que sol\u00b7liciten l&#8217;obtenci\u00f3 de\u00a0<a title=\"documentacio complementaria\" href=\"http:\/\/ensenyament.gencat.cat\/ca\/serveis-tramits\/proves\/proves-acces\/gm-fp\/qualificacions-certificacions\/\" target=\"_blank\" rel=\"noopener noreferrer\">puntuaci\u00f3 complement\u00e0ria<\/a>:\n<ul class=\"llista-especial\">\n<li><a title=\"Impr\u00e8s amb la documentaci\u00f3 presentada\" href=\"http:\/\/educacio.gencat.cat\/documents\/FormularisModels\/CentresDocumentacioAcademica\/A24.pdf\" target=\"_blank\" rel=\"noopener noreferrer\">Impr\u00e8s amb la documentaci\u00f3 presentada<\/a><\/li>\n<li><a title=\"Curr\u00edculum formatiu, professional i d'experi\u00e8ncia\" href=\"http:\/\/educacio.gencat.cat\/documents\/FormularisModels\/CentresDocumentacioAcademica\/A25.pdf\" target=\"_blank\" rel=\"noopener noreferrer\">Curr\u00edculum formatiu, professional i d&#8217;experi\u00e8ncia<\/a>\u00a0acompanyat de la documentaci\u00f3 acreditativa<\/li>\n<\/ul>\n<\/li>\n<li>Aspirants que sol\u00b7liciten una o m\u00e9s\u00a0<a title=\"exempcions\" href=\"http:\/\/ensenyament.gencat.cat\/ca\/serveis-tramits\/proves\/proves-acces\/gm-fp\/exempcions\/\" target=\"_blank\" rel=\"noopener noreferrer\">exempcions<\/a>\u00a0de la prova:\n<ul class=\"llista-especial\">\n<li>documents justificatius corresponents<\/li>\n<\/ul>\n<\/li>\n<\/ul>\n<p><strong>Acc\u00e9s a CFGS:<\/strong><\/p>\n<p>Del\u00a0<strong>8 al 18\u00a0de juny<\/strong>,\u00a0mitjan\u00e7ant un correu electr\u00f2nic adre\u00e7at a la b\u00fastia corporativa del centre seu triat per fer la prova, cal presentar:<\/p>\n<ul class=\"llista-especial\">\n<li>Aspirants exclosos a la llista provisional :\n<ul class=\"llista-especial\">\n<li>una fotoc\u00f2pia del DNI, NIE o passaport si no han acreditat els requisits de participaci\u00f3<\/li>\n<li>una fotoc\u00f2pia de la documentaci\u00f3 justificativa corresponent si no han entregat la documentaci\u00f3 relativa al dret d&#8217;exempci\u00f3 o de bonificaci\u00f3 de la taxa<\/li>\n<\/ul>\n<\/li>\n<li>Aspirants que sol\u00b7liciten l&#8217;obtenci\u00f3 de puntuaci\u00f3 complement\u00e0ria:\n<ul class=\"llista-especial\">\n<li><a title=\"Impr\u00e8s amb la documentaci\u00f3\u00a0presentada\" href=\"https:\/\/documents.espai.educacio.gencat.cat\/FormularisModels\/CentresDocumentacioAcademica\/A28.pdf\" target=\"_blank\" rel=\"noopener noreferrer\">Impr\u00e8s amb la documentaci\u00f3\u00a0presentada<\/a><\/li>\n<li><a title=\"Curr\u00edculum formatiu, professional i d'experi\u00e8ncia\" href=\"https:\/\/documents.espai.educacio.gencat.cat\/FormularisModels\/CentresDocumentacioAcademica\/A503.pdf\" target=\"_blank\" rel=\"noopener noreferrer\">Curr\u00edculum formatiu, professional i d&#8217;experi\u00e8ncia<\/a>\u00a0acompanyat de la documentaci\u00f3 acreditativa<\/li>\n<li>Certificat de superaci\u00f3 parcial o total de la prova d&#8217;acc\u00e9s en convocat\u00f2ries anteriors, si \u00e9s el cas<\/li>\n<\/ul>\n<\/li>\n<li>Aspirants que sol\u00b7liciten una o m\u00e9s\u00a0<a title=\"exempcions\" href=\"http:\/\/ensenyament.gencat.cat\/ca\/serveis-tramits\/proves\/proves-acces\/gs-fp\/exempcions\/\" rel=\"noreferrer\">exempcions<\/a>\u00a0de la prova:\n<ul class=\"llista-especial\">\n<li>documents justificatius corresponents<\/li>\n<\/ul>\n<\/li>\n<\/ul>\n<p>En totes les activitats relacionades amb la prova, als efectes de comprovaci\u00f3 de la seva identitat, els aspirants han de portar l&#8217;original del DNI, el passaport o el NIE amb el qual van fer la inscripci\u00f3.<\/p>\n<p>( actualitzat el 22 de maig de 2020)<\/p>\n<p style=\"text-align: center;\">&#8230;&#8230;&#8230;&#8230;&#8230;&#8230;&#8230;&#8230;&#8230;<\/p>\n<p><strong>Per ajudar-vos a inscriure-us, hem elaborat aquestes instruccions:<\/strong><\/p>\n<p><strong><span style=\"text-decoration: underline;\"><span style=\"color: #ff0000; text-decoration: underline;\"><a href=\"https:\/\/agora.xtec.cat\/cfasegria\/wp-content\/uploads\/usu745\/2020\/03\/Instruccions-inscripci\u00f3-grau-superior-2020.pdf\">Instruccions inscripci\u00f3 a proves d&#8217;acc\u00e9s a CF de grau superior 2020<\/a> <\/span><\/span><\/strong><\/p>\n<p><strong><span style=\"text-decoration: underline;\"><span style=\"color: #ff0000; text-decoration: underline;\"><a href=\"https:\/\/agora.xtec.cat\/cfasegria\/wp-content\/uploads\/usu745\/2020\/03\/INSTRUCCIONS-INSCRIPCI\u00d3-A-PROVES-GRAU-MITJ\u00c0-2020.pdf\">INSTRUCCIONS INSCRIPCI\u00d3 A PROVES D&#8217;ACC\u00c9S A CF DE <\/a><\/span><\/span><\/strong><strong><span style=\"text-decoration: underline;\"><span style=\"color: #ff0000; text-decoration: underline;\"><a href=\"https:\/\/agora.xtec.cat\/cfasegria\/wp-content\/uploads\/usu745\/2020\/03\/INSTRUCCIONS-INSCRIPCI\u00d3-A-PROVES-GRAU-MITJ\u00c0-2020.pdf\">GRAU MITJ\u00c0 2020<\/a><\/span><\/span><\/strong><\/p>\n<p>La inscripci\u00f3 a les proves d&#8217;acc\u00e9s a cicles formatius de grau mitj\u00e0, de grau superior i tamb\u00e9 d&#8217;art i disseny <strong>comen\u00e7a el 13 de maig (9h) i acaba el 21 de maig.<\/strong><\/p>\n<p>Donat que els centres educatius estan tancats a causa del confinament, cada alumne haur\u00e0 de fer la seva inscripci\u00f3 i tots els tr\u00e0mits de manera telem\u00e0tica, a la web del Departament d&#8217;Educaci\u00f3 i per correu electr\u00f2nic al centre triat per fer la prova.<\/p>\n<p>RESUM DE LES DATES DEL CALENDARI:<\/p>\n<table style=\"height: 636px; width: 467px; border-style: solid; background-color: #f7f08d; border-color: #000000;\">\n<tbody>\n<tr style=\"height: 58px;\">\n<td style=\"width: 178.75px; height: 58px;\"><\/td>\n<td style=\"width: 152.5px; height: 58px; text-align: center;\">\n<h5><strong>PPA CF <\/strong><\/h5>\n<h5><strong>GRAU MITJ\u00c0<\/strong><\/h5>\n<\/td>\n<td style=\"width: 130px; height: 58px; text-align: center;\">\n<h5><strong>PPA CF<\/strong><\/h5>\n<h5><strong>GRAU SUPERIOR<\/strong><\/h5>\n<\/td>\n<\/tr>\n<tr style=\"height: 55px;\">\n<td style=\"width: 178.75px; height: 55px;\"><strong>Inscripci\u00f3<\/strong><\/td>\n<td style=\"width: 152.5px; height: 55px;\"><strong>13-21 maig<\/strong><\/td>\n<td style=\"width: 130px; height: 55px;\"><strong>13-21 maig<\/strong><\/td>\n<\/tr>\n<tr style=\"height: 55px;\">\n<td style=\"width: 178.75px; height: 55px;\"><span style=\"font-weight: 400;\">Pagament<\/span><\/td>\n<td style=\"width: 152.5px; height: 55px;\"><span style=\"font-weight: 400;\">fins 22 maig<\/span><\/td>\n<td style=\"width: 130px; height: 55px;\"><span style=\"font-weight: 400;\">fins 22 maig<\/span><\/td>\n<\/tr>\n<tr style=\"height: 55px;\">\n<td style=\"width: 178.75px; height: 55px;\"><span style=\"font-weight: 400;\">Llista provisional admesos\/ exclosos<\/span><\/td>\n<td style=\"width: 152.5px; height: 55px;\"><span style=\"font-weight: 400;\">a partir 5 juny<\/span><\/td>\n<td style=\"width: 130px; height: 55px;\"><span style=\"font-weight: 400;\">a partir 5 juny<\/span><\/td>\n<\/tr>\n<tr style=\"height: 77px;\">\n<td style=\"width: 178.75px; height: 77px;\"><span style=\"font-weight: 400;\">Presentaci\u00f3 documentaci\u00f3 (per correu electr\u00f2nic al centre seu triat per fer la prova)<\/span><\/td>\n<td style=\"width: 152.5px; height: 77px;\"><span style=\"font-weight: 400;\">8-18 juny<\/span><\/td>\n<td style=\"width: 130px; height: 77px;\"><span style=\"font-weight: 400;\">8-19 juny<\/span><\/td>\n<\/tr>\n<tr style=\"height: 55px;\">\n<td style=\"width: 178.75px; height: 55px;\"><span style=\"font-weight: 400;\">Llista definitiva admesos \/ exclosos<\/span><\/td>\n<td style=\"width: 152.5px; height: 55px;\"><span style=\"font-weight: 400;\">a partir 19 juny<\/span><\/td>\n<td style=\"width: 130px; height: 55px;\"><span style=\"font-weight: 400;\">a partir 19 juny<\/span><\/td>\n<\/tr>\n<tr style=\"height: 94px;\">\n<td style=\"width: 178.75px; height: 94px;\"><strong>PROVA\u00a0 \u00a0 (horari a comunicar properament)<\/strong><\/td>\n<td style=\"width: 152.5px; height: 94px;\"><strong>25 juny<\/strong><\/td>\n<td style=\"width: 130px; height: 94px;\"><strong>29 juny &#8211; mat\u00e8ries comunes<\/strong><\/p>\n<p><strong>30 juny &#8211; mat\u00e8ries espec\u00edfiques<\/strong><\/td>\n<\/tr>\n<tr style=\"height: 55px;\">\n<td style=\"width: 178.75px; height: 55px;\"><span style=\"font-weight: 400;\">Qualificacions provisionals<\/span><\/td>\n<td style=\"width: 152.5px; height: 55px;\"><span style=\"font-weight: 400;\">a partir 8 juliol<\/span><\/td>\n<td style=\"width: 130px; height: 55px;\"><span style=\"font-weight: 400;\">a partir 8 juliol<\/span><\/td>\n<\/tr>\n<tr style=\"height: 77px;\">\n<td style=\"width: 178.75px; height: 77px;\"><span style=\"font-weight: 400;\">Reclamacions (per correu electr\u00f2nic al centre seu triat per fer la prova)<\/span><\/td>\n<td style=\"width: 152.5px; height: 77px;\"><span style=\"font-weight: 400;\">9-13 juliol<\/span><\/td>\n<td style=\"width: 130px; height: 77px;\"><span style=\"font-weight: 400;\">9-13 juliol<\/span><\/td>\n<\/tr>\n<tr style=\"height: 55px;\">\n<td style=\"width: 178.75px; height: 55px;\"><span style=\"font-weight: 400;\">Qualificacions definitives<\/span><\/td>\n<td style=\"width: 152.5px; height: 55px;\"><span style=\"font-weight: 400;\">14 juliol<\/span><\/td>\n<td style=\"width: 130px; height: 55px;\"><span style=\"font-weight: 400;\">14 juliol<\/span><\/td>\n<\/tr>\n<\/tbody>\n<\/table>\n<p>Enlla\u00e7os a la inscripci\u00f3:<\/p>\n<p><strong>Formaci\u00f3 Professional. Grau superior<\/strong>: <a href=\"http:\/\/ensenyament.gencat.cat\/ca\/tramits\/tramits-temes\/prova-FP-GS-6949?category=7445de6a-a82c-11e3-a972-000c29052e2c&amp;temesNom=Educaci%C3%B3+i+formaci%C3%B3&amp;moda=1\">http:\/\/ensenyament.gencat.cat\/ca\/tramits\/tramits-temes\/prova-FP-GS-6949?category=7445de6a-a82c-11e3-a972-000c29052e2c&amp;temesNom=Educaci%C3%B3+i+formaci%C3%B3&amp;moda=1<\/a><\/p>\n<p><strong>Formaci\u00f3 Professional. Grau mitj\u00e0<\/strong>:<a href=\"http:\/\/ensenyament.gencat.cat\/ca\/tramits\/tramits-temes\/11014-f-professional-gmitja?category=7445de6a-a82c-11e3-a972-000c29052e2c&amp;moda=1\"> http:\/\/ensenyament.gencat.cat\/ca\/tramits\/tramits-temes\/11014-f-professional-gmitja?category=7445de6a-a82c-11e3-a972-000c29052e2c&amp;moda=1\u00a0<\/a><\/p>\n<p><strong>Arts Pl\u00e0stiques i Disseny. Grau superior (tamb\u00e9 part comuna de T\u00e8cniques d&#8217;Actuaci\u00f3 Teatral)<\/strong>: <a href=\"http:\/\/ensenyament.gencat.cat\/ca\/tramits\/tramits-temes\/prova-APD-GS-719?category=7445de6a-a82c-11e3-a972-000c29052e2c&amp;temesNom=Educaci%C3%B3+i+formaci%C3%B3&amp;moda=1\">http:\/\/ensenyament.gencat.cat\/ca\/tramits\/tramits-temes\/prova-APD-GS-719?category=7445de6a-a82c-11e3-a972-000c29052e2c&amp;temesNom=Educaci%C3%B3+i+formaci%C3%B3&amp;moda=1\u00a0<\/a><\/p>\n<p>Al seg\u00fcent enlla\u00e7 del Departament d\u2019Educaci\u00f3 teniu tota la informaci\u00f3 relacionada amb les proves:<\/p>\n<p><a href=\"http:\/\/ensenyament.gencat.cat\/ca\/serveis-tramits\/proves\/proves-acces\">http:\/\/ensenyament.gencat.cat\/ca\/serveis-tramits\/proves\/proves-acces<\/a>\/<\/p>\n<p>Seguiu atents a la web per estar ben informats. Consultes al nostre email: c5006410@xtec.cat<\/p>\n<p>I encara que no tinguem classes, podeu seguir preparant la prova amb els materials que ja teniu i el que podeu trobar a la xarxa.<\/p>\n<p>#quedatacasa #ensensortirem<\/p>\n","protected":false},"excerpt":{"rendered":"<p>Propers tr\u00e0mits a les proves d&#8217;acc\u00e9s a Cicles Formatius\u00a0<br \/>\nDel 8 al 18 de juny, enviament de la documentaci\u00f3 al centre on fareu la prova per correu electr\u00f2nic,<br \/>\nAcc\u00e9s a CFGM:<\/p>\n<ul class=\"llista-especial\">\n<li>Aspirants exclosos a la llista provisional:\n<ul class=\"llista-especial\">\n<li>una fotoc\u00f2pia del DNI, NIE o passaport si no han&hellip;  <a href=\"https:\/\/agora.xtec.cat\/cfasegria\/general\/inscripcio-a-les-proves-dacces-a-cicles-formatius\/\" title=\"Read Alumnes inscrits a les proves d&#8217;acc\u00e9s a Cicles Formatius. Actualitzaci\u00f3\">Llegeix m\u00e9s\u00bb<\/a><br \/>\n","protected":false},"author":1,"featured_media":0,"comment_status":"open","ping_status":"closed","sticky":false,"template":"","format":"standard","meta":{"_bbp_topic_count":0,"_bbp_reply_count":0,"_bbp_total_topic_count":0,"_bbp_total_reply_count":0,"_bbp_voice_count":0,"_bbp_anonymous_reply_count":0,"_bbp_topic_count_hidden":0,"_bbp_reply_count_hidden":0,"_bbp_forum_subforum_count":0,"footnotes":""},"categories":[1,29,83],"tags":[85,86,84],"class_list":["post-809","post","type-post","status-publish","format-standard","hentry","category-general","category-portada","category-proves-acces-a-cf","tag-cfgm","tag-cfgs","tag-provesacces"],"post_mailing_queue_ids":[],"_links":{"self":[{"href":"https:\/\/agora.xtec.cat\/cfasegria\/wp-json\/wp\/v2\/posts\/809","targetHints":{"allow":["GET"]}}],"collection":[{"href":"https:\/\/agora.xtec.cat\/cfasegria\/wp-json\/wp\/v2\/posts"}],"about":[{"href":"https:\/\/agora.xtec.cat\/cfasegria\/wp-json\/wp\/v2\/types\/post"}],"author":[{"embeddable":true,"href":"https:\/\/agora.xtec.cat\/cfasegria\/wp-json\/wp\/v2\/users\/1"}],"replies":[{"embeddable":true,"href":"https:\/\/agora.xtec.cat\/cfasegria\/wp-json\/wp\/v2\/comments?post=809"}],"version-history":[{"count":4,"href":"https:\/\/agora.xtec.cat\/cfasegria\/wp-json\/wp\/v2\/posts\/809\/revisions"}],"predecessor-version":[{"id":903,"href":"https:\/\/agora.xtec.cat\/cfasegria\/wp-json\/wp\/v2\/posts\/809\/revisions\/903"}],"wp:attachment":[{"href":"https:\/\/agora.xtec.cat\/cfasegria\/wp-json\/wp\/v2\/media?parent=809"}],"wp:term":[{"taxonomy":"category","embeddable":true,"href":"https:\/\/agora.xtec.cat\/cfasegria\/wp-json\/wp\/v2\/categories?post=809"},{"taxonomy":"post_tag","embeddable":true,"href":"https:\/\/agora.xtec.cat\/cfasegria\/wp-json\/wp\/v2\/tags?post=809"}],"curies":[{"name":"wp","href":"https:\/\/api.w.org\/{rel}","templated":true}]}}