{"id":622,"date":"2018-08-31T19:29:03","date_gmt":"2018-08-31T17:29:03","guid":{"rendered":"http:\/\/agora.xtec.cat\/cfasegria\/?p=622"},"modified":"2018-08-31T19:36:53","modified_gmt":"2018-08-31T17:36:53","slug":"inici-del-curs-2018-2019","status":"publish","type":"post","link":"https:\/\/agora.xtec.cat\/cfasegria\/general\/inici-del-curs-2018-2019\/","title":{"rendered":"Inici del curs 2018\/2019"},"content":{"rendered":"<p>&nbsp;<\/p>\n<p>Al Centre de Formaci\u00f3 d&#8217;Adults Segri\u00e0 comencem el proc\u00e9s de matr\u00edcula a partir del 4 de setembre per als antics alumnes i els admesos a la preinscripci\u00f3.<\/p>\n<p>Ja podeu consultar a la nostra web la informaci\u00f3 seg\u00fcent:<\/p>\n<p><a href=\"http:\/\/agora.xtec.cat\/cfasegria\/el-centre\/preinscripcio-i-matricula\/\" target=\"_blank\" rel=\"noopener\">Proc\u00e9s de matr\u00edcula curs 2018\/2019<\/a><\/p>\n<p><a href=\"http:\/\/agora.xtec.cat\/cfasegria\/el-centre\/calendari-del-curs\/\" target=\"_blank\" rel=\"noopener\">Calendari curs 18\/19 i horaris provisionals<\/a><\/p>\n<p>Inici de classes el 19 de setembre.<\/p>\n<p>Ens trobareu al Carrer Santa Cec\u00edlia, 1 de Cappont en l&#8217;horari d&#8217;atenci\u00f3 al p\u00fablic.<\/p>\n<p>Tel\u00e8fon: 973205147<\/p>\n<p>&nbsp;<\/p>\n","protected":false},"excerpt":{"rendered":"<p>&nbsp;<br \/>\nAl Centre de Formaci\u00f3 d&#8217;Adults Segri\u00e0 comencem el proc\u00e9s de matr\u00edcula a partir del 4 de setembre per als antics alumnes i els admesos a la preinscripci\u00f3.<br \/>\nJa podeu consultar a la nostra web la informaci\u00f3 seg\u00fcent:<br \/>\n<a href=\"http:\/\/agora.xtec.cat\/cfasegria\/el-centre\/preinscripcio-i-matricula\/\" target=\"_blank\" rel=\"noopener\">Proc\u00e9s de matr\u00edcula curs 2018\/2019<\/a><br \/>\n<a href=\"http:\/\/agora.xtec.cat\/cfasegria\/el-centre\/calendari-del-curs\/\" target=\"_blank\"&hellip;  <a href=\"https:\/\/agora.xtec.cat\/cfasegria\/general\/inici-del-curs-2018-2019\/\" title=\"Read Inici del curs 2018\/2019\">Llegeix m\u00e9s\u00bb<\/a><\/p>\n","protected":false},"author":1,"featured_media":0,"comment_status":"closed","ping_status":"closed","sticky":false,"template":"","format":"standard","meta":{"_bbp_topic_count":0,"_bbp_reply_count":0,"_bbp_total_topic_count":0,"_bbp_total_reply_count":0,"_bbp_voice_count":0,"_bbp_anonymous_reply_count":0,"_bbp_topic_count_hidden":0,"_bbp_reply_count_hidden":0,"_bbp_forum_subforum_count":0,"footnotes":""},"categories":[1,29],"tags":[],"class_list":["post-622","post","type-post","status-publish","format-standard","hentry","category-general","category-portada"],"post_mailing_queue_ids":[],"_links":{"self":[{"href":"https:\/\/agora.xtec.cat\/cfasegria\/wp-json\/wp\/v2\/posts\/622","targetHints":{"allow":["GET"]}}],"collection":[{"href":"https:\/\/agora.xtec.cat\/cfasegria\/wp-json\/wp\/v2\/posts"}],"about":[{"href":"https:\/\/agora.xtec.cat\/cfasegria\/wp-json\/wp\/v2\/types\/post"}],"author":[{"embeddable":true,"href":"https:\/\/agora.xtec.cat\/cfasegria\/wp-json\/wp\/v2\/users\/1"}],"replies":[{"embeddable":true,"href":"https:\/\/agora.xtec.cat\/cfasegria\/wp-json\/wp\/v2\/comments?post=622"}],"version-history":[{"count":3,"href":"https:\/\/agora.xtec.cat\/cfasegria\/wp-json\/wp\/v2\/posts\/622\/revisions"}],"predecessor-version":[{"id":625,"href":"https:\/\/agora.xtec.cat\/cfasegria\/wp-json\/wp\/v2\/posts\/622\/revisions\/625"}],"wp:attachment":[{"href":"https:\/\/agora.xtec.cat\/cfasegria\/wp-json\/wp\/v2\/media?parent=622"}],"wp:term":[{"taxonomy":"category","embeddable":true,"href":"https:\/\/agora.xtec.cat\/cfasegria\/wp-json\/wp\/v2\/categories?post=622"},{"taxonomy":"post_tag","embeddable":true,"href":"https:\/\/agora.xtec.cat\/cfasegria\/wp-json\/wp\/v2\/tags?post=622"}],"curies":[{"name":"wp","href":"https:\/\/api.w.org\/{rel}","templated":true}]}}