{"id":1598,"date":"2025-07-07T10:55:31","date_gmt":"2025-07-07T08:55:31","guid":{"rendered":"https:\/\/agora.xtec.cat\/cfasegria\/?p=1598"},"modified":"2025-09-19T16:46:09","modified_gmt":"2025-09-19T14:46:09","slug":"preinscripcio-i-matricula-curs-2025-26","status":"publish","type":"post","link":"https:\/\/agora.xtec.cat\/cfasegria\/general\/preinscripcio-i-matricula-curs-2025-26\/","title":{"rendered":"Preinscripci\u00f3 i matr\u00edcula curs 2025-26"},"content":{"rendered":"<p><strong>(16\/07\/25) Ja podeu consultar les llistes definitives:<\/strong><\/p>\n<p><a href=\"https:\/\/agora.xtec.cat\/cfasegria\/wp-content\/uploads\/usu745\/2025\/07\/e13_ppa_llis_sol_assig_001.pdf\">Llista d&#8217;alumnat assignat al CFA Segri\u00e0 <\/a><\/p>\n<p><a href=\"https:\/\/agora.xtec.cat\/cfasegria\/wp-content\/uploads\/usu745\/2025\/07\/20250901100345.pdf\">Llista d&#8217;espera CFA Segri\u00e0 <\/a><\/p>\n<p>Si heu estat admesos, al final d&#8217;aquest article, en un requadre blau, teniu les dates per venir a fer la matr\u00edcula al setembre.<\/p>\n<p>Si sou a la llista d\u2019espera,\u00a0 heu d&#8217;esperar que us truquem quan hi hagi places lliures.<\/p>\n<p style=\"text-align: center;\"><strong>\u2010-\u2010&#8212;&#8212;&#8212;-<\/strong><\/p>\n<p><a href=\"https:\/\/agora.xtec.cat\/cfasegria\/wp-content\/uploads\/usu745\/2025\/07\/20250714103014.pdf\">LLISTA DEFINITIVA DE SOL\u00b7LICITUDS 25-26<\/a>: (11\/07\/25) En aquest document hi trobareu la vostra sol\u00b7licitud.\u00a0 S\u00f3n llistes anonimitzades, per trobar-vos-hi feu el seg\u00fcent:<\/p>\n<p style=\"font-family: 'Helvetica Neue', Helvetica, Helvetica, Arial, sans-serif; font-size: 16px;\">Busqueu l&#8217;ensenyament on us heu inscrit, les sigles del vostre nom i cognoms, i les darreres xifres del DNI, NIE o passaport. El n\u00famero aleatori servir\u00e0 en cas que hi hagi m\u00e9s sol\u00b7licituds que places disponibles.<\/p>\n<p><em><a href=\"https:\/\/agora.xtec.cat\/cfasegria\/wp-content\/uploads\/usu745\/2025\/07\/LLISTA-PROVISIONAL-SOLICITUDS-25-26.pdf\">LLISTA PROVISIONAL SOL\u00b7LICITUDS 25-26<\/a>. (07\/07\/2025)<\/em><\/p>\n<p><strong>N\u00famero de sorteig:<\/strong><\/p>\n<p><a href=\"https:\/\/agora.xtec.cat\/cfasegria\/wp-content\/uploads\/usu745\/2025\/07\/20250707-preinscripcio-adults-sorteig.png_1172691498.png\"><img loading=\"lazy\" decoding=\"async\" class=\"aligncenter size-medium wp-image-1629\" src=\"https:\/\/agora.xtec.cat\/cfasegria\/wp-content\/uploads\/usu745\/2025\/07\/20250707-preinscripcio-adults-sorteig.png_1172691498-300x233.png\" alt=\"\" width=\"300\" height=\"233\" srcset=\"https:\/\/agora.xtec.cat\/cfasegria\/wp-content\/uploads\/usu745\/2025\/07\/20250707-preinscripcio-adults-sorteig.png_1172691498-300x233.png 300w, https:\/\/agora.xtec.cat\/cfasegria\/wp-content\/uploads\/usu745\/2025\/07\/20250707-preinscripcio-adults-sorteig.png_1172691498.png 555w\" sizes=\"auto, (max-width: 300px) 100vw, 300px\" \/><\/a><\/p>\n<p><a href=\"https:\/\/agora.xtec.cat\/cfasegria\/el-centre\/preinscripcio-i-matricula\/\"><br \/>\n<img loading=\"lazy\" decoding=\"async\" class=\"aligncenter wp-image-1619\" src=\"https:\/\/agora.xtec.cat\/cfasegria\/wp-content\/uploads\/usu745\/2025\/06\/DATES-MATRICULA-JULIOL-I-SETEMBRE-WEB-1-212x300.jpg\" alt=\"\" width=\"608\" height=\"861\" srcset=\"https:\/\/agora.xtec.cat\/cfasegria\/wp-content\/uploads\/usu745\/2025\/06\/DATES-MATRICULA-JULIOL-I-SETEMBRE-WEB-1-212x300.jpg 212w, https:\/\/agora.xtec.cat\/cfasegria\/wp-content\/uploads\/usu745\/2025\/06\/DATES-MATRICULA-JULIOL-I-SETEMBRE-WEB-1-724x1024.jpg 724w, https:\/\/agora.xtec.cat\/cfasegria\/wp-content\/uploads\/usu745\/2025\/06\/DATES-MATRICULA-JULIOL-I-SETEMBRE-WEB-1-768x1086.jpg 768w, https:\/\/agora.xtec.cat\/cfasegria\/wp-content\/uploads\/usu745\/2025\/06\/DATES-MATRICULA-JULIOL-I-SETEMBRE-WEB-1.jpg 1755w\" sizes=\"auto, (max-width: 608px) 100vw, 608px\" \/><\/a><\/p>\n<p>&nbsp;<\/p>\n<p style=\"text-align: center;\">\n","protected":false},"excerpt":{"rendered":"<p>(16\/07\/25) Ja podeu consultar les llistes definitives:<br \/>\n<a href=\"https:\/\/agora.xtec.cat\/cfasegria\/wp-content\/uploads\/usu745\/2025\/07\/e13_ppa_llis_sol_assig_001.pdf\">Llista d&#8217;alumnat assignat al CFA Segri\u00e0 <\/a><br \/>\n<a href=\"https:\/\/agora.xtec.cat\/cfasegria\/wp-content\/uploads\/usu745\/2025\/07\/20250901100345.pdf\">Llista d&#8217;espera CFA Segri\u00e0 <\/a><br \/>\nSi heu estat admesos, al final d&#8217;aquest article, en un requadre blau, teniu les dates per venir a fer la matr\u00edcula al setembre.<br \/>\nSi sou a la llista&hellip;  <a href=\"https:\/\/agora.xtec.cat\/cfasegria\/general\/preinscripcio-i-matricula-curs-2025-26\/\" title=\"Read Preinscripci\u00f3 i matr\u00edcula curs 2025-26\">Llegeix m\u00e9s\u00bb<\/a><\/p>\n","protected":false},"author":1,"featured_media":0,"comment_status":"closed","ping_status":"closed","sticky":false,"template":"","format":"standard","meta":{"_bbp_topic_count":0,"_bbp_reply_count":0,"_bbp_total_topic_count":0,"_bbp_total_reply_count":0,"_bbp_voice_count":0,"_bbp_anonymous_reply_count":0,"_bbp_topic_count_hidden":0,"_bbp_reply_count_hidden":0,"_bbp_forum_subforum_count":0,"footnotes":""},"categories":[1,29],"tags":[],"class_list":["post-1598","post","type-post","status-publish","format-standard","hentry","category-general","category-portada"],"post_mailing_queue_ids":[],"_links":{"self":[{"href":"https:\/\/agora.xtec.cat\/cfasegria\/wp-json\/wp\/v2\/posts\/1598","targetHints":{"allow":["GET"]}}],"collection":[{"href":"https:\/\/agora.xtec.cat\/cfasegria\/wp-json\/wp\/v2\/posts"}],"about":[{"href":"https:\/\/agora.xtec.cat\/cfasegria\/wp-json\/wp\/v2\/types\/post"}],"author":[{"embeddable":true,"href":"https:\/\/agora.xtec.cat\/cfasegria\/wp-json\/wp\/v2\/users\/1"}],"replies":[{"embeddable":true,"href":"https:\/\/agora.xtec.cat\/cfasegria\/wp-json\/wp\/v2\/comments?post=1598"}],"version-history":[{"count":6,"href":"https:\/\/agora.xtec.cat\/cfasegria\/wp-json\/wp\/v2\/posts\/1598\/revisions"}],"predecessor-version":[{"id":1652,"href":"https:\/\/agora.xtec.cat\/cfasegria\/wp-json\/wp\/v2\/posts\/1598\/revisions\/1652"}],"wp:attachment":[{"href":"https:\/\/agora.xtec.cat\/cfasegria\/wp-json\/wp\/v2\/media?parent=1598"}],"wp:term":[{"taxonomy":"category","embeddable":true,"href":"https:\/\/agora.xtec.cat\/cfasegria\/wp-json\/wp\/v2\/categories?post=1598"},{"taxonomy":"post_tag","embeddable":true,"href":"https:\/\/agora.xtec.cat\/cfasegria\/wp-json\/wp\/v2\/tags?post=1598"}],"curies":[{"name":"wp","href":"https:\/\/api.w.org\/{rel}","templated":true}]}}