{"id":1572,"date":"2024-07-15T12:00:34","date_gmt":"2024-07-15T10:00:34","guid":{"rendered":"https:\/\/agora.xtec.cat\/cfasegria\/?p=1572"},"modified":"2024-07-15T12:25:13","modified_gmt":"2024-07-15T10:25:13","slug":"llistats-preinscripcio-i-matricula-curs-24-25","status":"publish","type":"post","link":"https:\/\/agora.xtec.cat\/cfasegria\/general\/llistats-preinscripcio-i-matricula-curs-24-25\/","title":{"rendered":"LLISTATS PREINSCRIPCI\u00d3 I MATR\u00cdCULA CURS 24-25"},"content":{"rendered":"<p>Consulteu aqu\u00ed els llistats del proc\u00e9s de matr\u00edcula al curs 24-25.<\/p>\n<p><strong>15 de juliol: Llistes d&#8217;admesos i llista d&#8217;espera.\u00a0 Feu la consulta amb les dues primeres lletres del nom i dels cognoms.<\/strong><\/p>\n<p>Per exemple:\u00a0 Dolors Escrib\u00e0 Massip\u00a0 \u00a0&#8212;\u00a0 DoEsMa<\/p>\n<p><a href=\"https:\/\/agora.xtec.cat\/cfasegria\/wp-content\/uploads\/usu745\/2024\/07\/llista-alumnes-admesos-Anonimitzada.pdf\">Llista d&#8217;alumnes admesos<\/a><\/p>\n<p><a href=\"https:\/\/agora.xtec.cat\/cfasegria\/wp-content\/uploads\/usu745\/2024\/07\/Llista-despera-anonimitzada.pdf\">Llista d&#8217;espera <\/a><\/p>\n<p>&nbsp;<\/p>\n<p><strong>11 de juliol: Llistat de barem<\/strong> <strong>definitiu<\/strong>. Haur\u00edeu de sortir a l&#8217;ensenyament en qu\u00e8 vau fer la preinscripci\u00f3 amb el n\u00famero aleatori, per si hi hagu\u00e9s sorteig.<\/p>\n<p><a href=\"https:\/\/agora.xtec.cat\/cfasegria\/wp-content\/uploads\/usu745\/2024\/07\/Barem-definitiu-ANONIMITZAT.pdf\">Llistat barem definitiu\u00a0<\/a><\/p>\n<p><strong>5 de juliol: <\/strong>n\u00famero de desempat:\u00a0<strong> 17439\u00a0<\/strong><\/p>\n<p><strong>4 de juliol: Llistat de barem provisional.<\/strong> A la llista heu de sortir a l&#8217;ensenyament que us heu preinscrit amb les inicials del nom i dels cognoms i una part del vostre DNI, NIE o passaport.<\/p>\n<p><a href=\"https:\/\/agora.xtec.cat\/cfasegria\/wp-content\/uploads\/usu745\/2024\/07\/Llista-barem-provisional-ANONIMITZADA.pdf\">Llista barem provisional 24-25<\/a><\/p>\n<p>Reclamacions del 4 al 10 de juliol, per tel\u00e8fon o correu electr\u00f2nic a cfasegria@xtec.cat1<\/p>\n","protected":false},"excerpt":{"rendered":"<p>Consulteu aqu\u00ed els llistats del proc\u00e9s de matr\u00edcula al curs 24-25.<br \/>\n15 de juliol: Llistes d&#8217;admesos i llista d&#8217;espera.\u00a0 Feu la consulta amb les dues primeres lletres del nom i dels cognoms.<br \/>\nPer exemple:\u00a0 Dolors Escrib\u00e0 Massip\u00a0 \u00a0&#8212;\u00a0 DoEsMa<br \/>\n<a href=\"https:\/\/agora.xtec.cat\/cfasegria\/wp-content\/uploads\/usu745\/2024\/07\/llista-alumnes-admesos-Anonimitzada.pdf\">Llista d&#8217;alumnes admesos<\/a><br \/>\n<a href=\"https:\/\/agora.xtec.cat\/cfasegria\/wp-content\/uploads\/usu745\/2024\/07\/Llista-despera-anonimitzada.pdf\">Llista d&#8217;espera <\/a><br \/>\n&nbsp;<br \/>\n11 de juliol:&hellip;  <a href=\"https:\/\/agora.xtec.cat\/cfasegria\/general\/llistats-preinscripcio-i-matricula-curs-24-25\/\" title=\"Read LLISTATS PREINSCRIPCI\u00d3 I MATR\u00cdCULA CURS 24-25\">Llegeix m\u00e9s\u00bb<\/a><\/p>\n","protected":false},"author":1,"featured_media":0,"comment_status":"closed","ping_status":"closed","sticky":false,"template":"","format":"standard","meta":{"_bbp_topic_count":0,"_bbp_reply_count":0,"_bbp_total_topic_count":0,"_bbp_total_reply_count":0,"_bbp_voice_count":0,"_bbp_anonymous_reply_count":0,"_bbp_topic_count_hidden":0,"_bbp_reply_count_hidden":0,"_bbp_forum_subforum_count":0,"footnotes":""},"categories":[1,29],"tags":[],"class_list":["post-1572","post","type-post","status-publish","format-standard","hentry","category-general","category-portada"],"post_mailing_queue_ids":[],"_links":{"self":[{"href":"https:\/\/agora.xtec.cat\/cfasegria\/wp-json\/wp\/v2\/posts\/1572","targetHints":{"allow":["GET"]}}],"collection":[{"href":"https:\/\/agora.xtec.cat\/cfasegria\/wp-json\/wp\/v2\/posts"}],"about":[{"href":"https:\/\/agora.xtec.cat\/cfasegria\/wp-json\/wp\/v2\/types\/post"}],"author":[{"embeddable":true,"href":"https:\/\/agora.xtec.cat\/cfasegria\/wp-json\/wp\/v2\/users\/1"}],"replies":[{"embeddable":true,"href":"https:\/\/agora.xtec.cat\/cfasegria\/wp-json\/wp\/v2\/comments?post=1572"}],"version-history":[{"count":6,"href":"https:\/\/agora.xtec.cat\/cfasegria\/wp-json\/wp\/v2\/posts\/1572\/revisions"}],"predecessor-version":[{"id":1588,"href":"https:\/\/agora.xtec.cat\/cfasegria\/wp-json\/wp\/v2\/posts\/1572\/revisions\/1588"}],"wp:attachment":[{"href":"https:\/\/agora.xtec.cat\/cfasegria\/wp-json\/wp\/v2\/media?parent=1572"}],"wp:term":[{"taxonomy":"category","embeddable":true,"href":"https:\/\/agora.xtec.cat\/cfasegria\/wp-json\/wp\/v2\/categories?post=1572"},{"taxonomy":"post_tag","embeddable":true,"href":"https:\/\/agora.xtec.cat\/cfasegria\/wp-json\/wp\/v2\/tags?post=1572"}],"curies":[{"name":"wp","href":"https:\/\/api.w.org\/{rel}","templated":true}]}}