{"id":1524,"date":"2025-06-18T14:59:21","date_gmt":"2025-06-18T12:59:21","guid":{"rendered":"https:\/\/agora.xtec.cat\/cfasegria\/?p=1524"},"modified":"2025-06-19T13:29:58","modified_gmt":"2025-06-19T11:29:58","slug":"oferta-formativa-curs-24-25","status":"publish","type":"post","link":"https:\/\/agora.xtec.cat\/cfasegria\/general\/oferta-formativa-curs-24-25\/","title":{"rendered":"Oferta formativa i vacants curs 25-26"},"content":{"rendered":"<p>Ha estat publicada la resoluci\u00f3 que aprova la nostra oferta formativa per al proper curs. En el document adjunt podeu veure quins ensenyaments farem, en quins torns i nivells.<\/p>\n<p><a href=\"https:\/\/agora.xtec.cat\/cfasegria\/wp-content\/uploads\/usu745\/2024\/05\/Resolucio-oferta-formativa.pdf\">Resoluci\u00f3 CFA Segri\u00e0 oferta formativa<\/a><\/p>\n<p>Tamb\u00e9 podeu veure les places vacants als ensenyaments, despr\u00e9s de la reserva d&#8217;alumnat actual.<\/p>\n<p><a href=\"https:\/\/agora.xtec.cat\/cfasegria\/wp-content\/uploads\/usu745\/2025\/05\/Preinscripcio-a-formacio-de-persones-adultes-Difusio-oferta-vacants.pdf\">Preinscripci\u00f3 a formaci\u00f3 de persones adultes &#8211; Difusi\u00f3 oferta vacants<\/a><\/p>\n<p>&nbsp;<\/p>\n<p>Si voleu veure com s\u00f3n els nostres ensenyaments, podeu consultar-ho <a href=\"https:\/\/agora.xtec.cat\/cfasegria\/el-centre\/ensenyaments\/\" target=\"_blank\" rel=\"noopener\">en aquest enlla\u00e7.\u00a0<\/a><\/p>\n<p>Tamb\u00e9 podeu consultar el <a href=\"https:\/\/agora.xtec.cat\/cfasegria\/el-centre\/preinscripcio-i-matricula\/\">calendari\u00a0 2025-2026 de preinscripci\u00f3 i matr\u00edcula aqu\u00ed<\/a>.<\/p>\n<p>&nbsp;<\/p>\n","protected":false},"excerpt":{"rendered":"<p>Ha estat publicada la resoluci\u00f3 que aprova la nostra oferta formativa per al proper curs. En el document adjunt podeu veure quins ensenyaments farem, en quins torns i nivells.<br \/>\n<a href=\"https:\/\/agora.xtec.cat\/cfasegria\/wp-content\/uploads\/usu745\/2024\/05\/Resolucio-oferta-formativa.pdf\">Resoluci\u00f3 CFA Segri\u00e0 oferta formativa<\/a><br \/>\nTamb\u00e9 podeu veure les places vacants als ensenyaments, despr\u00e9s de la reserva&hellip;  <a href=\"https:\/\/agora.xtec.cat\/cfasegria\/general\/oferta-formativa-curs-24-25\/\" title=\"Read Oferta formativa i vacants curs 25-26\">Llegeix m\u00e9s\u00bb<\/a><\/p>\n","protected":false},"author":1,"featured_media":0,"comment_status":"closed","ping_status":"closed","sticky":false,"template":"","format":"standard","meta":{"_bbp_topic_count":0,"_bbp_reply_count":0,"_bbp_total_topic_count":0,"_bbp_total_reply_count":0,"_bbp_voice_count":0,"_bbp_anonymous_reply_count":0,"_bbp_topic_count_hidden":0,"_bbp_reply_count_hidden":0,"_bbp_forum_subforum_count":0,"footnotes":""},"categories":[1,29],"tags":[],"class_list":["post-1524","post","type-post","status-publish","format-standard","hentry","category-general","category-portada"],"post_mailing_queue_ids":[],"_links":{"self":[{"href":"https:\/\/agora.xtec.cat\/cfasegria\/wp-json\/wp\/v2\/posts\/1524","targetHints":{"allow":["GET"]}}],"collection":[{"href":"https:\/\/agora.xtec.cat\/cfasegria\/wp-json\/wp\/v2\/posts"}],"about":[{"href":"https:\/\/agora.xtec.cat\/cfasegria\/wp-json\/wp\/v2\/types\/post"}],"author":[{"embeddable":true,"href":"https:\/\/agora.xtec.cat\/cfasegria\/wp-json\/wp\/v2\/users\/1"}],"replies":[{"embeddable":true,"href":"https:\/\/agora.xtec.cat\/cfasegria\/wp-json\/wp\/v2\/comments?post=1524"}],"version-history":[{"count":4,"href":"https:\/\/agora.xtec.cat\/cfasegria\/wp-json\/wp\/v2\/posts\/1524\/revisions"}],"predecessor-version":[{"id":1613,"href":"https:\/\/agora.xtec.cat\/cfasegria\/wp-json\/wp\/v2\/posts\/1524\/revisions\/1613"}],"wp:attachment":[{"href":"https:\/\/agora.xtec.cat\/cfasegria\/wp-json\/wp\/v2\/media?parent=1524"}],"wp:term":[{"taxonomy":"category","embeddable":true,"href":"https:\/\/agora.xtec.cat\/cfasegria\/wp-json\/wp\/v2\/categories?post=1524"},{"taxonomy":"post_tag","embeddable":true,"href":"https:\/\/agora.xtec.cat\/cfasegria\/wp-json\/wp\/v2\/tags?post=1524"}],"curies":[{"name":"wp","href":"https:\/\/api.w.org\/{rel}","templated":true}]}}