{"id":1446,"date":"2024-02-06T12:00:02","date_gmt":"2024-02-06T11:00:02","guid":{"rendered":"https:\/\/agora.xtec.cat\/cfasegria\/?p=1446"},"modified":"2024-07-04T12:03:06","modified_gmt":"2024-07-04T10:03:06","slug":"cursos-de-capacitacio-digital","status":"publish","type":"post","link":"https:\/\/agora.xtec.cat\/cfasegria\/general\/cursos-de-capacitacio-digital\/","title":{"rendered":"Cursos de Capacitaci\u00f3 Digital"},"content":{"rendered":"<p><a href=\"https:\/\/agora.xtec.cat\/cfasegria\/wp-content\/uploads\/usu745\/2023\/10\/adult-2841064_640.jpg\"><img loading=\"lazy\" decoding=\"async\" class=\"wp-image-1455 alignnone\" src=\"https:\/\/agora.xtec.cat\/cfasegria\/wp-content\/uploads\/usu745\/2023\/10\/adult-2841064_640-300x228.jpg\" alt=\"\" width=\"158\" height=\"120\" srcset=\"https:\/\/agora.xtec.cat\/cfasegria\/wp-content\/uploads\/usu745\/2023\/10\/adult-2841064_640-300x228.jpg 300w, https:\/\/agora.xtec.cat\/cfasegria\/wp-content\/uploads\/usu745\/2023\/10\/adult-2841064_640-200x150.jpg 200w, https:\/\/agora.xtec.cat\/cfasegria\/wp-content\/uploads\/usu745\/2023\/10\/adult-2841064_640.jpg 640w\" sizes=\"auto, (max-width: 158px) 100vw, 158px\" \/><\/a>Al CFA Segri\u00e0 oferirem cursos sobre l<strong>&#8216;\u00fas de les noves tecnologies m\u00f2bils<\/strong>.<\/p>\n<p style=\"font-family: 'Helvetica Neue', Helvetica, Helvetica, Arial, sans-serif; font-size: 16px;\">Son cursos\u00a0<strong>gratu\u00efts, de 15 o 30 hores, amb certificat final i finan\u00e7ats pels Fons europeus Next Generation.<\/strong><\/p>\n<p style=\"font-family: 'Helvetica Neue', Helvetica, Helvetica, Arial, sans-serif; font-size: 16px;\">Hi poden accedir tant l&#8217;alumnat del centre com el p\u00fablic en general, a partir dels 16 anys.<\/p>\n<p style=\"font-family: 'Helvetica Neue', Helvetica, Helvetica, Arial, sans-serif; font-size: 16px;\">En aquesta\u00a0<a href=\"https:\/\/view.genial.ly\/6538067a5b70780010de3d80\/interactive-content-cursos-capacitacio-digital\" target=\"_blank\" rel=\"noopener\">presentaci\u00f3<\/a>\u00a0teniu tota la informaci\u00f3 necess\u00e0ria.<\/p>\n","protected":false},"excerpt":{"rendered":"<p><a href=\"https:\/\/agora.xtec.cat\/cfasegria\/wp-content\/uploads\/usu745\/2023\/10\/adult-2841064_640.jpg\"><\/a>Al CFA Segri\u00e0 oferirem cursos sobre l&#8216;\u00fas de les noves tecnologies m\u00f2bils.<br \/>\nSon cursos\u00a0gratu\u00efts, de 15 o 30 hores, amb certificat final i finan\u00e7ats pels Fons europeus Next Generation.<br \/>\nHi poden accedir tant l&#8217;alumnat del centre com el p\u00fablic en general, a partir dels 16 anys.<br \/>\nEn&hellip;  <a href=\"https:\/\/agora.xtec.cat\/cfasegria\/general\/cursos-de-capacitacio-digital\/\" title=\"Read Cursos de Capacitaci\u00f3 Digital\">Llegeix m\u00e9s\u00bb<\/a><\/p>\n","protected":false},"author":1,"featured_media":0,"comment_status":"closed","ping_status":"closed","sticky":false,"template":"","format":"standard","meta":{"_bbp_topic_count":0,"_bbp_reply_count":0,"_bbp_total_topic_count":0,"_bbp_total_reply_count":0,"_bbp_voice_count":0,"_bbp_anonymous_reply_count":0,"_bbp_topic_count_hidden":0,"_bbp_reply_count_hidden":0,"_bbp_forum_subforum_count":0,"footnotes":""},"categories":[1,29],"tags":[],"class_list":["post-1446","post","type-post","status-publish","format-standard","hentry","category-general","category-portada"],"post_mailing_queue_ids":[],"_links":{"self":[{"href":"https:\/\/agora.xtec.cat\/cfasegria\/wp-json\/wp\/v2\/posts\/1446","targetHints":{"allow":["GET"]}}],"collection":[{"href":"https:\/\/agora.xtec.cat\/cfasegria\/wp-json\/wp\/v2\/posts"}],"about":[{"href":"https:\/\/agora.xtec.cat\/cfasegria\/wp-json\/wp\/v2\/types\/post"}],"author":[{"embeddable":true,"href":"https:\/\/agora.xtec.cat\/cfasegria\/wp-json\/wp\/v2\/users\/1"}],"replies":[{"embeddable":true,"href":"https:\/\/agora.xtec.cat\/cfasegria\/wp-json\/wp\/v2\/comments?post=1446"}],"version-history":[{"count":5,"href":"https:\/\/agora.xtec.cat\/cfasegria\/wp-json\/wp\/v2\/posts\/1446\/revisions"}],"predecessor-version":[{"id":1456,"href":"https:\/\/agora.xtec.cat\/cfasegria\/wp-json\/wp\/v2\/posts\/1446\/revisions\/1456"}],"wp:attachment":[{"href":"https:\/\/agora.xtec.cat\/cfasegria\/wp-json\/wp\/v2\/media?parent=1446"}],"wp:term":[{"taxonomy":"category","embeddable":true,"href":"https:\/\/agora.xtec.cat\/cfasegria\/wp-json\/wp\/v2\/categories?post=1446"},{"taxonomy":"post_tag","embeddable":true,"href":"https:\/\/agora.xtec.cat\/cfasegria\/wp-json\/wp\/v2\/tags?post=1446"}],"curies":[{"name":"wp","href":"https:\/\/api.w.org\/{rel}","templated":true}]}}