{"id":1389,"date":"2023-06-14T19:40:34","date_gmt":"2023-06-14T17:40:34","guid":{"rendered":"https:\/\/agora.xtec.cat\/cfasegria\/?p=1389"},"modified":"2023-06-15T20:19:37","modified_gmt":"2023-06-15T18:19:37","slug":"reserva-de-vacants-curs-23-24","status":"publish","type":"post","link":"https:\/\/agora.xtec.cat\/cfasegria\/general\/reserva-de-vacants-curs-23-24\/","title":{"rendered":"Reserva de vacants. Curs 23-24"},"content":{"rendered":"<p>En aquest document podreu consultar les places\u00a0 reservades per a l&#8217;alumnat actual del CFA Segri\u00e0 i les que queden disponibles per al per\u00edode de preinscripci\u00f3. (Disculpeu l&#8217;error a l&#8217;adre\u00e7a del centre, que \u00e9s Carrer Juneda, 16 de Lleida.)<\/p>\n<p><a href=\"https:\/\/agora.xtec.cat\/cfasegria\/wp-content\/uploads\/usu745\/2023\/06\/Difusio-de-loferta-23-24.pdf\">Difusi\u00f3 de vacants 23-24<\/a><\/p>\n","protected":false},"excerpt":{"rendered":"<p>En aquest document podreu consultar les places\u00a0 reservades per a l&#8217;alumnat actual del CFA Segri\u00e0 i les que queden disponibles per al per\u00edode de preinscripci\u00f3. (Disculpeu l&#8217;error a l&#8217;adre\u00e7a del centre, que \u00e9s Carrer Juneda, 16 de Lleida.)<br \/>\n<a href=\"https:\/\/agora.xtec.cat\/cfasegria\/wp-content\/uploads\/usu745\/2023\/06\/Difusio-de-loferta-23-24.pdf\">Difusi\u00f3 de vacants 23-24<\/a><\/p>\n","protected":false},"author":1,"featured_media":0,"comment_status":"closed","ping_status":"closed","sticky":false,"template":"","format":"standard","meta":{"_bbp_topic_count":0,"_bbp_reply_count":0,"_bbp_total_topic_count":0,"_bbp_total_reply_count":0,"_bbp_voice_count":0,"_bbp_anonymous_reply_count":0,"_bbp_topic_count_hidden":0,"_bbp_reply_count_hidden":0,"_bbp_forum_subforum_count":0,"footnotes":""},"categories":[1,29],"tags":[],"class_list":["post-1389","post","type-post","status-publish","format-standard","hentry","category-general","category-portada"],"post_mailing_queue_ids":[],"_links":{"self":[{"href":"https:\/\/agora.xtec.cat\/cfasegria\/wp-json\/wp\/v2\/posts\/1389","targetHints":{"allow":["GET"]}}],"collection":[{"href":"https:\/\/agora.xtec.cat\/cfasegria\/wp-json\/wp\/v2\/posts"}],"about":[{"href":"https:\/\/agora.xtec.cat\/cfasegria\/wp-json\/wp\/v2\/types\/post"}],"author":[{"embeddable":true,"href":"https:\/\/agora.xtec.cat\/cfasegria\/wp-json\/wp\/v2\/users\/1"}],"replies":[{"embeddable":true,"href":"https:\/\/agora.xtec.cat\/cfasegria\/wp-json\/wp\/v2\/comments?post=1389"}],"version-history":[{"count":3,"href":"https:\/\/agora.xtec.cat\/cfasegria\/wp-json\/wp\/v2\/posts\/1389\/revisions"}],"predecessor-version":[{"id":1394,"href":"https:\/\/agora.xtec.cat\/cfasegria\/wp-json\/wp\/v2\/posts\/1389\/revisions\/1394"}],"wp:attachment":[{"href":"https:\/\/agora.xtec.cat\/cfasegria\/wp-json\/wp\/v2\/media?parent=1389"}],"wp:term":[{"taxonomy":"category","embeddable":true,"href":"https:\/\/agora.xtec.cat\/cfasegria\/wp-json\/wp\/v2\/categories?post=1389"},{"taxonomy":"post_tag","embeddable":true,"href":"https:\/\/agora.xtec.cat\/cfasegria\/wp-json\/wp\/v2\/tags?post=1389"}],"curies":[{"name":"wp","href":"https:\/\/api.w.org\/{rel}","templated":true}]}}