{"id":1356,"date":"2023-03-06T13:05:27","date_gmt":"2023-03-06T12:05:27","guid":{"rendered":"https:\/\/agora.xtec.cat\/cfasegria\/?p=1356"},"modified":"2023-06-06T12:51:59","modified_gmt":"2023-06-06T10:51:59","slug":"calendari-proces-de-preinscripcio-i-matricula-curs-23-24","status":"publish","type":"post","link":"https:\/\/agora.xtec.cat\/cfasegria\/general\/calendari-proces-de-preinscripcio-i-matricula-curs-23-24\/","title":{"rendered":"Calendari proc\u00e9s de Preinscripci\u00f3 i matr\u00edcula curs 23-24"},"content":{"rendered":"<p>CALENDARI DE PREINSCRIPCI\u00d3 I MATR\u00cdCULA CURS 23-24<\/p>\n<table class=\"ms-rteTable-7\" style=\"width: 100%; height: 515px;\" width=\"100%\" cellspacing=\"0\">\n<tbody>\n<tr class=\"ms-rteTableHeaderRow-7\" style=\"height: 56px;\">\n<th class=\"ms-rteTableHeaderFirstCol-7\" style=\"width: 58.5652%; height: 56px;\">\n<h2><span class=\"ms-rteThemeForeColor-1-0\"><strong>F\u200b\u200bases de la preinscripci\u00f3<\/strong><br \/>\n<\/span><\/h2>\n<\/th>\n<th class=\"ms-rteTableHeaderOddCol-7\" style=\"width: 41.2884%; height: 56px;\">\n<h2><span class=\"ms-rteThemeForeColor-1-0\"><strong>Dates<\/strong><\/span><\/h2>\n<\/th>\n<\/tr>\n<tr class=\"ms-rteTableOddRow-7\" style=\"height: 35px;\">\n<th class=\"ms-rteTableFirstCol-7\" style=\"width: 58.5652%; height: 35px; text-align: right;\">Publicaci\u00f3 de l&#8217;oferta d&#8217;ensenyaments<\/th>\n<td class=\"ms-rteTableOddCol-7\" style=\"width: 41.2884%; height: 35px;\">24 de maig<\/td>\n<\/tr>\n<tr class=\"ms-rteTableEvenRow-7\" style=\"height: 56px;\">\n<th class=\"ms-rteTableFirstCol-7\" style=\"width: 58.5652%; height: 56px; text-align: right;\">Reserva per a alumnat del centre<\/th>\n<td class=\"ms-rteTableOddCol-7\" style=\"width: 41.2884%; height: 56px;\">\u00a0De l&#8217;1 al 9 de juny<\/td>\n<\/tr>\n<tr class=\"ms-rteTableOddRow-7\" style=\"height: 56px;\">\n<th class=\"ms-rteTableFirstCol-7\" style=\"width: 58.5652%; height: 56px; text-align: right;\">Difusi\u00f3 de les vacants<\/th>\n<td class=\"ms-rteTableOddCol-7\" style=\"width: 41.2884%; height: 56px;\">15\u00a0de juny<\/td>\n<\/tr>\n<tr class=\"ms-rteTableEvenRow-7\" style=\"height: 56px;\">\n<th class=\"ms-rteTableFirstCol-7\" style=\"width: 58.5652%; height: 56px; text-align: right;\">Proc\u00e9s de informaci\u00f3 i orientaci\u00f3 en el centre<\/th>\n<td class=\"ms-rteTableOddCol-7\" style=\"width: 41.2884%; height: 56px;\">Del 29\u00a0de maig al 19 de juny<\/td>\n<\/tr>\n<tr class=\"ms-rteTableOddRow-7\" style=\"height: 32px;\">\n<th class=\"ms-rteTableFirstCol-7\" style=\"width: 58.5652%; height: 32px; text-align: right;\"><strong style=\"background-color: #ffffff;\">Presentaci\u00f3 de sol\u00b7licituds<\/strong><\/th>\n<td class=\"ms-rteTableOddCol-7\" style=\"width: 41.2884%; height: 32px;\"><strong style=\"background-color: #ffffff;\">Del 20 al 28\u00a0\u200bde juny<\/strong><\/td>\n<\/tr>\n<tr class=\"ms-rteTableEvenRow-7\" style=\"height: 32px;\">\n<th class=\"ms-rteTableFirstCol-7\" style=\"width: 58.5652%; height: 32px; text-align: right;\"><span style=\"font-weight: 400;\">Llistes amb el barem provisional<\/span><\/th>\n<td class=\"ms-rteTableOddCol-7\" style=\"width: 41.2884%; height: 32px;\">4 de juliol<\/td>\n<\/tr>\n<tr class=\"ms-rteTableOddRow-7\" style=\"height: 32px;\">\n<th class=\"ms-rteTableFirstCol-7\" style=\"width: 58.5652%; height: 32px; text-align: right;\"><strong>Sorteig<\/strong><\/th>\n<td class=\"ms-rteTableOddCol-7\" style=\"width: 41.2884%; height: 32px;\"><strong>5\u00a0de juliol<\/strong><\/td>\n<\/tr>\n<tr class=\"ms-rteTableEvenRow-7\" style=\"height: 32px;\">\n<th class=\"ms-rteTableFirstCol-7\" style=\"width: 58.5652%; height: 32px; text-align: right;\"><span style=\"font-weight: 400;\">Reclamacions<\/span><\/th>\n<td class=\"ms-rteTableOddCol-7\" style=\"width: 41.2884%; height: 32px;\">Del 4 al 7 de juliol<\/td>\n<\/tr>\n<tr class=\"ms-rteTableOddRow-7\" style=\"height: 32px;\">\n<th class=\"ms-rteTableFirstCol-7\" style=\"width: 58.5652%; height: 32px; text-align: right;\"><span style=\"font-weight: 400; background-color: #ffffff;\">Llistes amb el barem definitiu<\/span><\/th>\n<td class=\"ms-rteTableOddCol-7\" style=\"width: 41.2884%; height: 32px;\"><span style=\"background-color: #ffffff;\">11 de juliol<\/span><\/td>\n<\/tr>\n<tr class=\"ms-rteTableEvenRow-7\" style=\"height: 32px;\">\n<th class=\"ms-rteTableFirstCol-7\" style=\"width: 58.5652%; height: 32px; text-align: right;\"><span style=\"font-weight: 400; background-color: #f9f9f9;\">Publicaci\u00f3 de les llistes d&#8217;admesos<\/span><\/th>\n<td class=\"ms-rteTableOddCol-7\" style=\"width: 41.2884%; height: 32px;\"><span style=\"background-color: #f9f9f9;\">14\u00a0de juliol<\/span><\/td>\n<\/tr>\n<tr class=\"ms-rteTableOddRow-7\" style=\"height: 32px;\">\n<th class=\"ms-rteTableFirstCol-7\" style=\"width: 58.5652%; height: 32px; text-align: right;\"><strong><span style=\"background-color: #ffffff;\">Per\u00edode de matriculaci\u00f3<\/span><\/strong><\/th>\n<td class=\"ms-rteTableOddCol-7\" style=\"width: 41.2884%; height: 32px;\"><strong><span style=\"background-color: #ffffff;\">Del 4 al 8\u00a0de setembre<\/span><\/strong><\/td>\n<\/tr>\n<tr class=\"ms-rteTableEvenRow-7\" style=\"height: 32px;\">\n<th class=\"ms-rteTableFirstCol-7\" style=\"width: 58.5652%; height: 32px; text-align: right;\"><strong><span style=\"background-color: #f9f9f9;\">Matricula de l&#8217;alumnat de la llista d&#8217;espera<\/span><\/strong><\/th>\n<td class=\"ms-rteTableOddCol-7\" style=\"width: 41.2884%; height: 32px;\"><strong><span style=\"background-color: #f9f9f9;\">Del 12 al 15 de setembre<\/span><\/strong><\/td>\n<\/tr>\n<\/tbody>\n<\/table>\n","protected":false},"excerpt":{"rendered":"<p>CALENDARI DE PREINSCRIPCI\u00d3 I MATR\u00cdCULA CURS 23-24<\/p>\n<p>F\u200b\u200bases de la preinscripci\u00f3<\/p>\n<p>Dates<\/p>\n<p>Publicaci\u00f3 de l&#8217;oferta d&#8217;ensenyaments<br \/>\n24 de maig<\/p>\n<p>Reserva per a alumnat del centre<br \/>\n\u00a0De l&#8217;1 al 9 de juny<\/p>\n<p>Difusi\u00f3 de les vacants<br \/>\n15\u00a0de juny<\/p>\n<p>Proc\u00e9s de informaci\u00f3 i orientaci\u00f3 en el centre<br \/>\nDel 29\u00a0de maig al 19 de juny<\/p>\n<p>Presentaci\u00f3 de sol\u00b7licituds<br \/>\nDel 20&hellip;  <a href=\"https:\/\/agora.xtec.cat\/cfasegria\/general\/calendari-proces-de-preinscripcio-i-matricula-curs-23-24\/\" title=\"Read Calendari proc\u00e9s de Preinscripci\u00f3 i matr\u00edcula curs 23-24\">Llegeix m\u00e9s\u00bb<\/a><\/p>\n","protected":false},"author":1,"featured_media":0,"comment_status":"closed","ping_status":"closed","sticky":false,"template":"","format":"standard","meta":{"_bbp_topic_count":0,"_bbp_reply_count":0,"_bbp_total_topic_count":0,"_bbp_total_reply_count":0,"_bbp_voice_count":0,"_bbp_anonymous_reply_count":0,"_bbp_topic_count_hidden":0,"_bbp_reply_count_hidden":0,"_bbp_forum_subforum_count":0,"footnotes":""},"categories":[1,29],"tags":[],"class_list":["post-1356","post","type-post","status-publish","format-standard","hentry","category-general","category-portada"],"post_mailing_queue_ids":[],"_links":{"self":[{"href":"https:\/\/agora.xtec.cat\/cfasegria\/wp-json\/wp\/v2\/posts\/1356","targetHints":{"allow":["GET"]}}],"collection":[{"href":"https:\/\/agora.xtec.cat\/cfasegria\/wp-json\/wp\/v2\/posts"}],"about":[{"href":"https:\/\/agora.xtec.cat\/cfasegria\/wp-json\/wp\/v2\/types\/post"}],"author":[{"embeddable":true,"href":"https:\/\/agora.xtec.cat\/cfasegria\/wp-json\/wp\/v2\/users\/1"}],"replies":[{"embeddable":true,"href":"https:\/\/agora.xtec.cat\/cfasegria\/wp-json\/wp\/v2\/comments?post=1356"}],"version-history":[{"count":3,"href":"https:\/\/agora.xtec.cat\/cfasegria\/wp-json\/wp\/v2\/posts\/1356\/revisions"}],"predecessor-version":[{"id":1373,"href":"https:\/\/agora.xtec.cat\/cfasegria\/wp-json\/wp\/v2\/posts\/1356\/revisions\/1373"}],"wp:attachment":[{"href":"https:\/\/agora.xtec.cat\/cfasegria\/wp-json\/wp\/v2\/media?parent=1356"}],"wp:term":[{"taxonomy":"category","embeddable":true,"href":"https:\/\/agora.xtec.cat\/cfasegria\/wp-json\/wp\/v2\/categories?post=1356"},{"taxonomy":"post_tag","embeddable":true,"href":"https:\/\/agora.xtec.cat\/cfasegria\/wp-json\/wp\/v2\/tags?post=1356"}],"curies":[{"name":"wp","href":"https:\/\/api.w.org\/{rel}","templated":true}]}}