{"id":1319,"date":"2022-09-04T20:22:46","date_gmt":"2022-09-04T18:22:46","guid":{"rendered":"https:\/\/agora.xtec.cat\/cfasegria\/?p=1319"},"modified":"2023-01-31T10:34:50","modified_gmt":"2023-01-31T09:34:50","slug":"matricula-curs-22-23","status":"publish","type":"post","link":"https:\/\/agora.xtec.cat\/cfasegria\/general\/matricula-curs-22-23\/","title":{"rendered":"Matr\u00edcula curs 22-23"},"content":{"rendered":"<p>Aqu\u00ed teniu les dates de matriculaci\u00f3, depenent si els curs passat vau reservar la vostra pla\u00e7a, si vau fer la preinscripci\u00f3 al juny o si no heu fet cap tr\u00e0mit amb nosaltres encara.<\/p>\n<div class=\"col content-col\">\n<div class=\"bloc-mobil\">\n<div class=\"descripcio\">\n<table style=\"height: 656px; width: 66.3076%; border-style: solid; border-color: #030000; background-color: #eef59f;\">\n<tbody>\n<tr style=\"height: 48px;\">\n<td style=\"height: 48px; width: 64.4373%;\" colspan=\"4\">\n<h4 style=\"text-align: center;\"><b>MATRICULACI\u00d3<\/b><\/h4>\n<\/td>\n<\/tr>\n<tr style=\"height: 52px;\">\n<td style=\"height: 366px; width: 17.8461%;\" rowspan=\"5\"><b>2 al 9 de setembre<\/b><\/p>\n<p><b>Sense cita pr\u00e8via<\/b><\/p>\n<p><i>Per a alumnat adm\u00e8s a la preinscripci\u00f3 del juliol<\/i><\/p>\n<p>HORARI :<\/p>\n<p>10 A 13 I 17 A 20<\/td>\n<td style=\"height: 52px; width: 46.5912%;\" colspan=\"3\"><b>2 DE SETEMBRE NOM\u00c9S MATR\u00cdCULA DE CONTINU\u00cfTAT &#8211; PAGAMENT<\/b><\/td>\n<\/tr>\n<tr style=\"height: 35px;\">\n<td style=\"height: 35px; width: 46.5912%;\" colspan=\"3\"><b>COMPETIC: \u00a0 5\u00a0 I 6 DE SETEMBRE<\/b><\/td>\n<\/tr>\n<tr style=\"height: 52px;\">\n<td style=\"height: 52px; width: 46.5912%;\" colspan=\"3\"><b>ACC\u00c9S UNIVERSITAT:\u00a0 \u00a0 6 i 7 SETEMBRE<\/b><\/td>\n<\/tr>\n<tr style=\"height: 35px;\">\n<td style=\"height: 35px; width: 46.5912%;\" colspan=\"3\"><b>ANGL\u00c8S:\u00a0 7 i 8 SETEMBRE<\/b><\/td>\n<\/tr>\n<tr style=\"height: 192px;\">\n<td style=\"height: 192px; width: 46.5912%;\" colspan=\"3\"><b><b><b>5 AL 9 SETEMBRE:<\/b><\/b><\/b><\/p>\n<ul>\n<li aria-level=\"1\"><b>A<\/b><b>CC\u00c9S GRAU MITJ\u00c0 I GRAU SUPERIOR<\/b><\/li>\n<li aria-level=\"1\"><b>CATAL\u00c0, CASTELL\u00c0<\/b><\/li>\n<li aria-level=\"1\"><b>CICLE DE FORMACI\u00d3 INSTRUMENTAL<\/b><\/li>\n<li aria-level=\"1\"><b>GRADUAT EDUCACI\u00d3 SECUND\u00c0RIA\u00a0 \u00a0 \u00a0 \u00a0 \u00a0 \u00a0 \u00a0 \u00a0 \u00a0 \u00a0 \u00a0 \u00a0 \u00a0 \u00a0 \u00a0 \u00a0 \u00a0 \u00a0 \u00a0 \u00a0 \u00a0<\/b><\/li>\n<\/ul>\n<\/td>\n<\/tr>\n<tr style=\"height: 173px;\">\n<td style=\"height: 173px; width: 17.8461%;\"><b>12 de setembre<\/b><\/td>\n<td style=\"height: 173px; width: 46.5912%;\" colspan=\"3\">Matr\u00edcula d\u2019alumnat de la llista d\u2019espera.<\/p>\n<p><i>Per a l\u2019alumnat que va quedar a la llista d\u2019espera del 15 de juliol i <\/i><\/p>\n<p><i>que sigui avisat per tel\u00e8fon.<\/i><\/td>\n<\/tr>\n<tr style=\"height: 69px;\">\n<td style=\"height: 69px; width: 17.8461%;\"><b>A partir del 13 de setembre<\/b><\/td>\n<td style=\"height: 69px; width: 46.5912%;\" colspan=\"3\"><span style=\"color: #ff0000;\"><strong>Matr\u00edcula oberta amb cita pr\u00e8via<\/strong><\/span><\/p>\n<p><i>Segons places vacants<\/i><\/td>\n<\/tr>\n<\/tbody>\n<\/table>\n<table style=\"width: 48.3237%;\">\n<thead>\n<tr>\n<th style=\"width: 48.9051%;\" rowspan=\"3\"><b>IMPORT APORTACI\u00d3 DE L\u2019ALUMNAT<\/b><\/th>\n<th style=\"width: 41.7883%;\">Cicle de Formaci\u00f3 Instrumental<\/th>\n<th style=\"width: 20.438%;\"><i>10\u20ac<\/i><\/th>\n<\/tr>\n<tr>\n<th style=\"width: 41.7883%;\">Catal\u00e0 \/ Angl\u00e8s \/ COMPETIC<\/th>\n<th style=\"width: 20.438%;\"><i>20\u20ac<\/i><\/th>\n<\/tr>\n<tr>\n<th style=\"width: 41.7883%;\">Castell\u00e0 \/ Proves d\u2019acc\u00e9s\u00a0 \/<\/p>\n<p>Graduat en Secund\u00e0ria<\/th>\n<th style=\"width: 20.438%;\"><i>30\u20ac<\/i><\/th>\n<\/tr>\n<\/thead>\n<\/table>\n<p><strong>INICI DE CLASSES: 19 DE SETEMBRE<\/strong><\/p>\n<p><strong>DOCUMENTACI\u00d3 NECESS\u00c0RIA ( A TOTS ELS ENSENYAMENTS):\u00a0<\/strong><\/p>\n<ul>\n<li><strong>DNI, NIE o passaport. Original i fotoc\u00f2pia per les dues cares.<\/strong><\/li>\n<li><strong>1 FOTO RECENT MIDA CARNET<\/strong><\/li>\n<li>COMPETIC 3: Certificat Competic 2\/Actic mitj\u00e0<\/li>\n<li>SECUND\u00c0RIA: certificat d&#8217;estudis (Graduat Escolar, Expedient acad\u00e8mic de l&#8217;ESO&#8230;)<\/li>\n<li>Menors d&#8217;edat: <a href=\"http:\/\/agora.xtec.cat\/cfasegria\/el-centre\/preinscripcio-i-matricula\/acces-de-menors-dedat-a-la-formacio-de-persones-adultes\/\">consulteu la documentaci\u00f3 aqu\u00ed.<\/a><\/li>\n<\/ul>\n<table style=\"width: 43.1938%;\" width=\"955\">\n<tbody>\n<tr>\n<td style=\"width: 100%;\" rowspan=\"2\">\n<h5><strong>MATR\u00cdCUL<\/strong>A<strong>\u00a0 ESO A DIST\u00c0NCIA -IOC<\/strong><\/h5>\n<p><strong><br \/>\n<\/strong><strong>Cita pr\u00e8via al tel\u00e8fon 973 205147<\/strong><\/p>\n<p><a href=\"https:\/\/ioc.xtec.cat\/educacio\/ges\">https:\/\/ioc.xtec.cat\/educacio\/ges<\/a><\/p>\n<p>Trimestre tardor 2022:<\/p>\n<p>Matr\u00edcula del 2 al 8 de setembre.<\/p>\n<p>Truca&#8217;ns per demana dia i hora.<\/p>\n<p>Inici de classes 22 de setembre<\/td>\n<\/tr>\n<\/tbody>\n<\/table>\n<\/div>\n<\/div>\n<\/div>\n<p><!--more--><\/p>\n","protected":false},"excerpt":{"rendered":"<p>Aqu\u00ed teniu les dates de matriculaci\u00f3, depenent si els curs passat vau reservar la vostra pla\u00e7a, si vau fer la preinscripci\u00f3 al juny o si no heu fet cap tr\u00e0mit amb nosaltres encara.<\/p>\n<p>MATRICULACI\u00d3<\/p>\n<p>2 al 9 de setembre<br \/>\nSense cita pr\u00e8via<br \/>\nPer a alumnat adm\u00e8s a la preinscripci\u00f3&hellip;  <a href=\"https:\/\/agora.xtec.cat\/cfasegria\/general\/matricula-curs-22-23\/\" title=\"Read Matr\u00edcula curs 22-23\">Llegeix m\u00e9s\u00bb<\/a><\/p>\n","protected":false},"author":1,"featured_media":0,"comment_status":"open","ping_status":"closed","sticky":false,"template":"","format":"standard","meta":{"_bbp_topic_count":0,"_bbp_reply_count":0,"_bbp_total_topic_count":0,"_bbp_total_reply_count":0,"_bbp_voice_count":0,"_bbp_anonymous_reply_count":0,"_bbp_topic_count_hidden":0,"_bbp_reply_count_hidden":0,"_bbp_forum_subforum_count":0,"footnotes":""},"categories":[1,29],"tags":[],"class_list":["post-1319","post","type-post","status-publish","format-standard","hentry","category-general","category-portada"],"post_mailing_queue_ids":[],"_links":{"self":[{"href":"https:\/\/agora.xtec.cat\/cfasegria\/wp-json\/wp\/v2\/posts\/1319","targetHints":{"allow":["GET"]}}],"collection":[{"href":"https:\/\/agora.xtec.cat\/cfasegria\/wp-json\/wp\/v2\/posts"}],"about":[{"href":"https:\/\/agora.xtec.cat\/cfasegria\/wp-json\/wp\/v2\/types\/post"}],"author":[{"embeddable":true,"href":"https:\/\/agora.xtec.cat\/cfasegria\/wp-json\/wp\/v2\/users\/1"}],"replies":[{"embeddable":true,"href":"https:\/\/agora.xtec.cat\/cfasegria\/wp-json\/wp\/v2\/comments?post=1319"}],"version-history":[{"count":4,"href":"https:\/\/agora.xtec.cat\/cfasegria\/wp-json\/wp\/v2\/posts\/1319\/revisions"}],"predecessor-version":[{"id":1353,"href":"https:\/\/agora.xtec.cat\/cfasegria\/wp-json\/wp\/v2\/posts\/1319\/revisions\/1353"}],"wp:attachment":[{"href":"https:\/\/agora.xtec.cat\/cfasegria\/wp-json\/wp\/v2\/media?parent=1319"}],"wp:term":[{"taxonomy":"category","embeddable":true,"href":"https:\/\/agora.xtec.cat\/cfasegria\/wp-json\/wp\/v2\/categories?post=1319"},{"taxonomy":"post_tag","embeddable":true,"href":"https:\/\/agora.xtec.cat\/cfasegria\/wp-json\/wp\/v2\/tags?post=1319"}],"curies":[{"name":"wp","href":"https:\/\/api.w.org\/{rel}","templated":true}]}}