{"id":1238,"date":"2022-02-02T09:15:13","date_gmt":"2022-02-02T08:15:13","guid":{"rendered":"https:\/\/agora.xtec.cat\/cfasegria\/?p=1238"},"modified":"2022-03-15T16:32:15","modified_gmt":"2022-03-15T15:32:15","slug":"propera-matricula-eso-a-distancia","status":"publish","type":"post","link":"https:\/\/agora.xtec.cat\/cfasegria\/general\/propera-matricula-eso-a-distancia\/","title":{"rendered":"Propera matr\u00edcula ESO a dist\u00e0ncia"},"content":{"rendered":"<h4>PROPERA MATR\u00cdCULA IOC &#8211; Graduat en secund\u00e0ria per a adults a dist\u00e0ncia<\/h4>\n<div class=\"study-dates\">\n<h3>TRIMESTRE DE PRIMAVERA 2022<\/h3>\n<div class=\"study-block\">\n<div class=\"semiheader\"><strong>ALUMNAT NOU<\/strong><\/div>\n<div><\/div>\n<div class=\"study-date\" style=\"text-align: justify;\">Preinscripci\u00f3 presencial del <strong>14-18 febrer<\/strong><\/div>\n<div class=\"study-date\" style=\"text-align: justify;\"><strong><span style=\"color: #993300;\">Entrevista: Truqueu pr\u00e8viament al centre per concertar dia i hora<\/span><\/strong><\/div>\n<div><\/div>\n<div class=\"study-date\">Tel\u00e8fon 973 205147<\/div>\n<div><\/div>\n<div class=\"study-date\" style=\"text-align: justify;\">Documents: DNI, NIE o passaport i certificats acad\u00e8mics d&#8217;estudis previs (EGB, ESO&#8230;), si s&#8217;escau,\u00a0 targetes de discapacitat, fam\u00edlia nombrosa,&#8230;<\/div>\n<div><\/div>\n<div class=\"study-date\">Pagament: 14-22 febrer<\/div>\n<div><\/div>\n<div><\/div>\n<\/div>\n<div class=\"study-block\">\n<div class=\"semiheader\" style=\"text-align: justify;\"><strong>ALUMNAT ANTIC<\/strong><\/div>\n<div><\/div>\n<div class=\"study-date\"><span style=\"color: #993300;\">Matr\u00edcula: 25-31 de mar\u00e7<\/span><\/div>\n<div class=\"study-date\">\n<span style=\"color: #993300;\">Pagament: 25 de mar\u00e7-4 d&#8217;abril<\/span><\/div>\n<div><\/div>\n<div>Truqueu al centre o envieu un missatge amb els m\u00f2duls que voldreu estudiar.<\/div>\n<\/div>\n<\/div>\n<div><\/div>\n<div class=\"study-dates\">\n<div class=\"study-block\">\n<h3>TRIMESTRE DE PRIMAVERA 22 a l&#8217;IOC<\/h3>\n<div class=\"study-block\">\n<div class=\"semiheader\">Del\u00a0 19 d&#8217;abril de 2022 al 23 de juny de 2022<\/div>\n<div><\/div>\n<\/div>\n<div><a href=\"https:\/\/agora.xtec.cat\/cfasegria\/wp-content\/uploads\/usu745\/2022\/01\/IOC_centre_col-1024x464-1.jpg\"><img loading=\"lazy\" decoding=\"async\" class=\"aligncenter wp-image-1239\" src=\"https:\/\/agora.xtec.cat\/cfasegria\/wp-content\/uploads\/usu745\/2022\/01\/IOC_centre_col-1024x464-1-300x136.jpg\" alt=\"\" width=\"150\" height=\"68\" srcset=\"https:\/\/agora.xtec.cat\/cfasegria\/wp-content\/uploads\/usu745\/2022\/01\/IOC_centre_col-1024x464-1-300x136.jpg 300w, https:\/\/agora.xtec.cat\/cfasegria\/wp-content\/uploads\/usu745\/2022\/01\/IOC_centre_col-1024x464-1-768x348.jpg 768w, https:\/\/agora.xtec.cat\/cfasegria\/wp-content\/uploads\/usu745\/2022\/01\/IOC_centre_col-1024x464-1.jpg 1024w\" sizes=\"auto, (max-width: 150px) 100vw, 150px\" \/><\/a><\/div>\n<\/div>\n<\/div>\n","protected":false},"excerpt":{"rendered":"<p>PROPERA MATR\u00cdCULA IOC &#8211; Graduat en secund\u00e0ria per a adults a dist\u00e0ncia<\/p>\n<p>TRIMESTRE DE PRIMAVERA 2022<\/p>\n<p>ALUMNAT NOU<\/p>\n<p>Preinscripci\u00f3 presencial del 14-18 febrer<br \/>\nEntrevista: Truqueu pr\u00e8viament al centre per concertar dia i hora<\/p>\n<p>Tel\u00e8fon 973 205147<\/p>\n<p>Documents: DNI, NIE o passaport i certificats acad\u00e8mics d&#8217;estudis previs (EGB, ESO&#8230;), si s&#8217;escau,\u00a0 targetes&hellip;  <a href=\"https:\/\/agora.xtec.cat\/cfasegria\/general\/propera-matricula-eso-a-distancia\/\" title=\"Read Propera matr\u00edcula ESO a dist\u00e0ncia\">Llegeix m\u00e9s\u00bb<\/a><\/p>\n","protected":false},"author":1,"featured_media":0,"comment_status":"open","ping_status":"closed","sticky":false,"template":"","format":"standard","meta":{"_bbp_topic_count":0,"_bbp_reply_count":0,"_bbp_total_topic_count":0,"_bbp_total_reply_count":0,"_bbp_voice_count":0,"_bbp_anonymous_reply_count":0,"_bbp_topic_count_hidden":0,"_bbp_reply_count_hidden":0,"_bbp_forum_subforum_count":0,"footnotes":""},"categories":[97,1,29],"tags":[],"class_list":["post-1238","post","type-post","status-publish","format-standard","hentry","category-eso","category-general","category-portada"],"post_mailing_queue_ids":[],"_links":{"self":[{"href":"https:\/\/agora.xtec.cat\/cfasegria\/wp-json\/wp\/v2\/posts\/1238","targetHints":{"allow":["GET"]}}],"collection":[{"href":"https:\/\/agora.xtec.cat\/cfasegria\/wp-json\/wp\/v2\/posts"}],"about":[{"href":"https:\/\/agora.xtec.cat\/cfasegria\/wp-json\/wp\/v2\/types\/post"}],"author":[{"embeddable":true,"href":"https:\/\/agora.xtec.cat\/cfasegria\/wp-json\/wp\/v2\/users\/1"}],"replies":[{"embeddable":true,"href":"https:\/\/agora.xtec.cat\/cfasegria\/wp-json\/wp\/v2\/comments?post=1238"}],"version-history":[{"count":3,"href":"https:\/\/agora.xtec.cat\/cfasegria\/wp-json\/wp\/v2\/posts\/1238\/revisions"}],"predecessor-version":[{"id":1245,"href":"https:\/\/agora.xtec.cat\/cfasegria\/wp-json\/wp\/v2\/posts\/1238\/revisions\/1245"}],"wp:attachment":[{"href":"https:\/\/agora.xtec.cat\/cfasegria\/wp-json\/wp\/v2\/media?parent=1238"}],"wp:term":[{"taxonomy":"category","embeddable":true,"href":"https:\/\/agora.xtec.cat\/cfasegria\/wp-json\/wp\/v2\/categories?post=1238"},{"taxonomy":"post_tag","embeddable":true,"href":"https:\/\/agora.xtec.cat\/cfasegria\/wp-json\/wp\/v2\/tags?post=1238"}],"curies":[{"name":"wp","href":"https:\/\/api.w.org\/{rel}","templated":true}]}}