{"id":1234,"date":"2022-03-15T12:54:07","date_gmt":"2022-03-15T11:54:07","guid":{"rendered":"https:\/\/agora.xtec.cat\/cfasegria\/?p=1234"},"modified":"2022-03-15T16:29:44","modified_gmt":"2022-03-15T15:29:44","slug":"estudis-amb-matricula-trimestral","status":"publish","type":"post","link":"https:\/\/agora.xtec.cat\/cfasegria\/general\/estudis-amb-matricula-trimestral\/","title":{"rendered":"Estudis amb matr\u00edcula trimestral"},"content":{"rendered":"<h5><strong>Properament obrirem de nou matr\u00edcula per als seg\u00fcents estudis:<\/strong><\/h5>\n<p>&nbsp;<\/p>\n<ul>\n<li><strong>GRADUAT EN EDUCACI\u00d3 SECUND\u00c0RIA presencial: torns de mat\u00ed o tarda,<\/strong><\/li>\n<li style=\"list-style-type: none;\">\n<ul>\n<li>M\u00e9s informaci\u00f3: <a href=\"https:\/\/agora.xtec.cat\/cfasegria\/el-centre\/ensenyaments\/graduat-en-educacio-secundaria-per-adults\/\">llegeix aqu\u00ed<\/a><\/li>\n<li>Matr\u00edcula del 21 al 25 de mar\u00e7 amb cita pr\u00e8via al Tel\u00e8fon 973 205147.<\/li>\n<\/ul>\n<\/li>\n<li><strong>INFORM\u00c0TICA\/COMPETIC 3 &#8211; equivalent amb ACTIC avan\u00e7at<\/strong> (presencial o semi-presencial):<\/li>\n<li style=\"list-style-type: none;\">\n<ul>\n<li style=\"list-style-type: none;\">\n<ul>\n<li>3r TRIMESTRE -COMPET\u00c8NCIA C6: Tractament de la informaci\u00f3 num\u00e8rica.<\/li>\n<\/ul>\n<\/li>\n<li>Cita pr\u00e8via al 973 205147, <a href=\"https:\/\/agora.xtec.cat\/cfasegria\/el-centre\/ensenyaments\/competencia-digital-competic\/\">m\u00e9s informaci\u00f3 en aquesta p\u00e0gina.<\/a><\/li>\n<\/ul>\n<\/li>\n<\/ul>\n","protected":false},"excerpt":{"rendered":"<p>Properament obrirem de nou matr\u00edcula per als seg\u00fcents estudis:<br \/>\n&nbsp;<\/p>\n<ul>\n<li>GRADUAT EN EDUCACI\u00d3 SECUND\u00c0RIA presencial: torns de mat\u00ed o tarda,<\/li>\n<li style=\"list-style-type: none;\">\n<ul>\n<li>M\u00e9s informaci\u00f3: <a href=\"https:\/\/agora.xtec.cat\/cfasegria\/el-centre\/ensenyaments\/graduat-en-educacio-secundaria-per-adults\/\">llegeix aqu\u00ed<\/a><\/li>\n<li>Matr\u00edcula del 21 al 25 de mar\u00e7 amb cita pr\u00e8via al Tel\u00e8fon 973 205147.<\/li>\n<\/ul>\n<\/li>\n<li>INFORM\u00c0TICA\/COMPETIC 3 &#8211; equivalent amb ACTIC avan\u00e7at (presencial o&hellip;  <a href=\"https:\/\/agora.xtec.cat\/cfasegria\/general\/estudis-amb-matricula-trimestral\/\" title=\"Read Estudis amb matr\u00edcula trimestral\">Llegeix m\u00e9s\u00bb<\/a><br \/>\n","protected":false},"author":1,"featured_media":0,"comment_status":"closed","ping_status":"closed","sticky":false,"template":"","format":"standard","meta":{"_bbp_topic_count":0,"_bbp_reply_count":0,"_bbp_total_topic_count":0,"_bbp_total_reply_count":0,"_bbp_voice_count":0,"_bbp_anonymous_reply_count":0,"_bbp_topic_count_hidden":0,"_bbp_reply_count_hidden":0,"_bbp_forum_subforum_count":0,"footnotes":""},"categories":[98,97,1,96,29],"tags":[],"class_list":["post-1234","post","type-post","status-publish","format-standard","hentry","category-competic","category-eso","category-general","category-informatica","category-portada"],"post_mailing_queue_ids":[],"_links":{"self":[{"href":"https:\/\/agora.xtec.cat\/cfasegria\/wp-json\/wp\/v2\/posts\/1234","targetHints":{"allow":["GET"]}}],"collection":[{"href":"https:\/\/agora.xtec.cat\/cfasegria\/wp-json\/wp\/v2\/posts"}],"about":[{"href":"https:\/\/agora.xtec.cat\/cfasegria\/wp-json\/wp\/v2\/types\/post"}],"author":[{"embeddable":true,"href":"https:\/\/agora.xtec.cat\/cfasegria\/wp-json\/wp\/v2\/users\/1"}],"replies":[{"embeddable":true,"href":"https:\/\/agora.xtec.cat\/cfasegria\/wp-json\/wp\/v2\/comments?post=1234"}],"version-history":[{"count":2,"href":"https:\/\/agora.xtec.cat\/cfasegria\/wp-json\/wp\/v2\/posts\/1234\/revisions"}],"predecessor-version":[{"id":1244,"href":"https:\/\/agora.xtec.cat\/cfasegria\/wp-json\/wp\/v2\/posts\/1234\/revisions\/1244"}],"wp:attachment":[{"href":"https:\/\/agora.xtec.cat\/cfasegria\/wp-json\/wp\/v2\/media?parent=1234"}],"wp:term":[{"taxonomy":"category","embeddable":true,"href":"https:\/\/agora.xtec.cat\/cfasegria\/wp-json\/wp\/v2\/categories?post=1234"},{"taxonomy":"post_tag","embeddable":true,"href":"https:\/\/agora.xtec.cat\/cfasegria\/wp-json\/wp\/v2\/tags?post=1234"}],"curies":[{"name":"wp","href":"https:\/\/api.w.org\/{rel}","templated":true}]}}