{"id":1117,"date":"2021-05-25T14:24:09","date_gmt":"2021-05-25T12:24:09","guid":{"rendered":"http:\/\/agora.xtec.cat\/cfasegria\/?p=1117"},"modified":"2021-05-25T14:26:52","modified_gmt":"2021-05-25T12:26:52","slug":"xerrades-informatives-cfa-segria","status":"publish","type":"post","link":"https:\/\/agora.xtec.cat\/cfasegria\/general\/xerrades-informatives-cfa-segria\/","title":{"rendered":"Xerrades informatives CFA Segri\u00e0"},"content":{"rendered":"<div class=\"gmail_default\">\n<p><span style=\"color: #0000ff;\"><strong>L&#8217;OFERTA FORMATIVA DEL CENTRE DE FORMACI\u00d3 D&#8217;ADULTS SEGRI\u00c0 &#8211; LA BORDETA &#8211; LLEIDA CURS 21\/22<a href=\"https:\/\/forms.gle\/yhMHyYcq4q5MxfgT7\"><img loading=\"lazy\" decoding=\"async\" class=\"alignright wp-image-1119 size-full\" src=\"https:\/\/agora.xtec.cat\/cfasegria\/wp-content\/uploads\/usu745\/2021\/04\/baixa.png\" alt=\"\" width=\"256\" height=\"197\" \/><\/a><\/strong><\/span><\/p>\n<p><span style=\"color: #993300;\"><strong>\u00a0<\/strong><strong>Xerrades informatives en l\u00ednia <a href=\"https:\/\/forms.gle\/yhMHyYcq4q5MxfgT7\">(INSCRIU-T&#8217;HI)<\/a><\/strong><\/span><\/p>\n<p><strong><u>Dimarts, 1 de juny &#8211; 19h:<\/u><\/strong> Preparaci\u00f3 de proves d&#8217;acc\u00e9s a Cicles Formatius de Grau Mitj\u00e0, Superior i a la Universitat per a majors de 25 anys.<\/p>\n<p><strong><u>Dimecres, 2 de juny &#8211; 17h:<\/u><\/strong> Graduat d&#8217;Educaci\u00f3 Secund\u00e0ria per a adults.<\/p>\n<p><strong><u>Dijous, 3 de juny &#8211; 10h:<\/u><\/strong> Ensenyaments Inicials i b\u00e0sics (Catal\u00e0, Castell\u00e0 i Cicle de Formaci\u00f3 Instrumental &#8211; aprendre a llegir i escriure)<\/p>\n<p><strong><u>Dijous, 3 de juny &#8211; 18h: <\/u><\/strong>Inform\u00e0tica\/COMPETIC<\/p>\n<p><strong><u>Divendres, 4 de juny &#8211; 11h:<\/u><\/strong><strong>\u00a0 <\/strong>Angl\u00e8s<\/p>\n<p>Per assistir en l\u00ednia per videoconfer\u00e8ncia ja podeu inscriure-us <a href=\"https:\/\/forms.gle\/fAzrrUF8g65ATNqx9\">en aquest formulari.<\/a><\/p>\n<p>Per assistir-hi presencialment caldr\u00e0 reservar pr\u00e8viament al tel\u00e8fon del centre per reservar pla\u00e7a, ja que l&#8217;aforament ser\u00e0 molt limitat.\u00a0 (973 20 51 47)<\/p>\n<p>Seran unes sessions breus, on les persones docents us informarem de qu\u00e8 fem i podreu resoldre dubtes.<\/p>\n<\/div>\n<div class=\"gmail_default\"><\/div>\n","protected":false},"excerpt":{"rendered":"<p>L&#8217;OFERTA FORMATIVA DEL CENTRE DE FORMACI\u00d3 D&#8217;ADULTS SEGRI\u00c0 &#8211; LA BORDETA &#8211; LLEIDA CURS 21\/22<a href=\"https:\/\/forms.gle\/yhMHyYcq4q5MxfgT7\"><\/a><br \/>\n\u00a0Xerrades informatives en l\u00ednia <a href=\"https:\/\/forms.gle\/yhMHyYcq4q5MxfgT7\">(INSCRIU-T&#8217;HI)<\/a><br \/>\nDimarts, 1 de juny &#8211; 19h: Preparaci\u00f3 de proves d&#8217;acc\u00e9s a Cicles Formatius de Grau Mitj\u00e0, Superior i a la Universitat per a majors de&hellip;  <a href=\"https:\/\/agora.xtec.cat\/cfasegria\/general\/xerrades-informatives-cfa-segria\/\" title=\"Read Xerrades informatives CFA Segri\u00e0\">Llegeix m\u00e9s\u00bb<\/a><\/p>\n","protected":false},"author":1,"featured_media":0,"comment_status":"closed","ping_status":"closed","sticky":false,"template":"","format":"standard","meta":{"_bbp_topic_count":0,"_bbp_reply_count":0,"_bbp_total_topic_count":0,"_bbp_total_reply_count":0,"_bbp_voice_count":0,"_bbp_anonymous_reply_count":0,"_bbp_topic_count_hidden":0,"_bbp_reply_count_hidden":0,"_bbp_forum_subforum_count":0,"footnotes":""},"categories":[1,29],"tags":[],"class_list":["post-1117","post","type-post","status-publish","format-standard","hentry","category-general","category-portada"],"post_mailing_queue_ids":[],"_links":{"self":[{"href":"https:\/\/agora.xtec.cat\/cfasegria\/wp-json\/wp\/v2\/posts\/1117","targetHints":{"allow":["GET"]}}],"collection":[{"href":"https:\/\/agora.xtec.cat\/cfasegria\/wp-json\/wp\/v2\/posts"}],"about":[{"href":"https:\/\/agora.xtec.cat\/cfasegria\/wp-json\/wp\/v2\/types\/post"}],"author":[{"embeddable":true,"href":"https:\/\/agora.xtec.cat\/cfasegria\/wp-json\/wp\/v2\/users\/1"}],"replies":[{"embeddable":true,"href":"https:\/\/agora.xtec.cat\/cfasegria\/wp-json\/wp\/v2\/comments?post=1117"}],"version-history":[{"count":3,"href":"https:\/\/agora.xtec.cat\/cfasegria\/wp-json\/wp\/v2\/posts\/1117\/revisions"}],"predecessor-version":[{"id":1132,"href":"https:\/\/agora.xtec.cat\/cfasegria\/wp-json\/wp\/v2\/posts\/1117\/revisions\/1132"}],"wp:attachment":[{"href":"https:\/\/agora.xtec.cat\/cfasegria\/wp-json\/wp\/v2\/media?parent=1117"}],"wp:term":[{"taxonomy":"category","embeddable":true,"href":"https:\/\/agora.xtec.cat\/cfasegria\/wp-json\/wp\/v2\/categories?post=1117"},{"taxonomy":"post_tag","embeddable":true,"href":"https:\/\/agora.xtec.cat\/cfasegria\/wp-json\/wp\/v2\/tags?post=1117"}],"curies":[{"name":"wp","href":"https:\/\/api.w.org\/{rel}","templated":true}]}}