{"id":1099,"date":"2020-11-16T17:14:56","date_gmt":"2020-11-16T16:14:56","guid":{"rendered":"http:\/\/agora.xtec.cat\/cfasegria\/?p=1099"},"modified":"2020-11-16T17:15:17","modified_gmt":"2020-11-16T16:15:17","slug":"el-projecte-descobrim-el-segria","status":"publish","type":"post","link":"https:\/\/agora.xtec.cat\/cfasegria\/general\/el-projecte-descobrim-el-segria\/","title":{"rendered":"El projecte &#8220;Descobrim el Segri\u00e0&#8221;"},"content":{"rendered":"<p>El CFA Segri\u00e0 participa en el projecte <em>&#8220;Descobrim el Segri\u00e0&#8221;<\/em>, projecte endegat pel Centre d&#8217;Estudis Comarcals del Segri\u00e0 i el Centre de Recusros Pedag\u00f2gics del Segri\u00e0.<\/p>\n<p>L&#8217;objectiu final \u00e9s dotar els centres educatius d&#8217;una eina que faciliti la comprensi\u00f3 de la comarca i del seu patrimoni. Aix\u00ed a trav\u00e9s de la tranversalitat que permet la col\u00b7laboraci\u00f3 dels diferents \u00e0mbits educatius es creen recursos que fomenten el coneixement del territori.<\/p>\n<p>Els dos grups <strong>COMPETIC 2<\/strong> (mat\u00ed i tarda) participen en aquest projecte, tot <em>apadrinant<\/em> un espai emblem\u00e0tic de la ciutat de Lleida, molt proper al centre (abans de la mudan\u00e7a al barri de La Bordeta): Els Camps Elisis. Tots els alumnes que participen en el grup <strong>COMPETIC 2<\/strong> entre el periode 2019 &#8211; 2021 creen material propi que van ubicant en una <a href=\"https:\/\/sites.google.com\/view\/apadrinem-el-territori\/inici\" target=\"_blank\" rel=\"noopener noreferrer\">p\u00e0gina web<\/a> referent als Camps Elisis.<\/p>\n<p>El passats dies <strong>7 i 8 de novembre<\/strong> es va celebrar el <em>XII Congr\u00e8s de Centres d&#8217;Estudis de parla catalana<\/em>, on la <strong>Pilar Pelegr\u00ed<\/strong> va presentar el projecte, pel qual va rebre la felicitaci\u00f3 de la resta de ponents, tot animant-la a seguir en aquest repte de donar a con\u00e8ixer el patrimoni segrianenc a trav\u00e9s de l&#8217;escola d&#8217;adults.<\/p>\n<p>Felicitats Pilar, i endavant!!<\/p>\n","protected":false},"excerpt":{"rendered":"<p>El CFA Segri\u00e0 participa en el projecte &#8220;Descobrim el Segri\u00e0&#8221;, projecte endegat pel Centre d&#8217;Estudis Comarcals del Segri\u00e0 i el Centre de Recusros Pedag\u00f2gics del Segri\u00e0.<br \/>\nL&#8217;objectiu final \u00e9s dotar els centres educatius d&#8217;una eina que faciliti la comprensi\u00f3 de la comarca i del seu patrimoni.&hellip;  <a href=\"https:\/\/agora.xtec.cat\/cfasegria\/general\/el-projecte-descobrim-el-segria\/\" title=\"Read El projecte &#8220;Descobrim el Segri\u00e0&#8221;\">Llegeix m\u00e9s\u00bb<\/a><\/p>\n","protected":false},"author":1,"featured_media":0,"comment_status":"open","ping_status":"closed","sticky":false,"template":"","format":"standard","meta":{"_bbp_topic_count":0,"_bbp_reply_count":0,"_bbp_total_topic_count":0,"_bbp_total_reply_count":0,"_bbp_voice_count":0,"_bbp_anonymous_reply_count":0,"_bbp_topic_count_hidden":0,"_bbp_reply_count_hidden":0,"_bbp_forum_subforum_count":0,"footnotes":""},"categories":[1,29],"tags":[],"class_list":["post-1099","post","type-post","status-publish","format-standard","hentry","category-general","category-portada"],"post_mailing_queue_ids":[],"_links":{"self":[{"href":"https:\/\/agora.xtec.cat\/cfasegria\/wp-json\/wp\/v2\/posts\/1099","targetHints":{"allow":["GET"]}}],"collection":[{"href":"https:\/\/agora.xtec.cat\/cfasegria\/wp-json\/wp\/v2\/posts"}],"about":[{"href":"https:\/\/agora.xtec.cat\/cfasegria\/wp-json\/wp\/v2\/types\/post"}],"author":[{"embeddable":true,"href":"https:\/\/agora.xtec.cat\/cfasegria\/wp-json\/wp\/v2\/users\/1"}],"replies":[{"embeddable":true,"href":"https:\/\/agora.xtec.cat\/cfasegria\/wp-json\/wp\/v2\/comments?post=1099"}],"version-history":[{"count":3,"href":"https:\/\/agora.xtec.cat\/cfasegria\/wp-json\/wp\/v2\/posts\/1099\/revisions"}],"predecessor-version":[{"id":1102,"href":"https:\/\/agora.xtec.cat\/cfasegria\/wp-json\/wp\/v2\/posts\/1099\/revisions\/1102"}],"wp:attachment":[{"href":"https:\/\/agora.xtec.cat\/cfasegria\/wp-json\/wp\/v2\/media?parent=1099"}],"wp:term":[{"taxonomy":"category","embeddable":true,"href":"https:\/\/agora.xtec.cat\/cfasegria\/wp-json\/wp\/v2\/categories?post=1099"},{"taxonomy":"post_tag","embeddable":true,"href":"https:\/\/agora.xtec.cat\/cfasegria\/wp-json\/wp\/v2\/tags?post=1099"}],"curies":[{"name":"wp","href":"https:\/\/api.w.org\/{rel}","templated":true}]}}