{"id":1090,"date":"2020-11-05T19:24:04","date_gmt":"2020-11-05T18:24:04","guid":{"rendered":"http:\/\/agora.xtec.cat\/cfasegria\/?p=1090"},"modified":"2020-11-05T21:47:15","modified_gmt":"2020-11-05T20:47:15","slug":"nous-horaris-per-a-la-resta-del-trimestre","status":"publish","type":"post","link":"https:\/\/agora.xtec.cat\/cfasegria\/general\/nous-horaris-per-a-la-resta-del-trimestre\/","title":{"rendered":"Nous horaris per a la resta del trimestre."},"content":{"rendered":"<p>Ateses les darreres instruccions del <a href=\"http:\/\/ensenyament.gencat.cat\/ca\/inici\/nota-premsa\/20201029-comunicat-Departament-noves-mesures-sanitaries\">Departament d&#8217;Educaci\u00f3<\/a>, arran de la situaci\u00f3 sanit\u00e0ria, el professorat del CFA Segri\u00e0 hem adoptat noves mesures per tal de reduir la mobilitat del nostre alumnat, que s&#8217;afegeixen a les que ja pren\u00edem de reducci\u00f3 de r\u00e0tios, dist\u00e0ncia, mascareta, desinfecci\u00f3 i ventilaci\u00f3.<\/p>\n<p>Aix\u00ed doncs, a partir del dilluns 9 de novembre, els <a href=\"https:\/\/drive.google.com\/file\/d\/12l6zAY30KF8sYUf6sSl9-GOaE3EZQG_g\/view?usp=sharing\"><strong>nous horaris presencials<\/strong> s\u00f3n els que podeu consultar al taulell d&#8217;anuncis del centre i en aquest enlla\u00e7 <strong>(Clic aqu\u00ed).<\/strong><\/a><\/p>\n<p>Aquests horaris, en qu\u00e8 es redueix l&#8217;assist\u00e8ncia f\u00edsica a l&#8217;aula, es mantindran de moment fins a finals del primer trimestre.<\/p>\n<p>Tanmateix, la reducci\u00f3 de presencialitat al centre no vol dir que deixem de fer la feina. Com estan explicant els i les docents a les aules, la formaci\u00f3 es completar\u00e0 a trav\u00e9s de la<a href=\"https:\/\/educaciodigital.cat\/cfasegria\/moodle\/\"> plataforma Moodle del CFA Segri\u00e0<\/a>, i\/o amb altres mesures que el professorat estimi oportunes. \u00c9s molt important que ens mantinguem connectats i informats.<\/p>\n<p>Entre tots i totes, ens en sortirem!<\/p>\n<p>&nbsp;<\/p>\n<p>&nbsp;<\/p>\n","protected":false},"excerpt":{"rendered":"<p>Ateses les darreres instruccions del <a href=\"http:\/\/ensenyament.gencat.cat\/ca\/inici\/nota-premsa\/20201029-comunicat-Departament-noves-mesures-sanitaries\">Departament d&#8217;Educaci\u00f3<\/a>, arran de la situaci\u00f3 sanit\u00e0ria, el professorat del CFA Segri\u00e0 hem adoptat noves mesures per tal de reduir la mobilitat del nostre alumnat, que s&#8217;afegeixen a les que ja pren\u00edem de reducci\u00f3 de r\u00e0tios, dist\u00e0ncia, mascareta, desinfecci\u00f3&hellip;  <a href=\"https:\/\/agora.xtec.cat\/cfasegria\/general\/nous-horaris-per-a-la-resta-del-trimestre\/\" title=\"Read Nous horaris per a la resta del trimestre.\">Llegeix m\u00e9s\u00bb<\/a><\/p>\n","protected":false},"author":1,"featured_media":0,"comment_status":"open","ping_status":"closed","sticky":false,"template":"","format":"standard","meta":{"_bbp_topic_count":0,"_bbp_reply_count":0,"_bbp_total_topic_count":0,"_bbp_total_reply_count":0,"_bbp_voice_count":0,"_bbp_anonymous_reply_count":0,"_bbp_topic_count_hidden":0,"_bbp_reply_count_hidden":0,"_bbp_forum_subforum_count":0,"footnotes":""},"categories":[1,29],"tags":[],"class_list":["post-1090","post","type-post","status-publish","format-standard","hentry","category-general","category-portada"],"post_mailing_queue_ids":[],"_links":{"self":[{"href":"https:\/\/agora.xtec.cat\/cfasegria\/wp-json\/wp\/v2\/posts\/1090","targetHints":{"allow":["GET"]}}],"collection":[{"href":"https:\/\/agora.xtec.cat\/cfasegria\/wp-json\/wp\/v2\/posts"}],"about":[{"href":"https:\/\/agora.xtec.cat\/cfasegria\/wp-json\/wp\/v2\/types\/post"}],"author":[{"embeddable":true,"href":"https:\/\/agora.xtec.cat\/cfasegria\/wp-json\/wp\/v2\/users\/1"}],"replies":[{"embeddable":true,"href":"https:\/\/agora.xtec.cat\/cfasegria\/wp-json\/wp\/v2\/comments?post=1090"}],"version-history":[{"count":2,"href":"https:\/\/agora.xtec.cat\/cfasegria\/wp-json\/wp\/v2\/posts\/1090\/revisions"}],"predecessor-version":[{"id":1093,"href":"https:\/\/agora.xtec.cat\/cfasegria\/wp-json\/wp\/v2\/posts\/1090\/revisions\/1093"}],"wp:attachment":[{"href":"https:\/\/agora.xtec.cat\/cfasegria\/wp-json\/wp\/v2\/media?parent=1090"}],"wp:term":[{"taxonomy":"category","embeddable":true,"href":"https:\/\/agora.xtec.cat\/cfasegria\/wp-json\/wp\/v2\/categories?post=1090"},{"taxonomy":"post_tag","embeddable":true,"href":"https:\/\/agora.xtec.cat\/cfasegria\/wp-json\/wp\/v2\/tags?post=1090"}],"curies":[{"name":"wp","href":"https:\/\/api.w.org\/{rel}","templated":true}]}}