{"id":937,"date":"2019-11-25T14:54:01","date_gmt":"2019-11-25T13:54:01","guid":{"rendered":"http:\/\/agora.xtec.cat\/cfasebastiajuanarbo\/?p=937"},"modified":"2019-11-25T18:32:16","modified_gmt":"2019-11-25T17:32:16","slug":"dia-internacional-per-a-leliminacio-de-la-violencia-envers-les-dones","status":"publish","type":"post","link":"https:\/\/agora.xtec.cat\/cfasebastiajuanarbo\/general\/dia-internacional-per-a-leliminacio-de-la-violencia-envers-les-dones\/","title":{"rendered":"25 de novembre"},"content":{"rendered":"<h2 style=\"text-align: center;\"><strong>Dia internacional per a l&#8217;eliminaci\u00f3 de la viol\u00e8ncia envers les dones<\/strong><\/h2>\n<p style=\"text-align: justify;\">En motiu del Dia internacional per a l&#8217;eliminaci\u00f3 de la viol\u00e8ncia envers les dones, avui dia 25 de novembre ha tingut lloc la xerrada &#8220;Viol\u00e8ncia masclista. Com comen\u00e7a tot?&#8221;, a c\u00e0rrec dels Mossos d&#8217;Esquadra. La xerrada ha anat adre\u00e7ada a l&#8217;alumnat de GES 2 i PPAGM.<\/p>\n<p style=\"text-align: center;\">\r\n\t<div class=\"slideshow_container slideshow_container_style-light\" style=\"height: 300px; \" data-slideshow-id=\"939\" data-style-name=\"style-light\" data-style-version=\"2.3.1\" >\r\n\r\n\t\t\t\t\t<div class=\"slideshow_loading_icon\"><\/div>\r\n\t\t\r\n\t\t<div class=\"slideshow_content\" style=\"display: none;\">\r\n\r\n\t\t\t<div class=\"slideshow_view\">\r\n\t\t\t\t<div class=\"slideshow_slide slideshow_slide_image\">\r\n\t\t\t\t\t\t\t\t\t\t\t<img src=\"https:\/\/agora.xtec.cat\/cfasebastiajuanarbo\/wp-content\/uploads\/usu957\/2019\/11\/xerrada.jpg\" alt=\"xerrada\" width=\"1257\" height=\"888\" \/>\r\n\t\t\t\t\t\t\t\t\t\t<div class=\"slideshow_description_box slideshow_transparent\">\r\n\t\t\t\t\t\t<div class=\"slideshow_title\">xerrada<\/div>\t\t\t\t\t\t\t\t\t\t\t<\/div>\r\n\t\t\t\t<\/div>\r\n\r\n\t\t\t\t\t\t<div style=\"clear: both;\"><\/div><\/div><div class=\"slideshow_view\">\r\n\t\t\t\t<div class=\"slideshow_slide slideshow_slide_image\">\r\n\t\t\t\t\t\t\t\t\t\t\t<img src=\"https:\/\/agora.xtec.cat\/cfasebastiajuanarbo\/wp-content\/uploads\/usu957\/2019\/11\/IMG-20191125-WA0011.jpg\" alt=\"IMG-20191125-WA0011\" width=\"2048\" height=\"1536\" \/>\r\n\t\t\t\t\t\t\t\t\t\t<div class=\"slideshow_description_box slideshow_transparent\">\r\n\t\t\t\t\t\t<div class=\"slideshow_title\">IMG-20191125-WA0011<\/div>\t\t\t\t\t\t\t\t\t\t\t<\/div>\r\n\t\t\t\t<\/div>\r\n\r\n\t\t\t\t\t\t<div style=\"clear: both;\"><\/div><\/div><div class=\"slideshow_view\">\r\n\t\t\t\t<div class=\"slideshow_slide slideshow_slide_image\">\r\n\t\t\t\t\t\t\t\t\t\t\t<img src=\"https:\/\/agora.xtec.cat\/cfasebastiajuanarbo\/wp-content\/uploads\/usu957\/2019\/11\/IMG-20191125-WA0003.jpg\" alt=\"IMG-20191125-WA0003\" width=\"2048\" height=\"2048\" \/>\r\n\t\t\t\t\t\t\t\t\t\t<div class=\"slideshow_description_box slideshow_transparent\">\r\n\t\t\t\t\t\t<div class=\"slideshow_title\">IMG-20191125-WA0003<\/div>\t\t\t\t\t\t\t\t\t\t\t<\/div>\r\n\t\t\t\t<\/div>\r\n\r\n\t\t\t\t\t\t<div style=\"clear: both;\"><\/div><\/div>\r\n\t\t<\/div>\r\n\r\n\t\t<div class=\"slideshow_controlPanel slideshow_transparent\" style=\"display: none;\"><ul><li class=\"slideshow_togglePlay\" data-play-text=\"Visualitza\" data-pause-text=\"Pausa\"><\/li><\/ul><\/div>\r\n\r\n\t\t<div class=\"slideshow_button slideshow_previous slideshow_transparent\" role=\"button\" data-previous-text=\"Anterior\" style=\"display: none;\"><\/div>\r\n\t\t<div class=\"slideshow_button slideshow_next slideshow_transparent\" role=\"button\" data-next-text=\"Seg\u00fcent\" style=\"display: none;\"><\/div>\r\n\r\n\t\t<div class=\"slideshow_pagination\" style=\"display: none;\" data-go-to-text=\"V\u00e9s a la diapositiva\"><div class=\"slideshow_pagination_center\"><\/div><\/div>\r\n\r\n\t\t<!-- WordPress Slideshow Version 2.3.1 -->\r\n\r\n\t\t\t<\/div>\r\n\r\n<\/p>\n","protected":false},"excerpt":{"rendered":"<p>Dia internacional per a l&#8217;eliminaci\u00f3 de la viol\u00e8ncia envers les dones<br \/>\nEn motiu del Dia internacional per a l&#8217;eliminaci\u00f3 de la viol\u00e8ncia envers les dones, avui dia 25 de novembre ha tingut lloc la xerrada &#8220;Viol\u00e8ncia masclista. Com comen\u00e7a tot?&#8221;, a c\u00e0rrec dels Mossos d&#8217;Esquadra. La&hellip;  <a href=\"https:\/\/agora.xtec.cat\/cfasebastiajuanarbo\/general\/dia-internacional-per-a-leliminacio-de-la-violencia-envers-les-dones\/\" title=\"Read 25 de novembre\">Llegeix m\u00e9s\u00bb<\/a><\/p>\n","protected":false},"author":1,"featured_media":938,"comment_status":"open","ping_status":"closed","sticky":false,"template":"","format":"standard","meta":{"_bbp_topic_count":0,"_bbp_reply_count":0,"_bbp_total_topic_count":0,"_bbp_total_reply_count":0,"_bbp_voice_count":0,"_bbp_anonymous_reply_count":0,"_bbp_topic_count_hidden":0,"_bbp_reply_count_hidden":0,"_bbp_forum_subforum_count":0,"footnotes":""},"categories":[59,1,29],"tags":[],"class_list":["post-937","post","type-post","status-publish","format-standard","has-post-thumbnail","hentry","category-centre","category-general","category-portada"],"post_mailing_queue_ids":[],"_links":{"self":[{"href":"https:\/\/agora.xtec.cat\/cfasebastiajuanarbo\/wp-json\/wp\/v2\/posts\/937","targetHints":{"allow":["GET"]}}],"collection":[{"href":"https:\/\/agora.xtec.cat\/cfasebastiajuanarbo\/wp-json\/wp\/v2\/posts"}],"about":[{"href":"https:\/\/agora.xtec.cat\/cfasebastiajuanarbo\/wp-json\/wp\/v2\/types\/post"}],"author":[{"embeddable":true,"href":"https:\/\/agora.xtec.cat\/cfasebastiajuanarbo\/wp-json\/wp\/v2\/users\/1"}],"replies":[{"embeddable":true,"href":"https:\/\/agora.xtec.cat\/cfasebastiajuanarbo\/wp-json\/wp\/v2\/comments?post=937"}],"version-history":[{"count":3,"href":"https:\/\/agora.xtec.cat\/cfasebastiajuanarbo\/wp-json\/wp\/v2\/posts\/937\/revisions"}],"predecessor-version":[{"id":948,"href":"https:\/\/agora.xtec.cat\/cfasebastiajuanarbo\/wp-json\/wp\/v2\/posts\/937\/revisions\/948"}],"wp:featuredmedia":[{"embeddable":true,"href":"https:\/\/agora.xtec.cat\/cfasebastiajuanarbo\/wp-json\/wp\/v2\/media\/938"}],"wp:attachment":[{"href":"https:\/\/agora.xtec.cat\/cfasebastiajuanarbo\/wp-json\/wp\/v2\/media?parent=937"}],"wp:term":[{"taxonomy":"category","embeddable":true,"href":"https:\/\/agora.xtec.cat\/cfasebastiajuanarbo\/wp-json\/wp\/v2\/categories?post=937"},{"taxonomy":"post_tag","embeddable":true,"href":"https:\/\/agora.xtec.cat\/cfasebastiajuanarbo\/wp-json\/wp\/v2\/tags?post=937"}],"curies":[{"name":"wp","href":"https:\/\/api.w.org\/{rel}","templated":true}]}}