{"id":901,"date":"2019-10-31T18:25:34","date_gmt":"2019-10-31T17:25:34","guid":{"rendered":"http:\/\/agora.xtec.cat\/cfasebastiajuanarbo\/?p=901"},"modified":"2019-10-31T18:26:21","modified_gmt":"2019-10-31T17:26:21","slug":"festa-de-la-castanyada-i-del-dia-de-tots-sants","status":"publish","type":"post","link":"https:\/\/agora.xtec.cat\/cfasebastiajuanarbo\/general\/festa-de-la-castanyada-i-del-dia-de-tots-sants\/","title":{"rendered":"Festa de la Castanyada i del dia de Tots Sants"},"content":{"rendered":"<p><img loading=\"lazy\" decoding=\"async\" class=\"aligncenter size-full wp-image-902\" src=\"https:\/\/agora.xtec.cat\/cfasebastiajuanarbo\/wp-content\/uploads\/usu957\/2019\/10\/IMG-20191031-WA0017.jpg\" alt=\"\" width=\"1599\" height=\"1599\" srcset=\"https:\/\/agora.xtec.cat\/cfasebastiajuanarbo\/wp-content\/uploads\/usu957\/2019\/10\/IMG-20191031-WA0017.jpg 1599w, https:\/\/agora.xtec.cat\/cfasebastiajuanarbo\/wp-content\/uploads\/usu957\/2019\/10\/IMG-20191031-WA0017-150x150.jpg 150w, https:\/\/agora.xtec.cat\/cfasebastiajuanarbo\/wp-content\/uploads\/usu957\/2019\/10\/IMG-20191031-WA0017-300x300.jpg 300w, https:\/\/agora.xtec.cat\/cfasebastiajuanarbo\/wp-content\/uploads\/usu957\/2019\/10\/IMG-20191031-WA0017-768x768.jpg 768w, https:\/\/agora.xtec.cat\/cfasebastiajuanarbo\/wp-content\/uploads\/usu957\/2019\/10\/IMG-20191031-WA0017-1024x1024.jpg 1024w\" sizes=\"auto, (max-width: 1599px) 100vw, 1599px\" \/><\/p>\n<p style=\"text-align: justify;\">Aquest curs, a l\u2019Escola d\u2019Adults, hem volgut compartir amb el nostre alumnat la celebraci\u00f3 de la festa de la <strong>Castanyada<\/strong> i del dia de <strong>Tots Sants <\/strong>amb activitats diverses com la redacci\u00f3 d\u2019hist\u00f2ries de terror en angl\u00e8s, la decoraci\u00f3 amb motius de Halloween des del departament de castell\u00e0 i, des del departament de catal\u00e0, el recull de les tradicions diverses en la celebraci\u00f3 en honor als difunts d\u2019arreu del m\u00f3n i la confecci\u00f3 d\u2019un mural amb personatges i llegendes universals relacionats amb el misteri i la mort.<\/p>\n<p style=\"text-align: justify;\">Ha estat molt gratificant poder compartir hist\u00f2ries, llegendes i tradicions d\u2019una festa tan arrelada en les diferents cultures del m\u00f3n.<\/p>\n<p style=\"text-align: justify;\">Esperem que gaudiu de la nit de la Castanyada i del dia de Tots Sants i &#8230;, compte amb els panellets!<\/p>\n","protected":false},"excerpt":{"rendered":"<p>Aquest curs, a l\u2019Escola d\u2019Adults, hem volgut compartir amb el nostre alumnat la celebraci\u00f3 de la festa de la Castanyada i del dia de Tots Sants amb activitats diverses com la redacci\u00f3 d\u2019hist\u00f2ries de terror en angl\u00e8s, la decoraci\u00f3 amb motius de Halloween des del&hellip;  <a href=\"https:\/\/agora.xtec.cat\/cfasebastiajuanarbo\/general\/festa-de-la-castanyada-i-del-dia-de-tots-sants\/\" title=\"Read Festa de la Castanyada i del dia de Tots Sants\">Llegeix m\u00e9s\u00bb<\/a><\/p>\n","protected":false},"author":3,"featured_media":902,"comment_status":"open","ping_status":"closed","sticky":false,"template":"","format":"standard","meta":{"_bbp_topic_count":0,"_bbp_reply_count":0,"_bbp_total_topic_count":0,"_bbp_total_reply_count":0,"_bbp_voice_count":0,"_bbp_anonymous_reply_count":0,"_bbp_topic_count_hidden":0,"_bbp_reply_count_hidden":0,"_bbp_forum_subforum_count":0,"footnotes":""},"categories":[59,1,29],"tags":[],"class_list":["post-901","post","type-post","status-publish","format-standard","has-post-thumbnail","hentry","category-centre","category-general","category-portada"],"post_mailing_queue_ids":[],"_links":{"self":[{"href":"https:\/\/agora.xtec.cat\/cfasebastiajuanarbo\/wp-json\/wp\/v2\/posts\/901","targetHints":{"allow":["GET"]}}],"collection":[{"href":"https:\/\/agora.xtec.cat\/cfasebastiajuanarbo\/wp-json\/wp\/v2\/posts"}],"about":[{"href":"https:\/\/agora.xtec.cat\/cfasebastiajuanarbo\/wp-json\/wp\/v2\/types\/post"}],"author":[{"embeddable":true,"href":"https:\/\/agora.xtec.cat\/cfasebastiajuanarbo\/wp-json\/wp\/v2\/users\/3"}],"replies":[{"embeddable":true,"href":"https:\/\/agora.xtec.cat\/cfasebastiajuanarbo\/wp-json\/wp\/v2\/comments?post=901"}],"version-history":[{"count":1,"href":"https:\/\/agora.xtec.cat\/cfasebastiajuanarbo\/wp-json\/wp\/v2\/posts\/901\/revisions"}],"predecessor-version":[{"id":903,"href":"https:\/\/agora.xtec.cat\/cfasebastiajuanarbo\/wp-json\/wp\/v2\/posts\/901\/revisions\/903"}],"wp:featuredmedia":[{"embeddable":true,"href":"https:\/\/agora.xtec.cat\/cfasebastiajuanarbo\/wp-json\/wp\/v2\/media\/902"}],"wp:attachment":[{"href":"https:\/\/agora.xtec.cat\/cfasebastiajuanarbo\/wp-json\/wp\/v2\/media?parent=901"}],"wp:term":[{"taxonomy":"category","embeddable":true,"href":"https:\/\/agora.xtec.cat\/cfasebastiajuanarbo\/wp-json\/wp\/v2\/categories?post=901"},{"taxonomy":"post_tag","embeddable":true,"href":"https:\/\/agora.xtec.cat\/cfasebastiajuanarbo\/wp-json\/wp\/v2\/tags?post=901"}],"curies":[{"name":"wp","href":"https:\/\/api.w.org\/{rel}","templated":true}]}}