{"id":848,"date":"2019-09-04T13:36:21","date_gmt":"2019-09-04T11:36:21","guid":{"rendered":"http:\/\/agora.xtec.cat\/cfasebastiajuanarbo\/?p=848"},"modified":"2019-09-04T13:37:42","modified_gmt":"2019-09-04T11:37:42","slug":"presentacio-de-materials-per-atendre-a-lalumnat-especialment-vulnerable","status":"publish","type":"post","link":"https:\/\/agora.xtec.cat\/cfasebastiajuanarbo\/general\/presentacio-de-materials-per-atendre-a-lalumnat-especialment-vulnerable\/","title":{"rendered":"Presentaci\u00f3 de materials per atendre a l\u2019alumnat especialment vulnerable"},"content":{"rendered":"<p>El passat 8 de juliol el servei d\u2019Educaci\u00f3 al Llarg de la Vida va organitzar al CESIRE la\u00a0<strong>presentaci\u00f3 d\u2019uns materials particularment creats per a l\u2019atenci\u00f3 de l\u2019alumnat especialment vulnerable.<\/strong>\u00a0A m\u00e9s dels coordinadors territorials de l\u2019educaci\u00f3 d\u2019adults, hi van assistir els equips directius i docents de CFA d\u2019arreu del territori.<\/p>\n<p><a href=\"https:\/\/agora.xtec.cat\/cfasebastiajuanarbo\/wp-content\/uploads\/usu957\/2019\/09\/IMGmats.jpg\"><img loading=\"lazy\" decoding=\"async\" class=\"alignnone size-medium wp-image-849 aligncenter\" src=\"https:\/\/agora.xtec.cat\/cfasebastiajuanarbo\/wp-content\/uploads\/usu957\/2019\/09\/IMGmats-300x169.jpg\" alt=\"\" width=\"300\" height=\"169\" srcset=\"https:\/\/agora.xtec.cat\/cfasebastiajuanarbo\/wp-content\/uploads\/usu957\/2019\/09\/IMGmats-300x169.jpg 300w, https:\/\/agora.xtec.cat\/cfasebastiajuanarbo\/wp-content\/uploads\/usu957\/2019\/09\/IMGmats-768x432.jpg 768w, https:\/\/agora.xtec.cat\/cfasebastiajuanarbo\/wp-content\/uploads\/usu957\/2019\/09\/IMGmats-1024x576.jpg 1024w\" sizes=\"auto, (max-width: 300px) 100vw, 300px\" \/><\/a><\/p>\n<p>Els materials consisteixen en uns m\u00f2duls elaborats per diferents professionals i experts en l\u2019atenci\u00f3 a joves en risc d\u2019exclusi\u00f3.\u00a0La tem\u00e0tica \u00e9s for\u00e7a variada, i s\u2019adequa a les necessitats educatives d\u2019aquest col\u00b7lectiu:<\/p>\n<ul>\n<li style=\"list-style-type: none;\">\n<ul>\n<li style=\"list-style-type: none;\">\n<ul>\n<li>el coneixement del jo i dels altres<\/li>\n<li>el coneixement del m\u00f3n<\/li>\n<li>la creaci\u00f3 audiovisual i experimentaci\u00f3 de les identitats<\/li>\n<li>la introducci\u00f3 a la compet\u00e8ncia digital<\/li>\n<li>la prevenci\u00f3 de la viol\u00e8ncia de g\u00e8nere, relaci\u00f3 d\u2019igualtat i entorns de viol\u00e8ncia.<\/li>\n<\/ul>\n<\/li>\n<\/ul>\n<\/li>\n<\/ul>\n<p>Properament es posaran aquests materials a la disposici\u00f3 dels centres de formaci\u00f3 d\u2019adults que atendran aquesta tipologia d\u2019alumnat el curs que ve.<\/p>\n","protected":false},"excerpt":{"rendered":"<p>El passat 8 de juliol el servei d\u2019Educaci\u00f3 al Llarg de la Vida va organitzar al CESIRE la\u00a0presentaci\u00f3 d\u2019uns materials particularment creats per a l\u2019atenci\u00f3 de l\u2019alumnat especialment vulnerable.\u00a0A m\u00e9s dels coordinadors territorials de l\u2019educaci\u00f3 d\u2019adults, hi van assistir els equips directius i docents de&hellip;  <a href=\"https:\/\/agora.xtec.cat\/cfasebastiajuanarbo\/general\/presentacio-de-materials-per-atendre-a-lalumnat-especialment-vulnerable\/\" title=\"Read Presentaci\u00f3 de materials per atendre a l\u2019alumnat especialment vulnerable\">Llegeix m\u00e9s\u00bb<\/a><\/p>\n","protected":false},"author":1,"featured_media":849,"comment_status":"closed","ping_status":"closed","sticky":false,"template":"","format":"standard","meta":{"_bbp_topic_count":0,"_bbp_reply_count":0,"_bbp_total_topic_count":0,"_bbp_total_reply_count":0,"_bbp_voice_count":0,"_bbp_anonymous_reply_count":0,"_bbp_topic_count_hidden":0,"_bbp_reply_count_hidden":0,"_bbp_forum_subforum_count":0,"footnotes":""},"categories":[1,29],"tags":[],"class_list":["post-848","post","type-post","status-publish","format-standard","has-post-thumbnail","hentry","category-general","category-portada"],"post_mailing_queue_ids":[],"_links":{"self":[{"href":"https:\/\/agora.xtec.cat\/cfasebastiajuanarbo\/wp-json\/wp\/v2\/posts\/848","targetHints":{"allow":["GET"]}}],"collection":[{"href":"https:\/\/agora.xtec.cat\/cfasebastiajuanarbo\/wp-json\/wp\/v2\/posts"}],"about":[{"href":"https:\/\/agora.xtec.cat\/cfasebastiajuanarbo\/wp-json\/wp\/v2\/types\/post"}],"author":[{"embeddable":true,"href":"https:\/\/agora.xtec.cat\/cfasebastiajuanarbo\/wp-json\/wp\/v2\/users\/1"}],"replies":[{"embeddable":true,"href":"https:\/\/agora.xtec.cat\/cfasebastiajuanarbo\/wp-json\/wp\/v2\/comments?post=848"}],"version-history":[{"count":2,"href":"https:\/\/agora.xtec.cat\/cfasebastiajuanarbo\/wp-json\/wp\/v2\/posts\/848\/revisions"}],"predecessor-version":[{"id":851,"href":"https:\/\/agora.xtec.cat\/cfasebastiajuanarbo\/wp-json\/wp\/v2\/posts\/848\/revisions\/851"}],"wp:featuredmedia":[{"embeddable":true,"href":"https:\/\/agora.xtec.cat\/cfasebastiajuanarbo\/wp-json\/wp\/v2\/media\/849"}],"wp:attachment":[{"href":"https:\/\/agora.xtec.cat\/cfasebastiajuanarbo\/wp-json\/wp\/v2\/media?parent=848"}],"wp:term":[{"taxonomy":"category","embeddable":true,"href":"https:\/\/agora.xtec.cat\/cfasebastiajuanarbo\/wp-json\/wp\/v2\/categories?post=848"},{"taxonomy":"post_tag","embeddable":true,"href":"https:\/\/agora.xtec.cat\/cfasebastiajuanarbo\/wp-json\/wp\/v2\/tags?post=848"}],"curies":[{"name":"wp","href":"https:\/\/api.w.org\/{rel}","templated":true}]}}